{"id":1562,"date":"2021-01-04T17:18:12","date_gmt":"2021-01-04T14:18:12","guid":{"rendered":"https:\/\/flags-world.com\/lv\/2021\/01\/04\/irkas-karogs-nozme-un-vsture\/"},"modified":"2021-01-04T17:18:12","modified_gmt":"2021-01-04T14:18:12","slug":"irkas-karogs-nozme-un-vsture","status":"publish","type":"post","link":"https:\/\/flags-world.com\/lv\/irkas-karogs-nozme-un-vsture\/","title":{"rendered":"Ir\u0101kas karogs: noz\u012bme un v\u0113sture"},"content":{"rendered":"<p style=\"text-align: justify\">Ir\u0101kas karogs &#8211; viena no galvenaj\u0101m \u0161\u012bs valsts valstiskuma paz\u012bm\u0113m. \u0160odienas Ir\u0101kas Republikas karogs ir diezgan jauns: valsts parlaments to pie\u0146\u0113ma 2008.<\/p>\n<p style=\"text-align: justify\">T\u0101tad m\u016bsdienu Ir\u0101kas karogs izskat\u0101s:<\/p>\n<p style=\"text-align: justify\"><span itemprop=\"image\" itemscope itemtype=\"https:\/\/schema.org\/ImageObject\"><img itemprop=\"url image\" loading=\"lazy\" decoding=\"async\" class=\"alignnone size-full wp-image-3320\" src=\"\/wp-content\/uploads\/2021\/01\/flag-of-iraq_1.png\" width=\"500\" height=\"333\" alt=\"Ir\u0101kas karogs-1\" \/><meta itemprop=\"width\" content=\"500\"><meta itemprop=\"height\" content=\"333\"><\/span><\/p>\n<h2 style=\"text-align: justify\">Ir\u0101kas v\u0113stures karogs<\/h2>\n<p style=\"text-align: justify\">Tikai 98 neatkar\u012bbas gados Ir\u0101ka nomain\u012bja 7 karogus. Pirmais Ir\u0101kas karogs bija audekls, t\u0101pat k\u0101 m\u016bsdienu Jord\u0101nijas karogs: tr\u012bs sv\u012btras horizont\u0101li kr\u0101sotas meln\u0101, balt\u0101 un za\u013c\u0101 kr\u0101s\u0101 ar sarkanu tr\u012bsst\u016bri kreisaj\u0101 mal\u0101.<\/p>\n<p style=\"text-align: justify\"><span itemprop=\"image\" itemscope itemtype=\"https:\/\/schema.org\/ImageObject\"><img itemprop=\"url image\" loading=\"lazy\" decoding=\"async\" class=\"alignnone size-full wp-image-3321\" src=\"\/wp-content\/uploads\/2021\/01\/flag-of-iraq_2.png\" width=\"500\" height=\"250\" alt=\"Ir\u0101kas karogs-2\" \/><meta itemprop=\"width\" content=\"500\"><meta itemprop=\"height\" content=\"250\"><\/span><\/p>\n<p style=\"text-align: justify\">3 gadus v\u0113l\u0101k (1924. gad\u0101) vi\u0146\u0161 tika p\u0101rveidots: tr\u012bsst\u016bris karoga kreisaj\u0101 pus\u0113 tika sa\u012bsin\u0101ts l\u012bdz \u0123eometriskas trapeces st\u0101voklim. Taj\u0101 pa\u0161\u0101 att\u0113l\u0101 tika novietotas divas baltas zvaigznes ar septi\u0146\u0101m virsotn\u0113m.<\/p>\n<p style=\"text-align: justify\"><span itemprop=\"image\" itemscope itemtype=\"https:\/\/schema.org\/ImageObject\"><img itemprop=\"url image\" loading=\"lazy\" decoding=\"async\" class=\"alignnone size-full wp-image-3322\" src=\"\/wp-content\/uploads\/2021\/01\/flag-of-iraq_3.png\" width=\"500\" height=\"250\" alt=\"Ir\u0101kas karogs-3\" \/><meta itemprop=\"width\" content=\"500\"><meta itemprop=\"height\" content=\"250\"><\/span><\/p>\n<p style=\"text-align: justify\">\u0160\u0101d\u0101 form\u0101 karogs past\u0101v\u0113ja 35 gadus. 20. gadsimta 50. gadu otraj\u0101 pus\u0113 Ir\u0101k\u0101 notika bru\u0146oti nemieri, kuru rezult\u0101t\u0101 vald\u012bja monarhisk\u0101 \u0123imene. Tas atspogu\u013coj\u0101s pa\u0161vald\u012bbas karog\u0101, kas par\u0101d\u012bj\u0101s pavisam jaun\u0101 izskat\u0101: tagad tas ir saloc\u012bts no trim vertik\u0101l\u0101m josl\u0101m, nokr\u0101sotas attiec\u012bgi meln\u0101, balt\u0101 un za\u013c\u0101 kr\u0101s\u0101. Uz centr\u0101l\u0101s balt\u0101s joslas, to neskaitot, bija sarkana fig\u016bra sp\u012bduma form\u0101 ar septi\u0146\u0101m virsotn\u0113m un dzeltenu apli centr\u0101. T\u0101da saule tika pievienota karogam ne tikai t\u0101 &#8211; dzelten\u0101 kr\u0101sa noz\u012bm\u0113ja kurdu iedz\u012bvot\u0101jus Ukrainu, bet sarkan\u0101 &#8211; \u0161\u012bs valsts as\u012brie\u0161u tautu.<\/p>\n<p style=\"text-align: justify\"><span itemprop=\"image\" itemscope itemtype=\"https:\/\/schema.org\/ImageObject\"><img itemprop=\"url image\" loading=\"lazy\" decoding=\"async\" class=\"alignnone size-full wp-image-3323\" src=\"\/wp-content\/uploads\/2021\/01\/flag-of-iraq_4.png\" width=\"500\" height=\"250\" alt=\"Ir\u0101kas karogs-4\" \/><meta itemprop=\"width\" content=\"500\"><meta itemprop=\"height\" content=\"250\"><\/span><\/p>\n<p style=\"text-align: justify\">Bet \u0161is karogs \u012bsu laiku palika Ir\u0101kas z\u012bme &#8211; p\u0113c 4 gadiem valst\u012b atkal notika armijas apv\u0113rsums. Jaunais pa\u0161vald\u012bbas karogs bija audekls, kas izloc\u012bts no tr\u012bs sekojo\u0161u kr\u0101su josl\u0101m: sarkana, balta un melna. Tie bija vien\u0101di un novietoti horizont\u0101li. Karoga vid\u016b bija izvietotas tr\u012bs za\u013cas zvaigznes. Zvaigznes uz karoga apz\u012bm\u0113ja politisk\u0101s partijas Baas valdo\u0161\u0101s (un taj\u0101 laik\u0101 vien\u012bg\u0101s likum\u012bg\u0101s Ir\u0101k\u0101) deklar\u0113tos m\u0113r\u0137us: &quot;Vienot\u012bba&quot;, &quot;Br\u012bv\u012bba&quot;, &quot;Soci\u0101lisms&quot;.<\/p>\n<p style=\"text-align: justify\"><span itemprop=\"image\" itemscope itemtype=\"https:\/\/schema.org\/ImageObject\"><img itemprop=\"url image\" loading=\"lazy\" decoding=\"async\" class=\"alignnone size-full wp-image-3324\" src=\"\/wp-content\/uploads\/2021\/01\/flag-of-iraq_5.png\" width=\"500\" height=\"333\" alt=\"Ir\u0101kas karogs-5\" \/><meta itemprop=\"width\" content=\"500\"><meta itemprop=\"height\" content=\"333\"><\/span><\/p>\n<p style=\"text-align: justify\">1991. gad\u0101 karogs tika papildin\u0101ts ar lipekli (fr\u0101ze &quot;Allah Akbar!&quot;) Rakst\u012bjis Ir\u0101kas diktatora Sadama Huseina gods. Huseina g\u0101\u0161anas beig\u0101s 2004. gad\u0101 Tabj\u0113 s\u0101ka rakst\u012bt uz labas ar\u0101bu burta karoga.<\/p>\n<p style=\"text-align: justify\"><span itemprop=\"image\" itemscope itemtype=\"https:\/\/schema.org\/ImageObject\"><img itemprop=\"url image\" loading=\"lazy\" decoding=\"async\" class=\"alignnone size-full wp-image-3325\" src=\"\/wp-content\/uploads\/2021\/01\/flag-of-iraq_6.png\" width=\"500\" height=\"333\" alt=\"Ir\u0101kas karogs-6\" \/><meta itemprop=\"width\" content=\"500\"><meta itemprop=\"height\" content=\"333\"><\/span> <span itemprop=\"image\" itemscope itemtype=\"https:\/\/schema.org\/ImageObject\"><img itemprop=\"url image\" loading=\"lazy\" decoding=\"async\" class=\"alignnone size-full wp-image-3326\" src=\"\/wp-content\/uploads\/2021\/01\/flag-of-iraq_7.png\" width=\"500\" height=\"333\" alt=\"Ir\u0101kas karogs-7\" \/><meta itemprop=\"width\" content=\"500\"><meta itemprop=\"height\" content=\"333\"><\/span><\/p>\n<p style=\"text-align: justify\">P\u0113d\u0113j\u0101 konfigur\u0101cija \u0161aj\u0101 dien\u0101 Ir\u0101kas karog\u0101 notika 2008. gad\u0101: karogam nebija za\u013cu zvaig\u017e\u0146u.<\/p>\n<h3 style=\"text-align: justify\">Bez karoga<\/h3>\n<p style=\"text-align: justify\">Sadama Huseina diktatorisk\u0101 re\u017e\u012bma g\u0101\u0161anas beig\u0101s izskan\u0113ja priek\u0161likums pa\u0146emt karogu, kas nepavisam nel\u012bdzin\u0101s nevienam v\u0113sturiskam Ir\u0101kas audumam. Tas tika iz\u0161\u0137iests no baltas dr\u0101nas ar 3 \u0161aur\u0101m sv\u012btr\u0101m apak\u0161\u0101 (kr\u0101su sv\u012btras &#8211; zila, dzeltena, zila). Uz \u013coti balta auduma bija att\u0113lots zado-zils pusm\u0113ness.<\/p>\n<p style=\"text-align: justify\">Zilais pusm\u0113ness uz \u0161\u012bs Ir\u0101kas karoga versijas att\u0113loja isl\u0101ma z\u012bmi, divas zilas sv\u012btras &#8211; Ir\u0101kas Liel\u0101s upes (Eifrata un T\u012b\u0123eris) un dzelteno l\u012bniju &#8211; kurdu civiliz\u0101ciju. Bet \u0161\u012b valsts z\u012bmes versija neieguva popularit\u0101ti no Ir\u0101kas ar\u0101biem: vi\u0146\u0161 tika uzskat\u012bts par \u013coti l\u012bdz\u012bgu Izra\u0113las Tricolor.<\/p>\n<h2 style=\"text-align: justify\">Apraksts Ir\u0101kas karogs<\/h2>\n<p style=\"text-align: justify\">Pa\u0161reiz\u0113jais Ir\u0101kas karogs, kas pie\u0146emts 2008.\u00a0gad\u0101, izskat\u0101s k\u0101 taisnst\u016bra formas audums no trim horizont\u0101l\u0101m vien\u0101d\u0101m sloksn\u0113m. No aug\u0161as uz leju sv\u012btr\u0101m ir sarkanas, baltas un melnas kr\u0101sas. Audekla centr\u0101 (uz balt\u0101s joslas) ir att\u0113lots uzraksts &quot;Allahi Akbar!&quot;, Rakst\u012bts ne maz\u0101 font\u0101 ar labu ar\u0101bu burtu.<\/p>\n<h2 style=\"text-align: justify\">Noz\u012bm\u0113 kr\u0101sas un karoga z\u012bme<\/h2>\n<p style=\"text-align: justify\">Ir\u0101kas karoga sarkan\u0101 kr\u0101sa &#8211; simbols c\u012b\u0146ai pret isl\u0101ma ienaidniekiem. Balt\u0101 kr\u0101sa defin\u0113 ar\u0101bu mui\u017eniec\u012bbu un mui\u017eniec\u012bbu. Melns &#8211; pag\u0101tnes Ir\u0101kas cilv\u0113ki un valstis. Za\u013c\u0101 kr\u0101sa, uz kuras karoga bija uzraksts &quot;Allahi Akbar!&quot;- nav slikt\u0101 isl\u0101ma pasaules kr\u0101sa.<\/p>\n<p style=\"text-align: justify\">Ir ar\u012b cita \u0161o rakstz\u012bmju un kr\u0101su interpret\u0101cija, saska\u0146\u0101 ar kuru sarkan\u0101 tiek uzskat\u012bta par DOISLABLE ar\u0101bu ar\u0101bu reli\u0123ijas kr\u0101su, balt\u0101 &#8211; visas pasaules ar\u0101bu vienot\u012bbas kr\u0101su, bet meln\u0101 &#8211; par ar\u0101bu reli\u0123ijas kr\u0101su. kauj\u0101s kritu\u0161o b\u0113das.<\/p>\n<h2 style=\"text-align: justify\">Nespecializ\u0113ta inform\u0101cija par Ir\u0101ku<\/h2>\n<table>\n<tbody>\n<tr style=\"text-align: justify\">\n<td>Ofici\u0101l\u0101 valoda<\/td>\n<td>ar\u0101bu un kurdu<\/td>\n<\/tr>\n<tr style=\"text-align: justify\">\n<td>Kapit\u0101ls<\/td>\n<td>Bagd\u0101de<\/td>\n<\/tr>\n<tr style=\"text-align: justify\">\n<td>Teritorija<\/td>\n<td>435 052 km2<\/td>\n<\/tr>\n<tr style=\"text-align: justify\">\n<td>Popul\u0101cija<\/td>\n<td>37 056 169 cilv\u0113ki<\/td>\n<\/tr>\n<tr style=\"text-align: justify\">\n<td>Val\u016bta<\/td>\n<td>Ir\u0101kas din\u0101rs (IQD, kods 368)<\/td>\n<\/tr>\n<tr>\n<td style=\"text-align: justify\">Telefona kods<\/td>\n<td style=\"text-align: justify\">+964<\/td>\n<\/tr>\n<\/tbody>\n<\/table>\n","protected":false},"excerpt":{"rendered":"<p>Ir\u0101kas karogs &#8211; viena no galvenaj\u0101m \u0161\u012bs valsts valstiskuma paz\u012bm\u0113m. \u0160odienas Ir\u0101kas Republikas karogs ir diezgan jauns: valsts parlaments to pie\u0146\u0113ma 2008. T\u0101tad m\u016bsdienu Ir\u0101kas karogs izskat\u0101s: Ir\u0101kas&#8230;<\/p>\n","protected":false},"author":1,"featured_media":5844,"comment_status":"open","ping_status":"open","sticky":false,"template":"","format":"standard","meta":{"footnotes":""},"categories":[2],"tags":[],"class_list":["post-1562","post","type-post","status-publish","format-standard","has-post-thumbnail","","category-zijas-karogi"],"aioseo_notices":[],"_links":{"self":[{"href":"https:\/\/flags-world.com\/lv\/wp-json\/wp\/v2\/posts\/1562","targetHints":{"allow":["GET"]}}],"collection":[{"href":"https:\/\/flags-world.com\/lv\/wp-json\/wp\/v2\/posts"}],"about":[{"href":"https:\/\/flags-world.com\/lv\/wp-json\/wp\/v2\/types\/post"}],"author":[{"embeddable":true,"href":"https:\/\/flags-world.com\/lv\/wp-json\/wp\/v2\/users\/1"}],"replies":[{"embeddable":true,"href":"https:\/\/flags-world.com\/lv\/wp-json\/wp\/v2\/comments?post=1562"}],"version-history":[{"count":0,"href":"https:\/\/flags-world.com\/lv\/wp-json\/wp\/v2\/posts\/1562\/revisions"}],"wp:featuredmedia":[{"embeddable":true,"href":"https:\/\/flags-world.com\/lv\/wp-json\/wp\/v2\/media\/5844"}],"wp:attachment":[{"href":"https:\/\/flags-world.com\/lv\/wp-json\/wp\/v2\/media?parent=1562"}],"wp:term":[{"taxonomy":"category","embeddable":true,"href":"https:\/\/flags-world.com\/lv\/wp-json\/wp\/v2\/categories?post=1562"},{"taxonomy":"post_tag","embeddable":true,"href":"https:\/\/flags-world.com\/lv\/wp-json\/wp\/v2\/tags?post=1562"}],"curies":[{"name":"wp","href":"https:\/\/api.w.org\/{rel}","templated":true}]}}