{"id":1560,"date":"2021-01-04T17:18:12","date_gmt":"2021-01-04T14:18:12","guid":{"rendered":"https:\/\/flags-world.com\/lv\/2021\/01\/04\/indonzijas-karogs-nozme-un-krsoana\/"},"modified":"2021-01-04T17:18:12","modified_gmt":"2021-01-04T14:18:12","slug":"indonzijas-karogs-nozme-un-krsoana","status":"publish","type":"post","link":"https:\/\/flags-world.com\/lv\/indonzijas-karogs-nozme-un-krsoana\/","title":{"rendered":"Indon\u0113zijas karogs: noz\u012bme un kr\u0101so\u0161ana"},"content":{"rendered":"<p style=\"text-align: justify\">Indon\u0113zija &#8211; \u0100zijas valsts, kas atrodas uz t\u016bksto\u0161 vulk\u0101nisko salu. T\u0101 ir slavena ar savu at\u0161\u0137ir\u012bgo kult\u016bru, senatn\u012bgo dabu un eleganto infrastrukt\u016bru. Valsts v\u0113sture ir bag\u0101ta un pla\u0161a. Valsts nekad nav st\u0101v\u0113jusi uz vietas, un iniciat\u012bva att\u012bst\u012bj\u0101s. Un kop\u0101 ar to main\u012bj\u0101s un galven\u0101 Indon\u0113zijas z\u012bme &#8211; t\u0101s karogs.<\/p>\n<p style=\"text-align: justify\">T\u0101tad m\u016bsdienu Indon\u0113zijas karogs izskat\u0101s:<\/p>\n<p style=\"text-align: justify\"><span itemprop=\"image\" itemscope itemtype=\"https:\/\/schema.org\/ImageObject\"><img itemprop=\"url image\" loading=\"lazy\" decoding=\"async\" class=\"alignnone size-full wp-image-3334\" src=\"\/wp-content\/uploads\/2021\/01\/flag-of-indonesia_1.png\" width=\"500\" height=\"333\" alt=\"Indon\u0113zijas karogs-1\" \/><meta itemprop=\"width\" content=\"500\"><meta itemprop=\"height\" content=\"333\"><\/span><\/p>\n<h2 style=\"text-align: justify\">Izcel\u0161an\u0101s v\u0113sture<\/h2>\n<p style=\"text-align: justify\">K\u0101 pamats m\u016bsdienu Indon\u0113zijas karogam, Majapakhitas karalistes karogam, kas tika sakrauts Javas salas reljef\u0101. Vi\u0146\u0161 izskat\u012bj\u0101s k\u0101 taisnst\u016brveida audums ar devi\u0146\u0101m horizont\u0101l\u0101m main\u012bg\u0101m sv\u012btr\u0101m \u2013 sarkan\u0101m un balt\u0101m.<\/p>\n<p style=\"text-align: justify\"><span itemprop=\"image\" itemscope itemtype=\"https:\/\/schema.org\/ImageObject\"><img itemprop=\"url image\" loading=\"lazy\" decoding=\"async\" class=\"alignnone size-full wp-image-3335\" src=\"\/wp-content\/uploads\/2021\/01\/flag-of-indonesia_2.png\" width=\"500\" height=\"333\" alt=\"Indon\u0113zijas karogs-2\" \/><meta itemprop=\"width\" content=\"500\"><meta itemprop=\"height\" content=\"333\"><\/span><\/p>\n<p style=\"text-align: justify\">Gados un divdesmit\u0101 gadsimta 20. pus\u0113 Indon\u0113zijas studenti, kuri tolaik ieguva izgl\u012bt\u012bbu Holand\u0113, izveidoja savu bezmaksas studentu asoci\u0101ciju. Vi\u0146i izv\u0113l\u0113j\u0101s Sarkano un Balto karogu, kura centr\u0101 mais\u012bj\u0101s liellopa galvas att\u0113ls.<\/p>\n<p style=\"text-align: justify\">XX gadsimta 20. gadu otraj\u0101 pus\u0113 Indon\u0113zijas pa\u0161vald\u012bbas partija pie\u0146\u0113ma studentu karogu k\u0101 savas partijas z\u012bmi. V\u0113l\u0101k to izmantoja D\u017eakart\u0101 Studentu kongres\u0101.<\/p>\n<blockquote>\n<p style=\"text-align: justify\">1945. gad\u0101, 17. august\u0101, Indon\u0113zija k\u013cuva par br\u012bvvalsti, un Sarkanbaltais valsts karogs Sukarno vad\u012bb\u0101 \u0161eit stingri nostiprin\u0101j\u0101s k\u0101 pa\u0161vald\u012bba.<\/p>\n<\/blockquote>\n<h2 style=\"text-align: justify\">Otr\u0101 v\u0113sture<\/h2>\n<p style=\"text-align: justify\">Ir Indon\u0113zijas karoga izcelsmes 2. versija. Daudzi p\u0113tnieki l\u016bdz, lai indon\u0113zie\u0161i ie\u0146\u0113ma Holandes karogu toreiz, taj\u0101 laik\u0101, taj\u0101 laik\u0101, taj\u0101 laik\u0101, kad vi\u0146i beidza b\u016bt vi\u0146as kolonija. No\u0146emot zilo kr\u0101su no karoga kr\u0101sojuma un atst\u0101jot tikai baltu un sarkanu, indon\u0113zie\u0161i, \u0161\u0137iet, atbr\u012bvoj\u0101s no N\u012bderlandes &quot;zilaj\u0101m asin\u012bm&quot;.<\/p>\n<h2 style=\"text-align: justify\">K\u0101 izskat\u0101s?<\/h2>\n<p style=\"text-align: justify\">Indon\u0113zijas karogs ir taisnst\u016brveida audekls, kas sast\u0101v no 2 vien\u0101d\u0101m horizont\u0101l\u0101m sv\u012btr\u0101m. Sarkana sv\u012btra &#8211; aug\u0161\u0101, balta &#8211; apak\u0161\u0101. Platums attiecas uz garumu, piem\u0113ram, 5:3.<\/p>\n<p style=\"text-align: justify\">\u0100rpus karoga ir atg\u0101din\u0101ts Monako, Polijas un Singap\u016bras karogs.<\/p>\n<p style=\"text-align: justify\"><span itemprop=\"image\" itemscope itemtype=\"https:\/\/schema.org\/ImageObject\"><img itemprop=\"url image\" loading=\"lazy\" decoding=\"async\" class=\"alignnone size-full wp-image-3336\" src=\"\/wp-content\/uploads\/2021\/01\/flag-of-indonesia_3.png\" width=\"500\" height=\"312\" alt=\"Indon\u0113zijas karogs-3\" \/><meta itemprop=\"width\" content=\"500\"><meta itemprop=\"height\" content=\"312\"><\/span><\/p>\n<p style=\"text-align: justify\">Un sakar\u0101 ar l\u012bdz\u012bb\u0101m ar Monako karogu Indon\u0113zij\u0101, neskaitot, \u0161is skand\u0101ls izc\u0113l\u0101s. Toreiz, kam\u0113r karogu apstiprin\u0101ja, Monako izvirz\u012bja protestu, kas tika noraid\u012bts, ja Indon\u0113zijas karogs ir sen\u0101ks nek\u0101 Monako karogs.<\/p>\n<p style=\"text-align: justify\">Galu gal\u0101 valstu karogi ir at\u0161\u0137ir\u012bgi. Monako karoga garuma attiec\u012bba un platums\u00a0\u2014 5:4 un Indon\u0113zijas karoga\u00a0\u2014 5:3.<\/p>\n<p style=\"text-align: justify\"><span itemprop=\"image\" itemscope itemtype=\"https:\/\/schema.org\/ImageObject\"><img itemprop=\"url image\" loading=\"lazy\" decoding=\"async\" class=\"alignnone size-full wp-image-3337\" src=\"\/wp-content\/uploads\/2021\/01\/flag-of-indonesia_4.png\" width=\"500\" height=\"400\" alt=\"Indon\u0113zijas karogs-4\" \/><meta itemprop=\"width\" content=\"500\"><meta itemprop=\"height\" content=\"400\"><\/span><\/p>\n<p style=\"text-align: justify\">Uz Singap\u016bras karoga var redz\u0113t 5 zvaigznes un pusm\u0113ness, un Polijas karoga balt\u0101 kr\u0101sa ir aug\u0161pus\u0113, bet sarkan\u0101 &#8211; apak\u0161\u0101.<\/p>\n<p style=\"text-align: justify\"><span itemprop=\"image\" itemscope itemtype=\"https:\/\/schema.org\/ImageObject\"><img itemprop=\"url image\" loading=\"lazy\" decoding=\"async\" class=\"alignnone size-full wp-image-3338\" src=\"\/wp-content\/uploads\/2021\/01\/flag-of-indonesia_5.png\" width=\"500\" height=\"333\" alt=\"Indon\u0113zijas karogs-5\" \/><meta itemprop=\"width\" content=\"500\"><meta itemprop=\"height\" content=\"333\"><\/span><\/p>\n<h2 style=\"text-align: justify\">Noz\u012bm\u0113 kr\u0101sas un karoga z\u012bme<\/h2>\n<p style=\"text-align: justify\">Viet\u0113j\u0101 valod\u0101 karogu sauc par &quot;Sang Saka Merah-Putih&quot;, kas burtiski liecina par &quot;Sv\u0113to balto-sarkano&quot; vai vienk\u0101r\u0161i &quot;Merah-Putih&quot;.<\/p>\n<p style=\"text-align: justify\">Neskaitot to, to sauc par &quot;Bender Pusaka&quot; (&quot;Karoga relikvija&quot;). Tie\u0161i uzaudzin\u0101ja vi\u0146u net\u0101lu no prezidenta Sukarno m\u0101jas 1945. gada 17. august\u0101, taj\u0101 laik\u0101, kad Indon\u0113zija k\u013cuva par br\u012bvvalsti. \u0160\u0101 karoga ori\u0123in\u0101ls tika uz\u0161\u016bts Fatmavati Sukarno. Jau 23 gadus tas tiek tie\u0161i pacelts 17. august\u0101 prezidenta pils priek\u0161\u0101. Gal\u012bgie laiki taj\u0101 laik\u0101, kad vi\u0146\u0161 tika audzin\u0101ts, bija 20. gadsimta 60. gadu otraj\u0101 pus\u0113, un v\u0113l\u0101k vi\u0146\u0161 tika main\u012bts uz reprodukciju, jo m\u0113s baid\u012bj\u0101mies nogalin\u0101t ori\u0123in\u0101lu.<\/p>\n<p style=\"text-align: justify\">Kr\u0101sa past\u0101v\u012bgi nes noteiktu att\u0113lu:<\/p>\n<ol style=\"text-align: justify\">\n<li>Sarkan\u0101 kr\u0101sa personific\u0113 cilv\u0113ka asinis un visu re\u0101l\u0101s pasaules fizisko likteni.<\/li>\n<li>Balt\u0101 kr\u0101sa nes cilv\u0113ka gar\u012bg\u0101s pasaules noz\u012bmi, vi\u0146a drosmi, domu t\u012br\u012bbu un pa\u0161u dz\u012bvi.<\/li>\n<\/ol>\n<blockquote>\n<p style=\"text-align: justify\">Apvienojot sarkano un balto, veido \u0137ermeni un gara vienot\u012bbu, personific\u0113 drosmi, piln\u012bbu un t\u012br\u012bbu.<\/p>\n<\/blockquote>\n<p style=\"text-align: justify\">Aborig\u0113nu salai Java ir sarkana, taj\u0101 ir m\u0101tes m\u012blest\u012bbas z\u012bme, bet Balt\u0101 &#8211; T\u0113vs. Taj\u0101 laik\u0101, laik\u0101, kad abas kr\u0101sas ir savienotas vienot\u0101, dzimst jauna n\u0101kotne.<\/p>\n<p style=\"text-align: justify\">Karogs Vismaz k\u0101da konkr\u0113ta valsts ir vi\u0146a priek\u0161roc\u012bbas un relikvijas. Indon\u0113zijas karogs saglab\u0101 ce\u013cu un v\u0113sturi, ko \u0161\u012b valsts ir paveikusi ce\u013c\u0101 uz br\u012bv\u012bbu un neatkar\u012bbu. Karoga noz\u012bme ir tie\u0161a, jo Indon\u0113zij\u0101 to nov\u0113rt\u0113 &#8211; dz\u012bv\u012bba, \u0137ermenis un t\u012br\u012bba un gara vienot\u012bba.<\/p>\n<h2 style=\"text-align: justify\">Nespecializ\u0113ta inform\u0101cija par Indon\u0113ziju<\/h2>\n<table>\n<tbody>\n<tr style=\"text-align: justify\">\n<td>Ofici\u0101l\u0101 valoda<\/td>\n<td>Indon\u0113zie\u0161u<\/td>\n<\/tr>\n<tr style=\"text-align: justify\">\n<td>Kapit\u0101ls<\/td>\n<td>D\u017eakarta<\/td>\n<\/tr>\n<tr style=\"text-align: justify\">\n<td>Teritorija<\/td>\n<td>1 919 440 km2<\/td>\n<\/tr>\n<tr style=\"text-align: justify\">\n<td>Popul\u0101cija<\/td>\n<td>266 357 297 cilv\u0113ki<\/td>\n<\/tr>\n<tr style=\"text-align: justify\">\n<td>Val\u016bta<\/td>\n<td>Indon\u0113zijas r\u016bpija (IDR, kods 360)<\/td>\n<\/tr>\n<tr>\n<td style=\"text-align: justify\">Telefona kods<\/td>\n<td style=\"text-align: justify\">+62<\/td>\n<\/tr>\n<\/tbody>\n<\/table>\n","protected":false},"excerpt":{"rendered":"<p>Indon\u0113zija &#8211; \u0100zijas valsts, kas atrodas uz t\u016bksto\u0161 vulk\u0101nisko salu. T\u0101 ir slavena ar savu at\u0161\u0137ir\u012bgo kult\u016bru, senatn\u012bgo dabu un eleganto infrastrukt\u016bru. Valsts v\u0113sture ir bag\u0101ta un pla\u0161a&#8230;.<\/p>\n","protected":false},"author":1,"featured_media":5843,"comment_status":"open","ping_status":"open","sticky":false,"template":"","format":"standard","meta":{"footnotes":""},"categories":[2],"tags":[],"class_list":["post-1560","post","type-post","status-publish","format-standard","has-post-thumbnail","","category-zijas-karogi"],"aioseo_notices":[],"_links":{"self":[{"href":"https:\/\/flags-world.com\/lv\/wp-json\/wp\/v2\/posts\/1560","targetHints":{"allow":["GET"]}}],"collection":[{"href":"https:\/\/flags-world.com\/lv\/wp-json\/wp\/v2\/posts"}],"about":[{"href":"https:\/\/flags-world.com\/lv\/wp-json\/wp\/v2\/types\/post"}],"author":[{"embeddable":true,"href":"https:\/\/flags-world.com\/lv\/wp-json\/wp\/v2\/users\/1"}],"replies":[{"embeddable":true,"href":"https:\/\/flags-world.com\/lv\/wp-json\/wp\/v2\/comments?post=1560"}],"version-history":[{"count":0,"href":"https:\/\/flags-world.com\/lv\/wp-json\/wp\/v2\/posts\/1560\/revisions"}],"wp:featuredmedia":[{"embeddable":true,"href":"https:\/\/flags-world.com\/lv\/wp-json\/wp\/v2\/media\/5843"}],"wp:attachment":[{"href":"https:\/\/flags-world.com\/lv\/wp-json\/wp\/v2\/media?parent=1560"}],"wp:term":[{"taxonomy":"category","embeddable":true,"href":"https:\/\/flags-world.com\/lv\/wp-json\/wp\/v2\/categories?post=1560"},{"taxonomy":"post_tag","embeddable":true,"href":"https:\/\/flags-world.com\/lv\/wp-json\/wp\/v2\/tags?post=1560"}],"curies":[{"name":"wp","href":"https:\/\/api.w.org\/{rel}","templated":true}]}}