{"id":1558,"date":"2021-01-04T17:18:12","date_gmt":"2021-01-04T14:18:12","guid":{"rendered":"https:\/\/flags-world.com\/lv\/2021\/01\/04\/gvinejas-karogs\/"},"modified":"2021-01-04T17:18:12","modified_gmt":"2021-01-04T14:18:12","slug":"gvinejas-karogs","status":"publish","type":"post","link":"https:\/\/flags-world.com\/lv\/gvinejas-karogs\/","title":{"rendered":"Gvinejas karogs"},"content":{"rendered":"<p style=\"text-align: justify\">Gvinejas karogs atspogu\u013co v\u0113sturiskus aktus un sniedz inform\u0101ciju par viet\u0113jo dabu. Simboliem un kr\u0101s\u0101m ir \u012bpa\u0161a noz\u012bme valsts kult\u016br\u0101.<\/p>\n<p style=\"text-align: justify\">T\u0101tad Gvinejas karogs izskat\u0101s:<\/p>\n<p style=\"text-align: justify\"><span itemprop=\"image\" itemscope itemtype=\"https:\/\/schema.org\/ImageObject\"><img itemprop=\"url image\" loading=\"lazy\" decoding=\"async\" class=\"alignnone size-full wp-image-3348\" src=\"\/wp-content\/uploads\/2021\/01\/flag-of-guinea_1.png\" width=\"500\" height=\"333\" alt=\"Gvinejas karogs-1\" \/><meta itemprop=\"width\" content=\"500\"><meta itemprop=\"height\" content=\"333\"><\/span><\/p>\n<h2 style=\"text-align: justify\">Gvinejas v\u0113stures karogs<\/h2>\n<p style=\"text-align: justify\">1895. gad\u0101 Gvineja k\u013cuva par da\u013cu no Francijas Rietum\u0101frikas, savuk\u0101rt 1904. gad\u0101, beidzoties Losas salas britu p\u0101rraidei, fran\u010di bija koloni\u0101l\u0101s robe\u017eas. Francija kolonijas past\u0101v\u0113\u0161anas laik\u0101, kurai Gvinneram at\u0146emtas politisk\u0101s ties\u012bbas. Valsts iedz\u012bvot\u0101jiem bija j\u0101maks\u0101 nodok\u013ci, j\u0101str\u0101d\u0101 bez atl\u012bdz\u012bbas un j\u0101dien\u0113 armij\u0101.<\/p>\n<p style=\"text-align: justify\">V\u0113l\u0113\u0161anu teritori\u0101l\u0101 asambleja Gvinej\u0101 tika izveidota 20. gadsimta 20. gadu otraj\u0101 pus\u0113, saska\u0146ojot ar Francijas vald\u012bbas reakciju. Pamaz\u0101m main\u012bj\u0101m nosac\u012bjumus tiem, kuri v\u0113las piedal\u012bties balsojum\u0101. 1957.\u00a0gada v\u0113l\u0113\u0161anas bija pieaugu\u0161ie iedz\u012bvot\u0101ji, kas dz\u012bvoja kolonijas teritorij\u0101.<\/p>\n<blockquote>\n<p style=\"text-align: justify\">Atsauce! Vald\u012bbas padome tika izgl\u012btota ar \u0161o, gl\u012bt\u0101s varas vald\u012bbu, kur\u0101 iek\u013cuva gvinejie\u0161i.<\/p>\n<\/blockquote>\n<p style=\"text-align: justify\">Gvinejas Demokr\u0101tisk\u0101 partija (DPG), kuru vad\u012bja aktieris uz otro turneju, papla\u0161in\u0101ja savas darb\u012bbas jomu. Pateicoties akt\u012bvaj\u0101m propagandas metod\u0113m, faktiski visi valsts iedz\u012bvot\u0101ji 1958. gada referendum\u0101 iebilda pret jaun\u0101k\u0101s Francijas konstit\u016bcijas izveidi un v\u0113l\u0113j\u0101s atdal\u012bties no fran\u010du biedr\u012bbas.<\/p>\n<p style=\"text-align: justify\">Gvinejas Republika ieguva neatkar\u012bbu 1958. gada 2. oktobr\u012b, un 10. novembr\u012b karogs tika atz\u012bts par valsts ofici\u0101lo simboliku. Basis izv\u0113l\u0113j\u0101s Francijas karogu, izlocoties no 3 vertik\u0101l\u0101m sv\u012btr\u0101m, bet kr\u0101sas main\u012bja uz PanFrean. Jaun\u0101k\u0101s valsts z\u012bme ir l\u012bdz\u012bga daudz\u0101m cit\u0101m \u0100frikas valstu karogiem, kas aptuveni vien\u0101 reiz\u0113 ar Gvineju k\u013cuva br\u012bvi.<\/p>\n<h2 style=\"text-align: justify\">Gvinejas karoga apraksts<\/h2>\n<p style=\"text-align: justify\">Audeklam ir taisnst\u016bra forma ar proporcij\u0101m 2:3. Sv\u012btras uz Gvinejas Republikas karoga ir vienmu\u013ca platuma un ir vertik\u0101las: pa kreisi &#8211; sarkana, centr\u0101 &#8211; dzeltena, pa labi &#8211; za\u013ca. \u0160\u012bs kr\u0101sas sauc par PanFrean.<\/p>\n<h2 style=\"text-align: justify\">Gvinejas kr\u0101su karogs<\/h2>\n<p style=\"text-align: justify\">Gvinejas Republikas karogam ir taisnst\u016bra forma, un tas sast\u0101v no 3 vien\u0101da garuma un platuma vertik\u0101l\u0101m sloksn\u0113m &#8211; nav svar\u012bgi, kurai no t\u0101m ir personisk\u0101 kr\u0101sa. S\u0101kot pa kreisi no lab\u0101s puses, atrodas sarkanas, dzeltenas un za\u013cas sv\u012btras.<\/p>\n<h2 style=\"text-align: justify\">Noz\u012bm\u0113 kr\u0101sas Gvinejas karogs<\/h2>\n<p style=\"text-align: justify\">Sarkanajai joslai, kas atrodas uz kreis\u0101 karoga, afrik\u0101\u0146iem nav slikta noz\u012bme. Simboliz\u0113 asinis, ko viet\u0113jie iedz\u012bvot\u0101ji izl\u0113ja ilg\u0101 c\u012b\u0146\u0101 par savas valsts neatkar\u012bbu. Neatkar\u012bgi no \u0161\u012bs sarkan\u0101s lietas valsts iedz\u012bvot\u0101jiem, jo \u200b\u200btas ir saist\u012bts ar r\u016bpniec\u012bbas str\u0101dnieku un zemnieku darbu.<\/p>\n<p style=\"text-align: justify\">Centr\u0101 eso\u0161\u0101 josla ir nokr\u0101sota dzelten\u0101 kr\u0101s\u0101, kas tiek identific\u0113ta ar daudziem republikas resursiem. Neatkar\u012bgi no \u0161\u012bs kr\u0101sas atspogu\u013co dedzino\u0161i karsto \u0100frikas sauli, kas zin\u0101m\u0101 m\u0113r\u0101 simboliz\u0113 tautu vienl\u012bdz\u012bbu, jo vismaz da\u013ca no monoton\u012bbas sasilst no debesu sp\u012bdek\u013ciem.<\/p>\n<p style=\"text-align: justify\">Lab\u0101 josla kr\u0101sota za\u013c\u0101 kr\u0101s\u0101. Savuk\u0101rt iepaz\u012bstin\u0101t ar valsts ve\u0123et\u0101ciju un bag\u0101to dabu: me\u017eiem, savannu un citiem dabas resursiem. Bez tam za\u013c\u0101 kr\u0101sa darbojas k\u0101 Gvinejas labkl\u0101j\u012bbas un valsts zemes augl\u012bbas apz\u012bm\u0113jums.<\/p>\n<p style=\"text-align: justify\">Neatkar\u012bgi no citas karoga kr\u0101sas iedz\u012bvot\u0101ji ir saist\u012bti ar republikas dev\u012bzi: &quot;Darbasp\u0113ks. Taisn\u012bgums. Solidarit\u0101te&quot;.<\/p>\n<p style=\"text-align: justify\">Sarkan\u0101, dzelten\u0101 un za\u013c\u0101 kr\u0101sa visbie\u017e\u0101k ir redzama uz \u0100frikas valstu karogiem. Kr\u0101sas tika pie\u0146emtas un nosauktas par Panfreqani 1920. gada 13. august\u0101. Inform\u0101cija par to ir ietverta Meln\u0101s lapas ties\u012bbu deklar\u0101cij\u0101. Pan\u0101frikas karogu ar iepriek\u0161 uzskait\u012btaj\u0101m kr\u0101s\u0101m izveidoja Markuss G\u0101rvijs, kur\u0161 ir \u0100frikas kopienu l\u012bgas dibin\u0101t\u0101js.<\/p>\n<h2 style=\"text-align: justify\">Nespecializ\u0113ta inform\u0101cija par Gvineju<\/h2>\n<table>\n<tbody>\n<tr style=\"text-align: justify\">\n<td>Ofici\u0101l\u0101 valoda<\/td>\n<td>fran\u010du valoda<\/td>\n<\/tr>\n<tr style=\"text-align: justify\">\n<td>Kapit\u0101ls<\/td>\n<td>Konakri<\/td>\n<\/tr>\n<tr style=\"text-align: justify\">\n<td>Teritorija<\/td>\n<td>245 857 km2<\/td>\n<\/tr>\n<tr style=\"text-align: justify\">\n<td>Popul\u0101cija<\/td>\n<td>12 771 000 cilv\u0113ku<\/td>\n<\/tr>\n<tr style=\"text-align: justify\">\n<td>Val\u016bta<\/td>\n<td>Gvinejas franks<\/td>\n<\/tr>\n<tr>\n<td style=\"text-align: justify\">Telefona kods<\/td>\n<td style=\"text-align: justify\">+224<\/td>\n<\/tr>\n<\/tbody>\n<\/table>\n","protected":false},"excerpt":{"rendered":"<p>Gvinejas karogs atspogu\u013co v\u0113sturiskus aktus un sniedz inform\u0101ciju par viet\u0113jo dabu. Simboliem un kr\u0101s\u0101m ir \u012bpa\u0161a noz\u012bme valsts kult\u016br\u0101. T\u0101tad Gvinejas karogs izskat\u0101s: Gvinejas v\u0113stures karogs 1895. gad\u0101&#8230;<\/p>\n","protected":false},"author":1,"featured_media":5835,"comment_status":"open","ping_status":"open","sticky":false,"template":"","format":"standard","meta":{"footnotes":""},"categories":[5],"tags":[],"class_list":["post-1558","post","type-post","status-publish","format-standard","has-post-thumbnail","","category-frikas-valstu-karogi"],"aioseo_notices":[],"_links":{"self":[{"href":"https:\/\/flags-world.com\/lv\/wp-json\/wp\/v2\/posts\/1558","targetHints":{"allow":["GET"]}}],"collection":[{"href":"https:\/\/flags-world.com\/lv\/wp-json\/wp\/v2\/posts"}],"about":[{"href":"https:\/\/flags-world.com\/lv\/wp-json\/wp\/v2\/types\/post"}],"author":[{"embeddable":true,"href":"https:\/\/flags-world.com\/lv\/wp-json\/wp\/v2\/users\/1"}],"replies":[{"embeddable":true,"href":"https:\/\/flags-world.com\/lv\/wp-json\/wp\/v2\/comments?post=1558"}],"version-history":[{"count":0,"href":"https:\/\/flags-world.com\/lv\/wp-json\/wp\/v2\/posts\/1558\/revisions"}],"wp:featuredmedia":[{"embeddable":true,"href":"https:\/\/flags-world.com\/lv\/wp-json\/wp\/v2\/media\/5835"}],"wp:attachment":[{"href":"https:\/\/flags-world.com\/lv\/wp-json\/wp\/v2\/media?parent=1558"}],"wp:term":[{"taxonomy":"category","embeddable":true,"href":"https:\/\/flags-world.com\/lv\/wp-json\/wp\/v2\/categories?post=1558"},{"taxonomy":"post_tag","embeddable":true,"href":"https:\/\/flags-world.com\/lv\/wp-json\/wp\/v2\/tags?post=1558"}],"curies":[{"name":"wp","href":"https:\/\/api.w.org\/{rel}","templated":true}]}}