{"id":1557,"date":"2021-01-04T17:18:12","date_gmt":"2021-01-04T14:18:12","guid":{"rendered":"https:\/\/flags-world.com\/lv\/2021\/01\/04\/gvatemalas-karogs-nozme-un-krsa\/"},"modified":"2021-01-04T17:18:12","modified_gmt":"2021-01-04T14:18:12","slug":"gvatemalas-karogs-nozme-un-krsa","status":"publish","type":"post","link":"https:\/\/flags-world.com\/lv\/gvatemalas-karogs-nozme-un-krsa\/","title":{"rendered":"Gvatemalas karogs: noz\u012bme un kr\u0101sa"},"content":{"rendered":"<p style=\"text-align: justify\">Pa\u0161vald\u012bbas simbolik\u0101 ir karogi, \u0123erbo\u0146i un pils\u0113tas himna. Liela noz\u012bme tiek pie\u0161\u0137irta att\u0113la veido\u0161anai un karoga kr\u0101su izv\u0113lei. Tie atspogu\u013cojas valsts politik\u0101 vai v\u0113sturiskajos aktos, kas saist\u012bti ar valsts izveido\u0161anu un neatkar\u012bbas ieg\u016b\u0161anu. Uz \u0123erbo\u0146a izmantotas z\u012bmes, kas simboliski v\u0113sta par valsts iedz\u012bvot\u0101ju dzim\u0161anu, vi\u0146u reli\u0123isko un kult\u016bras p\u0101rliec\u012bbu.<\/p>\n<p style=\"text-align: justify\">T\u0101tad m\u016bsdienu Gvatemalas karogs izskat\u0101s:<\/p>\n<p style=\"text-align: justify\"><span itemprop=\"image\" itemscope itemtype=\"https:\/\/schema.org\/ImageObject\"><img itemprop=\"url image\" loading=\"lazy\" decoding=\"async\" class=\"alignnone size-full wp-image-3351\" src=\"\/wp-content\/uploads\/2021\/01\/flag-of-guatemala_1.png\" width=\"500\" height=\"312\" alt=\"Gvatemalas karogs-1\" \/><meta itemprop=\"width\" content=\"500\"><meta itemprop=\"height\" content=\"312\"><\/span><\/p>\n<h2 style=\"text-align: justify\">Gvatemalas v\u0113stures karogs<\/h2>\n<p style=\"text-align: justify\">Gvatemala bija da\u013ca no Centr\u0101lamerikas Savienotaj\u0101m Valst\u012bm un l\u012bdz 1838. gadam izmantoja karogu ar 3 horizont\u0101l\u0101m sv\u012btr\u0101m, no kur\u0101m p\u0113d\u0113j\u0101 bija zila, bet centr\u0101l\u0101 &#8211; balta.<\/p>\n<p style=\"text-align: justify\"><span itemprop=\"image\" itemscope itemtype=\"https:\/\/schema.org\/ImageObject\"><img itemprop=\"url image\" loading=\"lazy\" decoding=\"async\" class=\"alignnone size-full wp-image-3352\" src=\"\/wp-content\/uploads\/2021\/01\/flag-of-guatemala_2.png\" width=\"500\" height=\"333\" alt=\"Gvatemalas karogs-2\" \/><meta itemprop=\"width\" content=\"500\"><meta itemprop=\"height\" content=\"333\"><\/span><\/p>\n<p style=\"text-align: justify\">1838. gada beig\u0101s, atdaloties no feder\u0101cijas, Gvatemala pa\u0146\u0113ma jauno karogu.<\/p>\n<blockquote>\n<p style=\"text-align: justify\">Kr\u0101su reakcija neat\u0161\u0137\u012br\u0101s no pag\u0101tnes, ta\u010du t\u0101 \u0161\u0137ita \u0123erbonim karoga centr\u0101.<\/p>\n<\/blockquote>\n<p style=\"text-align: justify\">Jaunais \u0123erbonis pavad\u012bja centr\u0101 izvietoto apk\u0101rtm\u0113ru, kura \u0101r\u0113j\u0101 mal\u0101 bija uzraksts &quot;Guatemala Center and the Federation of Federation&quot;. Bez tam tika att\u0113loti ziedi simetriskos bag\u0101t\u012bbas ragos, Luks un Bulta, Pipe un Licorous Bunda. Centr\u0101 var apsv\u0113rt j\u016bras 5 \u016bdens un vulk\u0101nu gleznu. Visai kompoz\u012bcijai virs\u016b bija drebulis ar bult\u0101m. Karogs past\u0101v\u0113ja l\u012bdz 1843. gadam, taj\u0101 laik\u0101, taj\u0101 laik\u0101, laik\u0101, kad feder\u0101cijas sabruk\u0161anas beig\u0101s atkal tika main\u012bts \u0123erbonis.<\/p>\n<p style=\"text-align: justify\"><span itemprop=\"image\" itemscope itemtype=\"https:\/\/schema.org\/ImageObject\"><img itemprop=\"url image\" loading=\"lazy\" decoding=\"async\" class=\"alignnone size-full wp-image-3353\" src=\"\/wp-content\/uploads\/2021\/01\/flag-of-guatemala_3.png\" width=\"500\" height=\"333\" alt=\"Gvatemalas karogs-3\" \/><meta itemprop=\"width\" content=\"500\"><meta itemprop=\"height\" content=\"333\"><\/span><\/p>\n<p style=\"text-align: justify\">Tagad t\u0101 bija saule un vulk\u0101nu att\u0113ls virs tiem, ol\u012bvu zari un bultu gali. Uzraksts main\u012bja vi\u0146a person\u012bgo v\u0113rt\u012bbu, tagad tas bija atg\u0101din\u0101jums par neatkar\u012bbas ieg\u016b\u0161anu &#8211; &quot;Gvatemala Centr\u0101lamerik\u0101. 1821.\u00a0gada 15.\u00a0septembris &quot;. Fona kr\u0101sas nemain\u012bj\u0101s l\u012bdz 1851. gadam, tad pazuda un \u0123erbonis no pa\u0161vald\u012bbas karoga.<\/p>\n<p style=\"text-align: justify\"><span itemprop=\"image\" itemscope itemtype=\"https:\/\/schema.org\/ImageObject\"><img itemprop=\"url image\" loading=\"lazy\" decoding=\"async\" class=\"alignnone size-full wp-image-3354\" src=\"\/wp-content\/uploads\/2021\/01\/flag-of-guatemala_4.png\" width=\"500\" height=\"333\" alt=\"Gvatemalas karogs-4\" \/><meta itemprop=\"width\" content=\"500\"><meta itemprop=\"height\" content=\"333\"><\/span><\/p>\n<p style=\"text-align: justify\">Nacion\u0101l\u0101s Sp\u0101nijas kr\u0101sas: sarkana un dzelten\u012bga ie\u0146\u0113ma person\u012bgo vietu uz audekla, un 1858. gada beig\u0101s main\u012bj\u0101s horizont\u0101lo joslu izm\u0113ri.<\/p>\n<p><span itemprop=\"image\" itemscope itemtype=\"https:\/\/schema.org\/ImageObject\"><img itemprop=\"url image\" loading=\"lazy\" decoding=\"async\" class=\"alignnone size-full wp-image-3355\" src=\"\/wp-content\/uploads\/2021\/01\/flag-of-guatemala_5.png\" width=\"500\" height=\"250\" alt=\"Gvatemalas karogs-5\" \/><meta itemprop=\"width\" content=\"500\"><meta itemprop=\"height\" content=\"250\"><\/span><\/p>\n<ul style=\"text-align: justify\">\n<li>1858-1871<\/li>\n<\/ul>\n<p><span itemprop=\"image\" itemscope itemtype=\"https:\/\/schema.org\/ImageObject\"><img itemprop=\"url image\" loading=\"lazy\" decoding=\"async\" class=\"alignnone size-full wp-image-3356\" src=\"\/wp-content\/uploads\/2021\/01\/flag-of-guatemala_6.png\" width=\"500\" height=\"333\" alt=\"Gvatemalas karogs-6\" \/><meta itemprop=\"width\" content=\"500\"><meta itemprop=\"height\" content=\"333\"><\/span><\/p>\n<ul>\n<li>1851-1858<\/li>\n<\/ul>\n<p style=\"text-align: justify\">Karoga fons tika sadal\u012bts tr\u012bs vien\u0101d\u0101s da\u013c\u0101s, Augst\u0101k\u0101s da\u013cas Augst\u0101k\u0101 da\u013ca satur\u0113ja zilu, baltu un sarkanu kr\u0101su, s\u0101kot no aug\u0161as. Centr\u0101 bija nor\u0101d\u012bta dzeltena josla, un apak\u0161\u0113j\u0101 da\u013ca bija aug\u0161\u0113j\u0101s tr\u012bskr\u0101sas lab\u0101 kopija. Un tikai 70. gadu pirmaj\u0101 pus\u0113 un gados, taj\u0101 laik\u0101, taj\u0101 laik\u0101, kad tika veikts veiksm\u012bgs bru\u0146otu nemieru m\u0113\u0123in\u0101jums, Gvatemalas karogs ieguva modernu izskatu. Bet ofici\u0101li karogs tika pie\u0146emts 1885. gada 28. febru\u0101r\u012b.<\/p>\n<h2 style=\"text-align: justify\">Apraksts<\/h2>\n<p style=\"text-align: justify\">Gvatemalas ofici\u0101lais karogs ir taisnst\u016brveida audekls, kura malas ir proporcij\u0101 5:8. Galvenais fons ir sadal\u012bts tr\u012bs vien\u0101d\u0101s da\u013c\u0101s: puse nokr\u0101sota zil\u0101 kr\u0101s\u0101 un centr\u0101l\u0101 josla &#8211; balt\u0101 kr\u0101s\u0101. Balt\u0101s joslas centr\u0101 ir valsts embl\u0113ma. Embl\u0113m\u0101 redzami divi ol\u012bvu zari, kas atrodas simetriski pa kreisi un pa labi.<\/p>\n<p style=\"text-align: justify\">Neparast\u0101 vainaga centr\u0101 sakrustotas rokas. Pistole ir lielgabals un p\u0101ris asme\u0146i. Virs to krustiem ir noplukts t\u012bstoklis, kas tiek uzskat\u012bts par b\u016btisku Gvatemalas v\u0113sturiskajiem datiem. Uz ru\u013c\u013ca no aug\u0161as s\u0113\u017e putns, kas atrodas ar kn\u0101bi kreisaj\u0101 pus\u0113, un t\u0101 gar\u0101 aste ir nolaista l\u012bdz vainaga pamatnei.<\/p>\n<p style=\"text-align: justify\"><span itemprop=\"image\" itemscope itemtype=\"https:\/\/schema.org\/ImageObject\"><img itemprop=\"url image\" loading=\"lazy\" decoding=\"async\" class=\"alignnone size-full wp-image-3357\" src=\"\/wp-content\/uploads\/2021\/01\/flag-of-guatemala_7.png\" width=\"500\" height=\"312\" alt=\"Gvatemalas karogs-7\" \/><meta itemprop=\"width\" content=\"500\"><meta itemprop=\"height\" content=\"312\"><\/span> <span itemprop=\"image\" itemscope itemtype=\"https:\/\/schema.org\/ImageObject\"><img itemprop=\"url image\" loading=\"lazy\" decoding=\"async\" class=\"alignnone size-full wp-image-3358\" src=\"\/wp-content\/uploads\/2021\/01\/flag-of-guatemala_8.png\" width=\"500\" height=\"312\" alt=\"Gvatemalas karogs-8\" \/><meta itemprop=\"width\" content=\"500\"><meta itemprop=\"height\" content=\"312\"><\/span><\/p>\n<h2 style=\"text-align: justify\">Karoga kr\u0101sas<\/h2>\n<p style=\"text-align: justify\">Uz Gvatemalas karoga k\u0101 fons izmantotas divas kr\u0101sas: zila un balta proporcij\u0101s 2:1. Att\u0113l\u0101 embl\u0113ma ir redzama za\u013c\u0101, br\u016bn\u0101 un dzelten\u0101 kr\u0101s\u0101.<\/p>\n<h2 style=\"text-align: justify\">Kr\u0101su karoga noz\u012bme Gvatemala<\/h2>\n<p style=\"text-align: justify\">Gvatemalas karoga galven\u0101s kr\u0101sas ir zila un balta. Zil\u0101 kr\u0101sa ir likumu izpildes un apzin\u012bgas lietas z\u012bme, bet balta &#8211; t\u012br\u012bbu un god\u012bgumu. Ol\u012bvu zari noz\u012bm\u0113 uzvaru un slavu. Ierocis embl\u0113mas centr\u0101 ir Remingtonas \u0161autene, tie simboliz\u0113 Gvatemalas iedz\u012bvot\u0101ju gatav\u012bbu pa\u0161iem uzbr\u016bkot Mustrase.<\/p>\n<p style=\"text-align: justify\">Blakus pistolei ir sakrustoti asme\u0146i, kas noz\u012bm\u0113 tautas godu, neatkar\u012bbu un taisn\u012bgumu. Virs pistoles izvietotaj\u0101 t\u012bstot\u0113 ir uzraksts &quot;Libertad 15 de Septiembre de 1821&quot;, datums 1821. gada 15. septembris, atg\u0101dina par Centr\u0101lamerikas suverenit\u0101tes ieg\u016b\u0161anu no Sp\u0101nijas.<\/p>\n<p style=\"text-align: justify\">Uz ru\u013c\u013ciem putna s\u016bta ir Kvezal (Ketzal), putns ir valsts br\u012bv\u012bbas un suverenit\u0101tes z\u012bme. Kvezala ir diezgan rets un skaists putns, vi\u0146ai ir gara aste un za\u013cas gleznas spalvas. Dz\u012bvo kalnu me\u017eu apvidos un atrodas valsts aizsardz\u012bb\u0101.<\/p>\n<p style=\"text-align: justify\">Pirms zemes iekaro\u0161anas Kvezals tika uzskat\u012bts par sv\u0113to putnu, kura spalvas rot\u0101ja portreti un cepures.<\/p>\n<p style=\"text-align: justify\">Da\u017ei \u0123erbo\u0146a elementi main\u012bti, uzlikti vai pret\u0113ji, no\u0146emot s\u012bkas deta\u013cas. Zobenu gali un za\u013cie zari iepriek\u0161 bija sasieti ar lent\u0113m, kas kr\u0101sotas valsts karoga kr\u0101s\u0101s. Narovna ar \u0161o putna galvu uz embl\u0113mas tika izvietota pa labi. Gal\u012bgais skat\u012bjums uz valsts simboliku Gvatemala iek\u013cuva XX gadsimta 60. gadu otraj\u0101 pus\u0113.<\/p>\n<p style=\"text-align: justify\">Es saku, ka \u0123erboni izgudroja gravieris no \u0160veices. \u017dans Batists Ferers dz\u012bvoja Gvatemal\u0101, s\u0101kot no 1854. gada l\u012bdz vi\u0146a liktenim. S\u0101kum\u0101 att\u0113ls tika izmantots dekorat\u012bvas kompoz\u012bcijas veid\u0101, kas dekor\u0113ja galvaspils\u0113tas pili. Att\u0113ls tika novietots uz konstrukcijas par godu liber\u0101\u013cu n\u0101k\u0161anai pie varas XIX gadsimta 70. gadu pirmaj\u0101 pus\u0113. Embl\u0113mas ieguv\u0113ji iekrita p\u0113c gar\u0161as, un vi\u0146i s\u0101ka to izmantot k\u0101 valsts z\u012bmi.<\/p>\n<h2 style=\"text-align: justify\">Nespecializ\u0113ta inform\u0101cija par Gvatemalu<\/h2>\n<table>\n<tbody>\n<tr style=\"text-align: justify\">\n<td>Ofici\u0101l\u0101 valoda<\/td>\n<td>sp\u0101\u0146u valoda<\/td>\n<\/tr>\n<tr style=\"text-align: justify\">\n<td>Kapit\u0101ls<\/td>\n<td>Gvatemala<\/td>\n<\/tr>\n<tr style=\"text-align: justify\">\n<td>Teritorija<\/td>\n<td>108 889 km2<\/td>\n<\/tr>\n<tr style=\"text-align: justify\">\n<td>Popul\u0101cija<\/td>\n<td>14 373 472 cilv\u0113ki<\/td>\n<\/tr>\n<tr style=\"text-align: justify\">\n<td>T\u0101lrunis<\/td>\n<td>kodu<\/td>\n<\/tr>\n<tr>\n<td style=\"text-align: justify\">un val\u016btu<\/td>\n<td style=\"text-align: justify\">+502<\/td>\n<\/tr>\n<\/tbody>\n<\/table>\n","protected":false},"excerpt":{"rendered":"<p>Pa\u0161vald\u012bbas simbolik\u0101 ir karogi, \u0123erbo\u0146i un pils\u0113tas himna. Liela noz\u012bme tiek pie\u0161\u0137irta att\u0113la veido\u0161anai un karoga kr\u0101su izv\u0113lei. Tie atspogu\u013cojas valsts politik\u0101 vai v\u0113sturiskajos aktos, kas saist\u012bti ar&#8230;<\/p>\n","protected":false},"author":1,"featured_media":5834,"comment_status":"open","ping_status":"open","sticky":false,"template":"","format":"standard","meta":{"footnotes":""},"categories":[6],"tags":[],"class_list":["post-1557","post","type-post","status-publish","format-standard","has-post-thumbnail","","category-ziemeamerikas-karogi"],"aioseo_notices":[],"_links":{"self":[{"href":"https:\/\/flags-world.com\/lv\/wp-json\/wp\/v2\/posts\/1557","targetHints":{"allow":["GET"]}}],"collection":[{"href":"https:\/\/flags-world.com\/lv\/wp-json\/wp\/v2\/posts"}],"about":[{"href":"https:\/\/flags-world.com\/lv\/wp-json\/wp\/v2\/types\/post"}],"author":[{"embeddable":true,"href":"https:\/\/flags-world.com\/lv\/wp-json\/wp\/v2\/users\/1"}],"replies":[{"embeddable":true,"href":"https:\/\/flags-world.com\/lv\/wp-json\/wp\/v2\/comments?post=1557"}],"version-history":[{"count":0,"href":"https:\/\/flags-world.com\/lv\/wp-json\/wp\/v2\/posts\/1557\/revisions"}],"wp:featuredmedia":[{"embeddable":true,"href":"https:\/\/flags-world.com\/lv\/wp-json\/wp\/v2\/media\/5834"}],"wp:attachment":[{"href":"https:\/\/flags-world.com\/lv\/wp-json\/wp\/v2\/media?parent=1557"}],"wp:term":[{"taxonomy":"category","embeddable":true,"href":"https:\/\/flags-world.com\/lv\/wp-json\/wp\/v2\/categories?post=1557"},{"taxonomy":"post_tag","embeddable":true,"href":"https:\/\/flags-world.com\/lv\/wp-json\/wp\/v2\/tags?post=1557"}],"curies":[{"name":"wp","href":"https:\/\/api.w.org\/{rel}","templated":true}]}}