{"id":1556,"date":"2021-01-04T17:18:12","date_gmt":"2021-01-04T14:18:12","guid":{"rendered":"https:\/\/flags-world.com\/lv\/2021\/01\/04\/gvadelupas-karogs-nozme-un-krsas\/"},"modified":"2021-01-04T17:18:12","modified_gmt":"2021-01-04T14:18:12","slug":"gvadelupas-karogs-nozme-un-krsas","status":"publish","type":"post","link":"https:\/\/flags-world.com\/lv\/gvadelupas-karogs-nozme-un-krsas\/","title":{"rendered":"Gvadelupas karogs: noz\u012bme un kr\u0101sas"},"content":{"rendered":"<p style=\"text-align: justify\">Gvadelupa &#8211; Francijas Sm\u0113\u0137\u0113\u0161anas departaments, viena no biju\u0161aj\u0101m \u0161\u012bs valsts kolonij\u0101m, kuras simbolika ir glu\u017ei pareiza un laba uzman\u012bba.<\/p>\n<h2 style=\"text-align: justify\">Gvadelupas v\u0113stures karogs<\/h2>\n<p style=\"text-align: justify\">Gvadelupas karoga ra\u0161an\u0101s v\u0113sturi elpo \u0161ausm\u012bgi notikumi: no XVII gadsimta pirm\u0101s puses divus simtos gadus \u0161\u012b salas vald\u012bba bija str\u012bd\u012bg\u0101 teritorija starp Franciju un Angliju, un nav svar\u012bgi, kura no t\u0101m aizg\u0101ja pensij\u0101. ties\u012bbas uz pussalu vald\u012bjum\u0101. Pirmk\u0101rt, 1635.\u00a0gad\u0101 personisk\u0101s ties\u012bbas par\u0101d\u012bja, ka Francija, iespaid\u012bg\u0101 salas pamatiedz\u012bvot\u0101ju da\u013ca, reinkarn\u0113ja savu koloniju, lai audz\u0113tu saldo spie\u0137i. Kop\u0161 t\u0101 laika Gvadelupa p\u0101rg\u0101ja britu rok\u0101s un fran\u010du valod\u0101, kuras beig\u0101s Francijas teritorija tika ofici\u0101li atz\u012bta 1814.<\/p>\n<p style=\"text-align: justify\">Pa\u0161laik valsts ir pieejama Francijas Francijas departamentam, un tai ir ofici\u0101li un neofici\u0101li simboli, kas dz\u0113\u0161 biju\u0161\u0101s kolonijas v\u0113sturi.<\/p>\n<p style=\"text-align: justify\">T\u0101 izskat\u0101s Gvadelupas karogs:<\/p>\n<p style=\"text-align: justify\"><span itemprop=\"image\" itemscope itemtype=\"https:\/\/schema.org\/ImageObject\"><img itemprop=\"url image\" loading=\"lazy\" decoding=\"async\" class=\"alignnone  wp-image-3361\" src=\"\/wp-content\/uploads\/2021\/01\/flag-of-guadeloupe_1.png\" alt=\"Gvadelupas karogs-1\" width=\"492\" height=\"492\" \/><meta itemprop=\"width\" content=\"492\"><meta itemprop=\"height\" content=\"492\"><\/span><\/p>\n<h2 style=\"text-align: justify\">Apraksts<\/h2>\n<p style=\"text-align: justify\">Biju\u0161\u0101s kolonijas ofici\u0101lais karogs ir balts audums, kur\u0101 maza izm\u0113ra taisnst\u016bra, kas sadal\u012bta div\u0101s da\u013c\u0101s, zil\u0101 un za\u013c\u0101, z\u012bm\u0113jums, ir ierakst\u012bts izm\u0113r\u0101. Att\u0113l\u0101 att\u0113lots tum\u0161i zils putns, kas lido uz austo\u0161as \u200b\u200bsaules fona. Zem divkr\u0101su taisnst\u016bra ir uzraksts meln\u0101 kr\u0101s\u0101 fran\u010du valod\u0101 &quot;Gvadelupas re\u0123ions&quot;, kas izcelts ar dzeltenu l\u012bniju.<\/p>\n<blockquote>\n<p style=\"text-align: justify\">Gvadelupai ir divi neofici\u0101li karogi.<\/p>\n<\/blockquote>\n<p style=\"text-align: justify\">1. neofici\u0101lais karogs ir sadal\u012bts 2 kr\u0101s\u0101s, zil\u0101 un sarkan\u0101, div\u0101s nevienl\u012bdz\u012bg\u0101s da\u013c\u0101s. Zilaj\u0101 da\u013c\u0101 vienm\u0113r\u012bgi izvietotas tr\u012bs stiliz\u0113tas fran\u010du heraldisk\u0101s lilijas. Uz Sarkan\u0101 Za\u013c\u0101 Sweet Cane gabala, kas atrodas aiz Saules.<\/p>\n<p style=\"text-align: justify\"><span itemprop=\"image\" itemscope itemtype=\"https:\/\/schema.org\/ImageObject\"><img itemprop=\"url image\" loading=\"lazy\" decoding=\"async\" class=\"alignnone size-full wp-image-3362\" src=\"\/wp-content\/uploads\/2021\/01\/flag-of-guadeloupe_2.png\" width=\"500\" height=\"333\" alt=\"Gvadelupas karogs-2\" \/><meta itemprop=\"width\" content=\"500\"><meta itemprop=\"height\" content=\"333\"><\/span><\/p>\n<p style=\"text-align: justify\">2. karog\u0101 sarkan\u0101 viet\u0101 melns, nor\u0101dot uz melno izcelsmi cilv\u0113kiem, kas sav\u0101c saldo spie\u0137i.<\/p>\n<p style=\"text-align: justify\"><span itemprop=\"image\" itemscope itemtype=\"https:\/\/schema.org\/ImageObject\"><img itemprop=\"url image\" loading=\"lazy\" decoding=\"async\" class=\"alignnone size-full wp-image-3363\" src=\"\/wp-content\/uploads\/2021\/01\/flag-of-guadeloupe_3.png\" width=\"500\" height=\"333\" alt=\"Gvadelupas karogs-3\" \/><meta itemprop=\"width\" content=\"500\"><meta itemprop=\"height\" content=\"333\"><\/span><\/p>\n<h2 style=\"text-align: justify\">Karoga kr\u0101sas<\/h2>\n<p style=\"text-align: justify\">Kr\u0101sas, kas izmantotas Francijas departamenta karog\u0101:<\/p>\n<ol style=\"text-align: justify\">\n<li>Balts;<\/li>\n<li>Dzeltens;<\/li>\n<li>Za\u013c\u0161;<\/li>\n<li>Zils;<\/li>\n<li>Gai\u0161i zils;<\/li>\n<li>sarkans.<\/li>\n<\/ol>\n<h2 style=\"text-align: justify\">Ziedu v\u0113rt\u012bbas un karoga z\u012bme<\/h2>\n<p style=\"text-align: justify\">Biju\u0161\u0101s kolonijas ofici\u0101lajam rekl\u0101mkarogam un t\u0101 simbolikai ir noz\u012bme:<\/p>\n<ol style=\"text-align: justify\">\n<li>Za\u013c\u0101 &#8211; m\u016b\u017eza\u013c\u0101 salas ve\u0123et\u0101cija;<\/li>\n<li>Blue &#8211; neprec\u0113tas zilas debesis virs greidera;<\/li>\n<li>Dzelten\u0101 bumba &#8211; saule un siltais salas klimats;<\/li>\n<li>Gai\u0161i zila \u0113rce &#8211; j\u016bras putns.<\/li>\n<\/ol>\n<blockquote>\n<p style=\"text-align: justify\">Kopum\u0101 rekl\u0101mkarogs satur biju\u0161\u0101s kolonijas dabisk\u0101 aspekta simboliku.<\/p>\n<\/blockquote>\n<p style=\"text-align: justify\">Vienam no neofici\u0101lajiem Francijas Francijas karogiem ir noteikta b\u016bt\u012bba:<\/p>\n<ul style=\"text-align: justify\">\n<li>Sarkans &#8211; salas iedz\u012bvot\u0101ju drosme un drosme, c\u012bn\u012bj\u0101s par savu neatkar\u012bbu un Francijas labumu;<\/li>\n<li>Zila &#8211; pussalu ap\u0146emo\u0161\u0101s j\u016bras kr\u0101sa;<\/li>\n<li>Tr\u012bs dzeltenas lilijas uz karoga zil\u0101s da\u013cas &#8211; atsauc\u0101s uz seno fran\u010du kara\u013ca karogu, kas apz\u012bm\u0113 ilgu laiku, kad sala atrad\u0101s Francijas \u012bpa\u0161um\u0101;<\/li>\n<li>Dzelten\u0101 saule &#8211; Gvadelupas labv\u0113l\u012bba t\u016bristiem;<\/li>\n<li>Green Cane Oakka &#8211; galvenais salas eksporta produkts.<\/li>\n<\/ul>\n<p style=\"text-align: justify\">Rekl\u0101mkaroga simboli atspogu\u013co t\u0101 st\u0101vokli un v\u0113sturi m\u016bsdienu ekonomik\u0101.<\/p>\n<p style=\"text-align: justify\">Ofici\u0101los pas\u0101kumus bie\u017e\u0101k izmanto Francijas Tr\u012bskr\u0101sas departamenta ofici\u0101lais karogs.<\/p>\n<blockquote>\n<p style=\"text-align: justify\">Gvadelupa \u2013 viena no t\u0101m valst\u012bm, kuras dizains nav tikai izdom\u0101tu kontrast\u0113jo\u0161u kr\u0101su un simbolu kopums. \u0160\u012b ir kolonija, kuras v\u0113sture paties\u012bb\u0101 ir v\u0113l\u0101ka, un uz \u0161\u012b auduma tiek uzvilktas asinis.<\/p>\n<\/blockquote>\n<h2 style=\"text-align: justify\">Nespecializ\u0113ta inform\u0101cija par Gvadelupu<\/h2>\n<table>\n<tbody>\n<tr>\n<td>Ofici\u0101l\u0101 valoda<\/td>\n<td>fran\u010du valoda<\/td>\n<\/tr>\n<tr>\n<td>Kapit\u0101ls<\/td>\n<td>Bas-ter<\/td>\n<\/tr>\n<tr>\n<td>Teritorija<\/td>\n<td>1628. gads.43 km2<\/td>\n<\/tr>\n<tr>\n<td>Popul\u0101cija<\/td>\n<td>382 704 cilv\u0113ki<\/td>\n<\/tr>\n<tr>\n<td>Val\u016bta<\/td>\n<td>eiro<\/td>\n<\/tr>\n<tr>\n<td>Telefona kods<\/td>\n<td>+590<\/td>\n<\/tr>\n<\/tbody>\n<\/table>\n","protected":false},"excerpt":{"rendered":"<p>Gvadelupa &#8211; Francijas Sm\u0113\u0137\u0113\u0161anas departaments, viena no biju\u0161aj\u0101m \u0161\u012bs valsts kolonij\u0101m, kuras simbolika ir glu\u017ei pareiza un laba uzman\u012bba. Gvadelupas v\u0113stures karogs Gvadelupas karoga ra\u0161an\u0101s v\u0113sturi elpo \u0161ausm\u012bgi&#8230;<\/p>\n","protected":false},"author":1,"featured_media":5833,"comment_status":"open","ping_status":"open","sticky":false,"template":"","format":"standard","meta":{"footnotes":""},"categories":[6],"tags":[],"class_list":["post-1556","post","type-post","status-publish","format-standard","has-post-thumbnail","","category-ziemeamerikas-karogi"],"aioseo_notices":[],"_links":{"self":[{"href":"https:\/\/flags-world.com\/lv\/wp-json\/wp\/v2\/posts\/1556","targetHints":{"allow":["GET"]}}],"collection":[{"href":"https:\/\/flags-world.com\/lv\/wp-json\/wp\/v2\/posts"}],"about":[{"href":"https:\/\/flags-world.com\/lv\/wp-json\/wp\/v2\/types\/post"}],"author":[{"embeddable":true,"href":"https:\/\/flags-world.com\/lv\/wp-json\/wp\/v2\/users\/1"}],"replies":[{"embeddable":true,"href":"https:\/\/flags-world.com\/lv\/wp-json\/wp\/v2\/comments?post=1556"}],"version-history":[{"count":0,"href":"https:\/\/flags-world.com\/lv\/wp-json\/wp\/v2\/posts\/1556\/revisions"}],"wp:featuredmedia":[{"embeddable":true,"href":"https:\/\/flags-world.com\/lv\/wp-json\/wp\/v2\/media\/5833"}],"wp:attachment":[{"href":"https:\/\/flags-world.com\/lv\/wp-json\/wp\/v2\/media?parent=1556"}],"wp:term":[{"taxonomy":"category","embeddable":true,"href":"https:\/\/flags-world.com\/lv\/wp-json\/wp\/v2\/categories?post=1556"},{"taxonomy":"post_tag","embeddable":true,"href":"https:\/\/flags-world.com\/lv\/wp-json\/wp\/v2\/tags?post=1556"}],"curies":[{"name":"wp","href":"https:\/\/api.w.org\/{rel}","templated":true}]}}