{"id":1554,"date":"2021-01-04T17:18:12","date_gmt":"2021-01-04T14:18:12","guid":{"rendered":"https:\/\/flags-world.com\/lv\/2021\/01\/04\/grenlandes-karogs-nozme-un-krsas\/"},"modified":"2021-01-04T17:18:12","modified_gmt":"2021-01-04T14:18:12","slug":"grenlandes-karogs-nozme-un-krsas","status":"publish","type":"post","link":"https:\/\/flags-world.com\/lv\/grenlandes-karogs-nozme-un-krsas\/","title":{"rendered":"Grenlandes karogs: noz\u012bme un kr\u0101sas"},"content":{"rendered":"<p style=\"text-align: justify\">Grenlandes galvenajai z\u012bmei ir v\u0113rt\u012bbu p\u0101ri, un t\u0101 ir labi saist\u012bta ar \u0161\u012bs for\u0161\u0101s salas v\u0113sturi, raksturo neatk\u0101rtojamos klimatiskos apst\u0101k\u013cus un neatk\u0101rtojamo, dabisko reljefu.<\/p>\n<p style=\"text-align: justify\">T\u0101tad m\u016bsdienu Grenlandes karogs izskat\u0101s:<\/p>\n<p style=\"text-align: justify\"><span itemprop=\"image\" itemscope itemtype=\"https:\/\/schema.org\/ImageObject\"><img itemprop=\"url image\" loading=\"lazy\" decoding=\"async\" class=\"alignnone size-full wp-image-3380\" src=\"\/wp-content\/uploads\/2021\/01\/flag-of-greenland_1.png\" width=\"500\" height=\"333\" alt=\"Grenlandes karogs-1\" \/><meta itemprop=\"width\" content=\"500\"><meta itemprop=\"height\" content=\"333\"><\/span><\/p>\n<h2 style=\"text-align: justify\">Karoga v\u0113sture<\/h2>\n<p style=\"text-align: justify\">1. paraugi personiska un unik\u0101la karoga izgatavo\u0161anai s\u0101k\u0101s 70. gadu pirmaj\u0101 pus\u0113 un gados, vald\u012bba izsludin\u0101ja konkursu par lab\u0101ko ideju. Par sa\u0161utumu uz gal\u012bgo atbildi vald\u012bba neizdev\u0101s ierasties lidojum\u0101, pamatojoties uz \u0161o valsts z\u012bmi, netika apstiprin\u0101ta, neapskatot, kas tika p\u0101rskat\u012bts par 500 darbiem.<\/p>\n<p style=\"text-align: justify\">L\u012bdz ar salas neatkar\u012bbas atn\u0101k\u0161anu atkal tika risin\u0101ts karoga jaut\u0101jums, atkal bija p\u0101ris projekti jaunas z\u012bmes izstr\u0101dei. Un tikai 1985. gada 21. j\u016bnij\u0101 tika 100 procenti, tika apstiprin\u0101ts m\u016bsdienu Grenlandes karoga veids. Uzvar\u0113t\u0101js un rad\u012bt\u0101js, valsts galvas z\u012bme, k\u013cuva par skolot\u0101ju un gleznot\u0101ju &#8211; Tue Christiansen. Pie pasaules z\u012bmes salu pasaul\u0113 ir savs personv\u0101rds &#8211; Erfalesorput, kas burtiski liecina par &quot;iek\u0161zemes karogu&quot;.<\/p>\n<p style=\"text-align: justify\">Tue Christiansen ir salas pamatiedz\u012bvot\u0101js, bija Grenlandes kult\u016bras un izgl\u012bt\u012bbas ministrs l\u012bdz 1983.<\/p>\n<p><span itemprop=\"image\" itemscope itemtype=\"https:\/\/schema.org\/ImageObject\"><img itemprop=\"url image\" loading=\"lazy\" decoding=\"async\" class=\"alignnone size-full wp-image-3381\" src=\"\/wp-content\/uploads\/2021\/01\/flag-of-greenland_2.png\" width=\"500\" height=\"379\" alt=\"Grenlandes karogs-2\" \/><meta itemprop=\"width\" content=\"500\"><meta itemprop=\"height\" content=\"379\"><\/span><\/p>\n<p>&quot;Otrais&quot; Grenlandes karogs, ierosin\u0101ts divdesmit\u0101 gadsimta 80. gadu pirmaj\u0101 pus\u0113 (p\u0113c skandin\u0101vu stila)<\/p>\n<h2 style=\"text-align: justify\">Apraksts<\/h2>\n<p style=\"text-align: justify\">Skandin\u0101vijas karogs tika izmantots k\u0101 Grenlandes z\u012bmes celtniec\u012bbas b\u0101ze. Standarta taisnst\u016brveida veid\u0146u t\u012bklam ir divas horizont\u0101las sv\u012btras, apak\u0161\u0113j\u0101 da\u013ca ir sarkan\u0101 kr\u0101s\u0101, bet aug\u0161\u0113j\u0101 &#8211; balta. 2. josl\u0101 faktiski centr\u0101 ar nob\u012bdi kreisaj\u0101 mal\u0101 ir plakans aplis, neskaitot \u0161o sarkano un balto kombin\u0101ciju. Ap\u013ca sarkan\u0101 kr\u0101sa atrodas uz joslas puses, kas ir nokr\u0101sota balt\u0101 kr\u0101s\u0101, un iev\u0113rojam\u0101 ap\u013ca da\u013ca atrodas uz joslas ar sarkanu. Galu gal\u0101 att\u0113ls izr\u0101d\u012bj\u0101s diezgan at\u0161\u0137ir\u012bgs no Skandin\u0101vijas valstu valsts rekl\u0101mkarogiem.<\/p>\n<h2 style=\"text-align: justify\">Grenlandes karoga b\u016bv\u0113\u0161ana<\/h2>\n<p style=\"text-align: justify\"><span itemprop=\"image\" itemscope itemtype=\"https:\/\/schema.org\/ImageObject\"><img itemprop=\"url image\" loading=\"lazy\" decoding=\"async\" class=\"alignnone size-full wp-image-3382\" src=\"\/wp-content\/uploads\/2021\/01\/flag-of-greenland_3.png\" width=\"500\" height=\"397\" alt=\"Grenlandes karogs-3\" \/><meta itemprop=\"width\" content=\"500\"><meta itemprop=\"height\" content=\"397\"><\/span><\/p>\n<h2 style=\"text-align: justify\">Karoga kr\u0101sas<\/h2>\n<p style=\"text-align: justify\">Uz audekla ir tikai divas labdab\u012bgas kr\u0101sas:<\/p>\n<ul style=\"text-align: justify\">\n<li>Balts;<\/li>\n<li>sarkans.<\/li>\n<\/ul>\n<p style=\"text-align: justify\">Saska\u0146ojot ar kr\u0101su tabulu, Pantone kr\u0101sas kr\u0101sa, Grenlandes \u0161tata gaismas sarkan\u0101 kr\u0101sa ir ar numuru 032. T\u0101tad sarkan\u0101 nokr\u0101sa pies\u0101tin\u0101jums un karstums tiek stingri uzraudz\u012bts, lai administrat\u012bvajos notikumos neb\u016btu nepareiza att\u0113la.<\/p>\n<p style=\"text-align: justify\">Galven\u0101 kr\u0101su palete ir piln\u012bb\u0101 \u0146emta no D\u0101nijas karoga, k\u0101 z\u012bme, ka \u0161odien br\u012bv\u0101 pussala form\u0101li atrodas D\u0101nijas karalistes p\u0101rzi\u0146\u0101. Grenlande bija D\u0101nijas kolonija no 1814. gada, agr\u0101k pieder\u0113ja Norv\u0113\u0123ijai.<\/p>\n<h2 style=\"text-align: justify\">Noz\u012bm\u0113 kr\u0101sas un karoga z\u012bme<\/h2>\n<p style=\"text-align: justify\">Balto un sarkano ziedu kombin\u0101cija simboliz\u0113 Grenlandes divsimt gadu past\u0101v\u0113\u0161anu k\u0101 patiesu kompoz\u012bcijas D\u0101nijas karaliste sast\u0101vda\u013cu. Par balto laukumu liecina nebeidzami led\u0101ji, sniegotas kalnu virsotnes un sarkana josla &#8211; oke\u0101ns pie salas.<\/p>\n<p style=\"text-align: justify\">Ap\u013ca kr\u0101s\u0101m, neskaitot to, ir atsevi\u0161\u0137a v\u0113rt\u012bba, balt\u0101 apak\u0161\u0113j\u0101 da\u013ca nor\u0101da uz ledus kalniem, bet sarkan\u0101 kr\u0101sa tiek interpret\u0113ta k\u0101 Grenlandes fjordu kalni.<\/p>\n<p style=\"text-align: justify\">Ap\u013ca centr\u0101 ir 2.\u00a0noz\u012bme, kas simboliz\u0113 sarkano saulrieta sauli, kas sniedzas aiz horizonta. Ap\u013ca balt\u0101 da\u013ca nor\u0101da uz gaismu un siltumu, kas atgrie\u017eas pussal\u0101 pol\u0101r\u0101s nakts beig\u0101s, tuv\u0101k vasaras saulgrie\u017eiem.<\/p>\n<p style=\"text-align: justify\">Tas, ka uz karoga nav krusta att\u0113la, kas ir laba kristie\u0161u z\u012bme Skandin\u0101vijas valst\u012bs, liecina, ka valstij ir autonomija no Eiropas lielvar\u0101m. Un ka Grenlandes pussal\u0101 ir zin\u0101ma politisk\u0101 br\u012bv\u012bba, bet ar pamatiedz\u012bvot\u0101jiem ir cie\u0161a v\u0113sts.<\/p>\n<p style=\"text-align: justify\">T\u0101tad valsts karogs tikai 2. kr\u0101su atbild\u0113s piln\u012bb\u0101 atspogu\u013co v\u0113sturisko atkar\u012bbu no citas valsts 2 gadsimtu laik\u0101. Atteik\u0161an\u0101s ieviest labdab\u012bgas katolicisma da\u013cas liecina par izv\u0113les br\u012bv\u012bbu par labu viet\u0113jo tautu trad\u012bcij\u0101m. Un centra simbolisko apli var interpret\u0113t ar da\u017e\u0101d\u0101m v\u0113rt\u012bb\u0101m, ta\u010du t\u0101s visas tik \u013coti at\u0161\u0137iras no Grenlandes unik\u0101l\u0101s dabas.<\/p>\n<h2 style=\"text-align: justify\">Nespecializ\u0113ta inform\u0101cija par Grenlandi<\/h2>\n<table>\n<tbody>\n<tr>\n<td>Ofici\u0101l\u0101 valoda<\/td>\n<td>Grenlande, D\u0101nija<\/td>\n<\/tr>\n<tr>\n<td>Kapit\u0101ls<\/td>\n<td>Nuuk<\/td>\n<\/tr>\n<tr>\n<td>Teritorija<\/td>\n<td>2 130 800 km2<\/td>\n<\/tr>\n<tr>\n<td>Popul\u0101cija<\/td>\n<td>55 992 cilv\u0113ki<\/td>\n<\/tr>\n<tr>\n<td>Val\u016bta<\/td>\n<td>D\u0101nijas krona<\/td>\n<\/tr>\n<tr>\n<td>Telefona kods<\/td>\n<td>+299<\/td>\n<\/tr>\n<\/tbody>\n<\/table>\n","protected":false},"excerpt":{"rendered":"<p>Grenlandes galvenajai z\u012bmei ir v\u0113rt\u012bbu p\u0101ri, un t\u0101 ir labi saist\u012bta ar \u0161\u012bs for\u0161\u0101s salas v\u0113sturi, raksturo neatk\u0101rtojamos klimatiskos apst\u0101k\u013cus un neatk\u0101rtojamo, dabisko reljefu. T\u0101tad m\u016bsdienu Grenlandes karogs&#8230;<\/p>\n","protected":false},"author":1,"featured_media":5830,"comment_status":"open","ping_status":"open","sticky":false,"template":"","format":"standard","meta":{"footnotes":""},"categories":[6],"tags":[],"class_list":["post-1554","post","type-post","status-publish","format-standard","has-post-thumbnail","","category-ziemeamerikas-karogi"],"aioseo_notices":[],"_links":{"self":[{"href":"https:\/\/flags-world.com\/lv\/wp-json\/wp\/v2\/posts\/1554","targetHints":{"allow":["GET"]}}],"collection":[{"href":"https:\/\/flags-world.com\/lv\/wp-json\/wp\/v2\/posts"}],"about":[{"href":"https:\/\/flags-world.com\/lv\/wp-json\/wp\/v2\/types\/post"}],"author":[{"embeddable":true,"href":"https:\/\/flags-world.com\/lv\/wp-json\/wp\/v2\/users\/1"}],"replies":[{"embeddable":true,"href":"https:\/\/flags-world.com\/lv\/wp-json\/wp\/v2\/comments?post=1554"}],"version-history":[{"count":0,"href":"https:\/\/flags-world.com\/lv\/wp-json\/wp\/v2\/posts\/1554\/revisions"}],"wp:featuredmedia":[{"embeddable":true,"href":"https:\/\/flags-world.com\/lv\/wp-json\/wp\/v2\/media\/5830"}],"wp:attachment":[{"href":"https:\/\/flags-world.com\/lv\/wp-json\/wp\/v2\/media?parent=1554"}],"wp:term":[{"taxonomy":"category","embeddable":true,"href":"https:\/\/flags-world.com\/lv\/wp-json\/wp\/v2\/categories?post=1554"},{"taxonomy":"post_tag","embeddable":true,"href":"https:\/\/flags-world.com\/lv\/wp-json\/wp\/v2\/tags?post=1554"}],"curies":[{"name":"wp","href":"https:\/\/api.w.org\/{rel}","templated":true}]}}