{"id":1553,"date":"2021-01-04T17:18:12","date_gmt":"2021-01-04T14:18:12","guid":{"rendered":"https:\/\/flags-world.com\/lv\/2021\/01\/04\/grendas-karogs-krsas-un-nozme\/"},"modified":"2021-01-04T17:18:12","modified_gmt":"2021-01-04T14:18:12","slug":"grendas-karogs-krsas-un-nozme","status":"publish","type":"post","link":"https:\/\/flags-world.com\/lv\/grendas-karogs-krsas-un-nozme\/","title":{"rendered":"Gren\u0101das karogs: kr\u0101sas un noz\u012bme"},"content":{"rendered":"<p style=\"text-align: justify\">Gren\u0101da \u2014 vald\u012bba, kas atrodas uz sal\u0101m Kar\u012bbu j\u016bras dienvidaustrumu da\u013c\u0101. L\u012bdz divdesmit\u0101 gadsimta vidum t\u0101 bija ang\u013cu kolonija, kuras beig\u0101s vald\u012bba ieguva neatkar\u012bbu. Konkr\u0113ti, valsts pa\u0161vald\u012bbas karogs ir ieguvis m\u016bsdien\u012bgu izskatu:<\/p>\n<p style=\"text-align: justify\"><span itemprop=\"image\" itemscope itemtype=\"https:\/\/schema.org\/ImageObject\"><img itemprop=\"url image\" loading=\"lazy\" decoding=\"async\" class=\"alignnone size-full wp-image-3384\" src=\"\/wp-content\/uploads\/2021\/01\/flag-of-grenada_1.png\" width=\"500\" height=\"300\" alt=\"Gren\u0101das karogs-1\" \/><meta itemprop=\"width\" content=\"500\"><meta itemprop=\"height\" content=\"300\"><\/span><\/p>\n<h2 style=\"text-align: justify\">Karoga v\u0113sture<\/h2>\n<p style=\"text-align: justify\">L\u012bdz 1967.\u00a0gada 3.\u00a0martam, taj\u0101 laik\u0101,\u00a0kad Gren\u0101da bija viena no Anglijas salu kolonij\u0101m, vi\u0146as karogs bija l\u012bdz\u012bgs otr\u0101 aizj\u016bras \u012bpa\u0161uma kopv\u0113rt\u0113jumam\u00a0\u2014 vi\u0146\u0161 bija filmas iek\u0161puses kr\u0101sa, kas att\u0113loja Union Jack (pa\u0161vald\u012bbas karogs). Anglijas) Kreisaj\u0101 aug\u0161\u0113j\u0101 ceturksn\u012b un apa\u013ca z\u012bme, kas att\u0113lo buru ku\u0123i uz vi\u013c\u0146iem labaj\u0101 pus\u0113.<\/p>\n<p style=\"text-align: justify\"><span itemprop=\"image\" itemscope itemtype=\"https:\/\/schema.org\/ImageObject\"><img itemprop=\"url image\" loading=\"lazy\" decoding=\"async\" class=\"alignnone size-full wp-image-3386\" src=\"\/wp-content\/uploads\/2021\/01\/flag-of-grenada_2.png\" width=\"500\" height=\"250\" alt=\"Gren\u0101das karogs-2\" \/><meta itemprop=\"width\" content=\"500\"><meta itemprop=\"height\" content=\"250\"><\/span><\/p>\n<p style=\"text-align: justify\">Gandr\u012bz 7 gadus &#8211; no 1967. gada marta l\u012bdz 1974. gada febru\u0101rim asoci\u0113t\u0101s valsts Gren\u0101das karogs krasi at\u0161\u0137iras no varianta, kas pie\u0146emts \u0161ai dienai. Fon\u0101 bija tr\u012bs joslas &#8211; zil\u0101, dzelten\u012bg\u0101 un za\u013cgan\u0101 kr\u0101s\u0101, un centr\u0101 bija balts aplis ar mucat.<\/p>\n<p style=\"text-align: justify\"><span itemprop=\"image\" itemscope itemtype=\"https:\/\/schema.org\/ImageObject\"><img itemprop=\"url image\" loading=\"lazy\" decoding=\"async\" class=\"alignnone size-full wp-image-3387\" src=\"\/wp-content\/uploads\/2021\/01\/flag-of-grenada_3.png\" width=\"500\" height=\"333\" alt=\"Gren\u0101das karogs-3\" \/><meta itemprop=\"width\" content=\"500\"><meta itemprop=\"height\" content=\"333\"><\/span><\/p>\n<p style=\"text-align: justify\">Gren\u0101das piln\u012bga neatkar\u012bba notika tie\u0161i divdesmit\u0101 gadsimta 70. gadu pirmaj\u0101 pus\u0113, un jau \u010detras dienas v\u0113l\u0101k, beidzoties piln\u012bgas autonomijas atz\u012b\u0161anai no Lielbrit\u0101nijas, pag\u0101tnes Trikoloras viet\u0101 tika pie\u0146emts ofici\u0101lais karogs. kura izskats paliek nemain\u012bgs un \u0161obr\u012bd.<\/p>\n<p style=\"text-align: justify\">Rad\u012bt\u0101js, kur\u0161 izgatavoja moderno valsts rekl\u0101mkaroga dizainu, ir Entonijs Si Judge.<\/p>\n<h2 style=\"text-align: justify\">Apraksts<\/h2>\n<p style=\"text-align: justify\">Gren\u0101das \u0161tata karoga malu attiec\u012bba ir standarta liel\u0101kajai da\u013cai \u0161tatu un ir 5:3.<\/p>\n<p style=\"text-align: justify\">Visu perimetru ieskauj plata sarkana apmale, uz kuras uzliktas 6 piecstaru zelta zvaigznes &#8211; tr\u012bs auduma aug\u0161\u0101 un apak\u0161\u0101.<\/p>\n<p style=\"text-align: justify\">Uz karoga att\u0113loto zvaig\u017e\u0146u skaits ir vien\u0101ds ar valsts administrat\u012bvo vien\u012bbu skaitu:<\/p>\n<ul style=\"text-align: justify\">\n<li>Sv\u0113tais D\u017eord\u017es;<\/li>\n<li>Sv\u0113tais Marks;<\/li>\n<li>Sv\u0113tais J\u0101nis;<\/li>\n<li>Sv\u0113tais Patriks;<\/li>\n<li>Sv\u0113tais Andrejs;<\/li>\n<li>Sv\u0113tais Deivids.<\/li>\n<\/ul>\n<p style=\"text-align: justify\">Iek\u0161\u0113j\u0101 da\u013ca ir sadal\u012bta \u010detros sektoros. Aug\u0161\u0113jais un apak\u0161\u0113jais sektors ir trijst\u016bra forma dzelten\u0101 kr\u0101s\u0101, bet labais un kreisais attiec\u012bgi za\u013c\u0161.<\/p>\n<p style=\"text-align: justify\">Pa\u0161\u0101 centr\u0101 ir sarkans aplis ar dzeltenu piecstaru zvaigzni. \u0160\u012b zvaigzne nor\u0101da uz valsts galvaspils\u0113tu.<\/p>\n<p style=\"text-align: justify\">Kreisaj\u0101 pus\u0113 za\u013c\u0101 tr\u012bsst\u016brveida lauk\u0101 att\u0113lots ar embl\u0113mu piestiprin\u0101ts stiliz\u0113ts muskatrieksts. Vi\u0146a \u010daumala ir dzeltena, un rieksta kodols ir sarkans.<\/p>\n<h2 style=\"text-align: justify\">Gren\u0101das kr\u0101su karogs<\/h2>\n<p style=\"text-align: justify\">Dizain\u0101 izmantotas tr\u012bs kr\u0101sas: dzeltena, za\u013ca un sarkana. To kombin\u0101cija \u0100frikas valst\u012bm ir vienk\u0101r\u0161a, un kopum\u0101 simboliz\u0113 to, ko Gren\u0101da uzsver savu v\u0113st\u012bjumu \u0100frikai.<\/p>\n<p style=\"text-align: justify\">Kr\u0101su v\u0113rt\u012bbas uz karoga:<\/p>\n<ol style=\"text-align: justify\">\n<li>Sarkans: Gren\u0101das iedz\u012bvot\u0101ju daba, kas izce\u013cas ar drosmi un dz\u012bv\u012bbu, cilv\u0113ku vienot\u012bbu, m\u012blest\u012bbu pret br\u012bvu un br\u012bvu likteni;<\/li>\n<li>Dzeltens (zelts): valsts iedz\u012bvot\u0101ju gudr\u012bba, siltums un draudz\u012bgums, saules gaismas simbols;<\/li>\n<li>Za\u013c\u0161: par to liecina Gren\u0101das lab\u012bbas zemes un lauki.<\/li>\n<\/ol>\n<p style=\"text-align: justify\">Muskata att\u0113ls uz karoga ir tie\u0161s, jo \u0161\u012b gar\u0161viela jau ilgu laiku ir pieejama valsts galvenaj\u0101 eksporta poz\u012bcij\u0101.<\/p>\n<p style=\"text-align: justify\">No Gren\u0101das pieg\u0101d\u0101tie muskatrieksti aiz\u0146em 40% no pasaules tirgus, kas iepriek\u0161 tika d\u0113v\u0113ts par &quot;gar\u0161vielu salu&quot;, jo taj\u0101 auga milz\u012bgs muskatriekstu koku skaits.<\/p>\n<blockquote>\n<p style=\"text-align: justify\">Gren\u0101das karogu var izmantot visi valsts pilso\u0146i, p\u0101rst\u0101vniec\u012bbas un vismaz. Neskaitot to tie\u0161i tas ir galvenais valsts armijai.<\/p>\n<\/blockquote>\n<h2 style=\"text-align: justify\">Nespecializ\u0113ta inform\u0101cija par Gren\u0101du<\/h2>\n<table>\n<tbody>\n<tr style=\"text-align: justify\">\n<td>Ofici\u0101l\u0101 valoda<\/td>\n<td>Ang\u013cu<\/td>\n<\/tr>\n<tr style=\"text-align: justify\">\n<td>Kapit\u0101ls<\/td>\n<td>Sv\u0113tais D\u017eord\u017es<\/td>\n<\/tr>\n<tr style=\"text-align: justify\">\n<td>Teritorija<\/td>\n<td>344 km2<\/td>\n<\/tr>\n<tr style=\"text-align: justify\">\n<td>Popul\u0101cija<\/td>\n<td>108 789 cilv\u0113ki<\/td>\n<\/tr>\n<tr style=\"text-align: justify\">\n<td>Val\u016bta<\/td>\n<td>Austrumkar\u012bbu dol\u0101rs (XCD, kods 951)<\/td>\n<\/tr>\n<tr>\n<td style=\"text-align: justify\">Telefona kods<\/td>\n<td style=\"text-align: justify\">+1-473<\/td>\n<\/tr>\n<\/tbody>\n<\/table>\n","protected":false},"excerpt":{"rendered":"<p>Gren\u0101da \u2014 vald\u012bba, kas atrodas uz sal\u0101m Kar\u012bbu j\u016bras dienvidaustrumu da\u013c\u0101. L\u012bdz divdesmit\u0101 gadsimta vidum t\u0101 bija ang\u013cu kolonija, kuras beig\u0101s vald\u012bba ieguva neatkar\u012bbu. Konkr\u0113ti, valsts pa\u0161vald\u012bbas karogs&#8230;<\/p>\n","protected":false},"author":1,"featured_media":5829,"comment_status":"open","ping_status":"open","sticky":false,"template":"","format":"standard","meta":{"footnotes":""},"categories":[7],"tags":[],"class_list":["post-1553","post","type-post","status-publish","format-standard","has-post-thumbnail","","category-dienvidamerikas-karogi"],"aioseo_notices":[],"_links":{"self":[{"href":"https:\/\/flags-world.com\/lv\/wp-json\/wp\/v2\/posts\/1553","targetHints":{"allow":["GET"]}}],"collection":[{"href":"https:\/\/flags-world.com\/lv\/wp-json\/wp\/v2\/posts"}],"about":[{"href":"https:\/\/flags-world.com\/lv\/wp-json\/wp\/v2\/types\/post"}],"author":[{"embeddable":true,"href":"https:\/\/flags-world.com\/lv\/wp-json\/wp\/v2\/users\/1"}],"replies":[{"embeddable":true,"href":"https:\/\/flags-world.com\/lv\/wp-json\/wp\/v2\/comments?post=1553"}],"version-history":[{"count":0,"href":"https:\/\/flags-world.com\/lv\/wp-json\/wp\/v2\/posts\/1553\/revisions"}],"wp:featuredmedia":[{"embeddable":true,"href":"https:\/\/flags-world.com\/lv\/wp-json\/wp\/v2\/media\/5829"}],"wp:attachment":[{"href":"https:\/\/flags-world.com\/lv\/wp-json\/wp\/v2\/media?parent=1553"}],"wp:term":[{"taxonomy":"category","embeddable":true,"href":"https:\/\/flags-world.com\/lv\/wp-json\/wp\/v2\/categories?post=1553"},{"taxonomy":"post_tag","embeddable":true,"href":"https:\/\/flags-world.com\/lv\/wp-json\/wp\/v2\/tags?post=1553"}],"curies":[{"name":"wp","href":"https:\/\/api.w.org\/{rel}","templated":true}]}}