{"id":1552,"date":"2021-01-04T17:18:12","date_gmt":"2021-01-04T14:18:12","guid":{"rendered":"https:\/\/flags-world.com\/lv\/2021\/01\/04\/grieijas-karogs-krsa-un-nozme\/"},"modified":"2021-01-04T17:18:12","modified_gmt":"2021-01-04T14:18:12","slug":"grieijas-karogs-krsa-un-nozme","status":"publish","type":"post","link":"https:\/\/flags-world.com\/lv\/grieijas-karogs-krsa-un-nozme\/","title":{"rendered":"Grie\u0137ijas karogs: kr\u0101sa un noz\u012bme"},"content":{"rendered":"<p style=\"text-align: justify\">Grie\u0137ijas karogs ir viena no nopietn\u0101kaj\u0101m pa\u0161vald\u012bbu z\u012bm\u0113m, kas atrodas katr\u0101 valst\u012b, re\u0123ion\u0101 un daudz\u0101s pils\u0113t\u0101s. Iev\u0113rojami bie\u017e\u0101k pa\u0161vald\u012bbas karogs ir pane\u013ca noteikta izm\u0113ra un formas (praktiski vismaz cikos, taisnst\u016bris) ar noteiktu kr\u0101su un skici. Vismaz k\u0101dai z\u012bmei ir noteikts st\u0101sts un vismaz k\u0101da noteikta b\u016bt\u012bba.<\/p>\n<p style=\"text-align: justify\">T\u0101tad, apl\u016bkojiet Grie\u0137ijas karogu:<\/p>\n<p style=\"text-align: justify\"><span itemprop=\"image\" itemscope itemtype=\"https:\/\/schema.org\/ImageObject\"><img itemprop=\"url image\" loading=\"lazy\" decoding=\"async\" class=\"alignnone size-full wp-image-3392\" src=\"\/wp-content\/uploads\/2021\/01\/flag-of-the-greece_1.png\" width=\"500\" height=\"333\" alt=\"Grie\u0137ijas karogs-1\" \/><meta itemprop=\"width\" content=\"500\"><meta itemprop=\"height\" content=\"333\"><\/span><\/p>\n<h2 style=\"text-align: justify\">Grie\u0137ijas v\u0113stures karogs<\/h2>\n<p style=\"text-align: justify\">Parastais Grie\u0137ijas karogs tika piln\u012bb\u0101 pie\u0146emts tikai divdesmit\u0101 gadsimta 70. gadu otraj\u0101 pus\u0113. Agr\u0101k vi\u0146\u0161 bie\u017ei main\u012bj\u0101s un izmantoja neofici\u0101li.<\/p>\n<p style=\"text-align: justify\">Grie\u0137ijas z\u012bmei ir pietiekami gar\u0161 un sare\u017e\u0123\u012bts st\u0101sts.<\/p>\n<p style=\"text-align: justify\">Grie\u0137ijas karoga kr\u0101su un galveno z\u012bmju datuma izmai\u0146as:<\/p>\n<ul style=\"text-align: justify\">\n<li>Saska\u0146ojot ar le\u0123end\u0101m, 1807. gad\u0101 par\u0101d\u012bj\u0101s m\u016bsdienu Grie\u0137ijas karoga izk\u0101rtojums. Tad priesteris sar\u0101va balti zilo audumu, kas simboliz\u0113ja Grie\u0137ijas atjauno\u0161anu un br\u012bv\u012bbu \u010detrus gadus ilg\u0101 Osma\u0146u j\u016bga beig\u0101s;<\/li>\n<li>Grie\u0137ijas neatkar\u012bbas pasludin\u0101\u0161anas beig\u0101s, XIX gadsimta 20. gadu pirmaj\u0101 pus\u0113, grie\u0137i tika pie\u0146emti ar gai\u0161i zilo karogu, kam tika pievienots Baltais krusts;<\/li>\n<\/ul>\n<p>No 1832. l\u012bdz 1863. gadam Grie\u0137ijas karogs saist\u012bb\u0101 ar valdnieku mai\u0146u ir ne\u0113rti main\u012bjis person\u012bg\u0101s satrieco\u0161\u0101s joslas nek\u0101 tum\u0161\u0101kaj\u0101s un v\u0113l\u0101k atkal satrieco\u0161\u0101s;<span itemprop=\"image\" itemscope itemtype=\"https:\/\/schema.org\/ImageObject\"><img itemprop=\"url image\" loading=\"lazy\" decoding=\"async\" class=\"alignnone size-full wp-image-3393\" src=\"\/wp-content\/uploads\/2021\/01\/flag-of-the-greece_2.png\" width=\"500\" height=\"333\" alt=\"Grie\u0137ijas karogs-2\" \/><meta itemprop=\"width\" content=\"500\"><meta itemprop=\"height\" content=\"333\"><\/span><\/p>\n<ul style=\"text-align: justify\">\n<li>Devi\u0146padsmit\u0101 gadsimta 60. gadu pirmaj\u0101 pus\u0113 pane\u013ca gai\u0161i zil\u0101 kr\u0101sa tika nomain\u012bta uz tum\u0161i zilu.<\/li>\n<\/ul>\n<p style=\"text-align: justify\">\u0160obr\u012bd ofici\u0101li nebija aizliegts ieviest 3 da\u017e\u0101du veidu Grie\u0137ijas karogus. Pa\u0161vald\u012bbu noteica Zilais karogs, uz kura bija att\u0113lots Baltais krusts, bet krusta centr\u0101 bija kara\u013ca kro\u0146a att\u0113ls. Valsts simbols, ko pat\u0113r\u0113ja grie\u0137i, izskat\u012bj\u0101s gandr\u012bz vien\u0101di k\u0101 valsts, vien\u012bg\u0101 at\u0161\u0137ir\u012bba bija kronu tr\u016bkums uz t\u0101. Citos \u0161tatos, ost\u0101s un uz ku\u0123iem grie\u0137i izmantoja audumu, kas izloc\u012bts no 9 zili balt\u0101m sloksn\u0113m, kuru aug\u0161\u0113j\u0101 kreisaj\u0101 st\u016br\u012b atrad\u0101s zils kvadr\u0101ts ar baltu krustu.<\/p>\n<p style=\"text-align: justify\"><span itemprop=\"image\" itemscope itemtype=\"https:\/\/schema.org\/ImageObject\"><img itemprop=\"url image\" loading=\"lazy\" decoding=\"async\" class=\"alignnone size-full wp-image-3394\" src=\"\/wp-content\/uploads\/2021\/01\/flag-of-the-greece_3.png\" width=\"500\" height=\"333\" alt=\"Grie\u0137ijas karogs-3\" \/><meta itemprop=\"width\" content=\"500\"><meta itemprop=\"height\" content=\"333\"><\/span><\/p>\n<ul style=\"text-align: justify\">\n<li>Divdesmit\u0101 gadsimta 20. gadu pirmaj\u0101 pus\u0113 Grie\u0137ij\u0101 tika uzst\u0101d\u012bts viens ofici\u0101ls karogs &#8211; devi\u0146u joslu;<\/li>\n<li>No 1945. l\u012bdz 1949. gadam notiku\u0161aj\u0101s c\u012b\u0146\u0101s Balt\u0101 krusta vidum tika pievienots sarkans aplis, kur\u0101 tika ierakst\u012bts tr\u012bsst\u016bris;<\/li>\n<li>20. gadsimta 40. gadu pirmaj\u0101 pus\u0113 tika atgriezta vair\u0101ku karogu kombin\u0101cija;<\/li>\n<li>20. gadsimta 70. gadu pirmaj\u0101 pus\u0113 ier\u0113dnis tika atz\u012bts par simbolu, kas pie\u0146emts 20. gadsimta 60. gadu pirmaj\u0101 pus\u0113 k\u0101 valsts;<\/li>\n<li>1975. gad\u0101 Grie\u0137ijas vald\u012bbas izveidotais ofici\u0101lais karogs ir izgatavots no zila auduma, uz kura att\u0113lots Baltais krusts. Devi\u0146u ce\u013cu karoga ievie\u0161ana turpin\u0101s l\u012bdz devi\u0146u ce\u013cu karoga ievie\u0161anai k\u0101 neofici\u0101lam;<\/li>\n<li>20. gadsimta 70. gadu otraj\u0101 pus\u0113 tika pie\u0146emts simbols, kas ir vien\u012bgais ofici\u0101lais laiks.<\/li>\n<\/ul>\n<p style=\"text-align: justify\"><span itemprop=\"image\" itemscope itemtype=\"https:\/\/schema.org\/ImageObject\"><img itemprop=\"url image\" loading=\"lazy\" decoding=\"async\" class=\"alignnone size-full wp-image-3395\" src=\"\/wp-content\/uploads\/2021\/01\/flag-of-the-greece_4.png\" width=\"500\" height=\"333\" alt=\"Grie\u0137ijas karogs-4\" \/><meta itemprop=\"width\" content=\"500\"><meta itemprop=\"height\" content=\"333\"><\/span> <span itemprop=\"image\" itemscope itemtype=\"https:\/\/schema.org\/ImageObject\"><img itemprop=\"url image\" loading=\"lazy\" decoding=\"async\" class=\"alignnone size-full wp-image-3396\" src=\"\/wp-content\/uploads\/2021\/01\/flag-of-the-greece_5.png\" width=\"500\" height=\"292\" alt=\"Grie\u0137ijas karogs-5\" \/><meta itemprop=\"width\" content=\"500\"><meta itemprop=\"height\" content=\"292\"><\/span><\/p>\n<h2 style=\"text-align: justify\">Apraksts Grie\u0137ijas karogs<\/h2>\n<p style=\"text-align: justify\">\u0160aj\u0101 dien\u0101 Grie\u0137ijas simbolam ir audums ar zil\u0101m un balt\u0101m sv\u012btr\u0101m. Aug\u0161\u0113j\u0101 kreisaj\u0101 st\u016br\u012b ir zils kvadr\u0101ts, kura iek\u0161pus\u0113 ir ierakst\u012bts balts krusts.<\/p>\n<p style=\"text-align: justify\">Aug\u0161\u0113j\u0101s un apak\u0161\u0113j\u0101s karoga sv\u012btras past\u0101v\u012bgi ir tikai zilas.<\/p>\n<h2 style=\"text-align: justify\">Kr\u0101su karogs Grie\u0137ija<\/h2>\n<p style=\"text-align: justify\">Nepiev\u0113r\u0161ot uzman\u012bbu tam, ka grie\u0137u simbols bie\u017ei main\u012bja person\u012bgo uzkr\u0101\u0161anos &#8211; t\u0101 galven\u0101s kr\u0101sas vienm\u0113r bija aptuveni vien\u0101das (balta, zila, zila). M\u016bsdienu Grie\u0137ijas karogam ir tikai 2 kr\u0101sas:<\/p>\n<ul>\n<li style=\"text-align: justify\">Balts;<\/li>\n<li style=\"text-align: justify\">Zils.<\/li>\n<\/ul>\n<h2 style=\"text-align: justify\">Rakstz\u012bmju un karoga kr\u0101su noz\u012bme<\/h2>\n<p style=\"text-align: justify\">Ir \u013coti daudz da\u017e\u0101du simbolu un Grie\u0137ijas karoga kr\u0101su interpret\u0101ciju.<\/p>\n<p style=\"text-align: justify\">Gandr\u012bz viss sapl\u016bst ar to, ka cer\u012bbas &#8211; un balt\u0101 t\u012br\u012bbas kr\u0101sa, savuk\u0101rt zilajai ir v\u0113rt\u012bbu p\u0101ris:<\/p>\n<ul style=\"text-align: justify\">\n<li>Da\u017ei apr\u0113\u0137ina zilo kr\u0101su &#8211; br\u012bv\u012bbas kr\u0101su, kas grie\u0137u tautai ir \u013coti svar\u012bga.<\/li>\n<li>Tiek uzskat\u012bts, ka zil\u0101 kr\u0101sa ir j\u016bras kr\u0101sa. Un tie, kas mekl\u0113 interpret\u0101ciju grie\u0137u mitolo\u0123ij\u0101, par\u0101da, ka Afrod\u012bte izn\u0101ca no Zil\u0101 \u016bdens ar balt\u0101m j\u016bras put\u0101m.<\/li>\n<li>Viena no iecien\u012bt\u0101kaj\u0101m iesp\u0113j\u0101m tiek uzskat\u012bta par zilu noz\u012bmi k\u0101 debesis virs Grie\u0137ijas un baltajiem m\u0101ko\u0146iem uz t\u0101m.<\/li>\n<\/ul>\n<p style=\"text-align: justify\">Grie\u0137ij\u0101 nav apstiprin\u0101ts pareizais zil\u0101s kr\u0101sas tonis, pamatojoties uz to, periodiski valsts z\u012bmi var att\u0113lot ar zilu. Grie\u0137ijas vald\u012bba to uztver klusi.<\/p>\n<blockquote>\n<p style=\"text-align: justify\">Baltais krusts uz karoga nes neatk\u0101rtojam\u0101s grie\u0137u pareiztic\u012bbas apz\u012bm\u0113jumu.<\/p>\n<\/blockquote>\n<p style=\"text-align: justify\">Nav izred\u017eu j\u0101, nu, nu, tas, ka grupas Grie\u0137ijas karog\u0101 tie\u0161i 9. Bet idejas, k\u0101da iemesla d\u0113\u013c, tie\u0161i 9 &#8211; at\u0161\u0137iras:<\/p>\n<ul style=\"text-align: justify\">\n<li>K\u0101ds atg\u0101dina, ka sv\u012btro 9, jo v\u0101rdam &quot;br\u012bv\u012bba&quot; grie\u0137u valod\u0101 ir 9 burti;<\/li>\n<li>Citi ir p\u0101rliecin\u0101ti, ka 9 joslas uz karoga kop\u0161 sauklis par grie\u0137u atbr\u012bvo\u0161anu no Osma\u0146u IGA bija fr\u0101ze &quot;Br\u012bv\u012bba vai n\u0101ve&quot;, kurai grie\u0137u valod\u0101 ir 9 zilbes.<\/li>\n<\/ul>\n<p style=\"text-align: justify\">Neatkar\u012bgi no uzskait\u012btaj\u0101m v\u0113rt\u012bb\u0101m, 9 &#8211; grie\u0137u m\u016bzu skaits, kas ir zin\u0101tnes un apgaism\u012bbas dievietes.<\/p>\n<p style=\"text-align: justify\">Katras valsts karogs nes milz\u012bgu un izklaid\u0113jo\u0161u v\u0113sturi. Katra kr\u0101sa un simbols aptver noteiktu \u0161\u012b cilv\u0113ku ce\u013ca b\u016bt\u012bbu. Grie\u0137ijas karogs &#8211; nav iz\u0146\u0113mums. Nepiev\u0113r\u0161ot uzman\u012bbu form\u0113juma garajai v\u0113sturei, tagad karogs pieejams jau par 41.<\/p>\n<h2 style=\"text-align: justify\">Nespecializ\u0113ta inform\u0101cija par Grie\u0137iju<\/h2>\n<table>\n<tbody>\n<tr>\n<td>Ofici\u0101l\u0101 valoda<\/td>\n<td>grie\u0137u valoda<\/td>\n<\/tr>\n<tr>\n<td>Kapit\u0101ls<\/td>\n<td>At\u0113nas<\/td>\n<\/tr>\n<tr>\n<td>Teritorija<\/td>\n<td>&gt; 131 957 km2<\/td>\n<\/tr>\n<tr>\n<td>Popul\u0101cija<\/td>\n<td>10 741 165 cilv\u0113ki<\/td>\n<\/tr>\n<tr>\n<td>Val\u016bta<\/td>\n<td>Eiro (EUR, kods 978)<\/td>\n<\/tr>\n<tr>\n<td>Telefona kods<\/td>\n<td>+tr\u012bsdesmit<\/td>\n<\/tr>\n<\/tbody>\n<\/table>\n","protected":false},"excerpt":{"rendered":"<p>Grie\u0137ijas karogs ir viena no nopietn\u0101kaj\u0101m pa\u0161vald\u012bbu z\u012bm\u0113m, kas atrodas katr\u0101 valst\u012b, re\u0123ion\u0101 un daudz\u0101s pils\u0113t\u0101s. Iev\u0113rojami bie\u017e\u0101k pa\u0161vald\u012bbas karogs ir pane\u013ca noteikta izm\u0113ra un formas (praktiski vismaz&#8230;<\/p>\n","protected":false},"author":1,"featured_media":5831,"comment_status":"open","ping_status":"open","sticky":false,"template":"","format":"standard","meta":{"footnotes":""},"categories":[3],"tags":[],"class_list":["post-1552","post","type-post","status-publish","format-standard","has-post-thumbnail","","category-eiropas-karogi"],"aioseo_notices":[],"_links":{"self":[{"href":"https:\/\/flags-world.com\/lv\/wp-json\/wp\/v2\/posts\/1552","targetHints":{"allow":["GET"]}}],"collection":[{"href":"https:\/\/flags-world.com\/lv\/wp-json\/wp\/v2\/posts"}],"about":[{"href":"https:\/\/flags-world.com\/lv\/wp-json\/wp\/v2\/types\/post"}],"author":[{"embeddable":true,"href":"https:\/\/flags-world.com\/lv\/wp-json\/wp\/v2\/users\/1"}],"replies":[{"embeddable":true,"href":"https:\/\/flags-world.com\/lv\/wp-json\/wp\/v2\/comments?post=1552"}],"version-history":[{"count":0,"href":"https:\/\/flags-world.com\/lv\/wp-json\/wp\/v2\/posts\/1552\/revisions"}],"wp:featuredmedia":[{"embeddable":true,"href":"https:\/\/flags-world.com\/lv\/wp-json\/wp\/v2\/media\/5831"}],"wp:attachment":[{"href":"https:\/\/flags-world.com\/lv\/wp-json\/wp\/v2\/media?parent=1552"}],"wp:term":[{"taxonomy":"category","embeddable":true,"href":"https:\/\/flags-world.com\/lv\/wp-json\/wp\/v2\/categories?post=1552"},{"taxonomy":"post_tag","embeddable":true,"href":"https:\/\/flags-world.com\/lv\/wp-json\/wp\/v2\/tags?post=1552"}],"curies":[{"name":"wp","href":"https:\/\/api.w.org\/{rel}","templated":true}]}}