{"id":1550,"date":"2021-01-04T17:18:12","date_gmt":"2021-01-04T14:18:12","guid":{"rendered":"https:\/\/flags-world.com\/lv\/2021\/01\/04\/hondurasas-karogs-nozmes-un-krsas\/"},"modified":"2021-01-04T17:18:12","modified_gmt":"2021-01-04T14:18:12","slug":"hondurasas-karogs-nozmes-un-krsas","status":"publish","type":"post","link":"https:\/\/flags-world.com\/lv\/hondurasas-karogs-nozmes-un-krsas\/","title":{"rendered":"Hondurasas karogs: noz\u012bmes un kr\u0101sas"},"content":{"rendered":"<p style=\"text-align: justify\">Hondurasas karogs tika apstiprin\u0101ts 1866. gada 9. janv\u0101r\u012b un izskat\u0101s p\u0113c tr\u012bs celi\u0146u zili-baltzila auduma.<\/p>\n<blockquote>\n<p style=\"text-align: justify\">Karoga centr\u0101 uz baltas sv\u012btras ir piecas zilas piecstaru zvaigznes.<\/p>\n<\/blockquote>\n<p style=\"text-align: justify\">Valsts Hondurasa ir neliela vald\u012bba, kas atrodas Centr\u0101lamerik\u0101. S\u0101kum\u0101, XVI gadsimt\u0101, Kristofors Kolumbs ku\u0123oja uz Hondurasas zieme\u013cu krastu, un p\u0113c 22.\u00a0gadiem sp\u0101\u0146i s\u0101ka pilna m\u0113roga valsts koloniz\u0101ciju. Bie\u017ei vien no iebruc\u0113jiem valsts sp\u0113ja tikai XIX gadsimta 20. gadu pirmaj\u0101 pus\u0113. Tad par\u0101d\u012bj\u0101s 1. pa\u0161vald\u012bbas simbolika.<\/p>\n<p style=\"text-align: justify\">T\u0101tad Hondurasas karogs izskat\u0101s \u0161\u0101di: foto<\/p>\n<p style=\"text-align: justify\"><span itemprop=\"image\" itemscope itemtype=\"https:\/\/schema.org\/ImageObject\"><img itemprop=\"url image\" loading=\"lazy\" decoding=\"async\" class=\"alignnone size-full wp-image-3406\" src=\"\/wp-content\/uploads\/2021\/01\/flag-of-honduras_1.png\" width=\"500\" height=\"250\" alt=\"Hondurasas karogs-1\" \/><meta itemprop=\"width\" content=\"500\"><meta itemprop=\"height\" content=\"250\"><\/span><\/p>\n<h2 style=\"text-align: justify\">Hondurasas v\u0113stures karogs<\/h2>\n<p style=\"text-align: justify\">Hondurasas 1. karogs par\u0101d\u012bj\u0101s 1821. gada 15. septembr\u012b, \u0161obr\u012bd, taj\u0101 laik\u0101, laik\u0101, kad vald\u012bba atbr\u012bvoj\u0101s no Sp\u0101nijas. Pats pirm\u0101 karoga izskats \u013coti at\u0161\u0137iras no visiem turpm\u0101kajiem. Tas bija audums, ko gleznot\u0101js sadal\u012bja 3 sv\u012btr\u0101s: sarkan\u0101, za\u013c\u0101 un balt\u0101. Starp za\u013caj\u0101m (centr\u0101laj\u0101m) josl\u0101m tika att\u0113lots ar Hondurasas embl\u0113mu. Otr\u0101s sv\u012btras glab\u0101j\u0101s uz vienas zvaigznes. \u0160is audums dega l\u012bdz 1823. gadam, un t\u0101 beig\u0101s vi\u0146\u0161 tika nomain\u012bts 2, l\u012bdz\u012bg\u0101ks m\u016bsdienu.<\/p>\n<p style=\"text-align: justify\"><span itemprop=\"image\" itemscope itemtype=\"https:\/\/schema.org\/ImageObject\"><img itemprop=\"url image\" loading=\"lazy\" decoding=\"async\" class=\"alignnone size-full wp-image-3407\" src=\"\/wp-content\/uploads\/2021\/01\/flag-of-honduras_2.png\" width=\"500\" height=\"333\" alt=\"Hondurasas karogs-2\" \/><meta itemprop=\"width\" content=\"500\"><meta itemprop=\"height\" content=\"333\"><\/span><\/p>\n<p style=\"text-align: justify\">Var b\u016bt izmai\u0146as pa\u0161vald\u012bbas z\u012bm\u0113, neskaitot to, jo 1821. gada beig\u0101s, laik\u0101, kad Hondurasa pasludin\u0101ja savu neatkar\u012bbu, Sp\u0101nijas vald\u012bba neatzina \u0161o faktu v\u0113l tr\u012bs gadus, n\u0101kotn\u0113. l\u012bdz 1823. gadam.<\/p>\n<p style=\"text-align: justify\">Gadsimta vid\u016b par jaunu Hondurasas z\u012bmi k\u013cuva audums, kas sadal\u012bts tr\u012bs sv\u012btr\u0101s: aug\u0161\u0101 un apak\u0161\u0101 bija zila kr\u0101sa, centr\u0101l\u0101 bija balta. Centr\u0101 bija att\u0113lots valsts \u0123erbonis. \u0160\u012b iesp\u0113ja bija valsts ofici\u0101l\u0101 z\u012bme tikai 1 gadu.<\/p>\n<p style=\"text-align: justify\"><span itemprop=\"image\" itemscope itemtype=\"https:\/\/schema.org\/ImageObject\"><img itemprop=\"url image\" loading=\"lazy\" decoding=\"async\" class=\"alignnone size-full wp-image-3408\" src=\"\/wp-content\/uploads\/2021\/01\/flag-of-honduras_3.png\" width=\"500\" height=\"333\" alt=\"Hondurasas karogs-3\" \/><meta itemprop=\"width\" content=\"500\"><meta itemprop=\"height\" content=\"333\"><\/span><\/p>\n<p style=\"text-align: justify\">Devi\u0146padsmit\u0101 gadsimta 20. gadu pirmaj\u0101 pus\u0113 karogu aizst\u0101ja Centr\u0101lamerikas feder\u0101cijas ofici\u0101lais simbols, kas no Hondurasas karoga at\u0161\u0137\u012br\u0101s ar to, ka tika nor\u0101d\u012bts audeklu centrs.<\/p>\n<p style=\"text-align: justify\"><span itemprop=\"image\" itemscope itemtype=\"https:\/\/schema.org\/ImageObject\"><img itemprop=\"url image\" loading=\"lazy\" decoding=\"async\" class=\"alignnone size-full wp-image-3409\" src=\"\/wp-content\/uploads\/2021\/01\/flag-of-honduras_4.png\" width=\"500\" height=\"333\" alt=\"Hondurasas karogs-4\" \/><meta itemprop=\"width\" content=\"500\"><meta itemprop=\"height\" content=\"333\"><\/span><\/p>\n<p style=\"text-align: justify\">Bet jau devi\u0146padsmit\u0101 gadsimta 1839.\u00a0gada otraj\u0101 pus\u0113 feder\u0101cija beidza savu past\u0101v\u0113\u0161anu, un Hondurasai atkal bija j\u0101maina simbolika. \u0160aj\u0101 gad\u012bjum\u0101 no zil\u0101s kr\u0101sas tika nolemts velt\u012bt par labu spilgti zilai. Neticot tam, no pane\u013ca centra neizdev\u0101s cauri \u0123erbonim.<\/p>\n<p style=\"text-align: justify\"><span itemprop=\"image\" itemscope itemtype=\"https:\/\/schema.org\/ImageObject\"><img itemprop=\"url image\" loading=\"lazy\" decoding=\"async\" class=\"alignnone size-full wp-image-3410\" src=\"\/wp-content\/uploads\/2021\/01\/flag-of-honduras_5.png\" width=\"500\" height=\"300\" alt=\"Hondurasas karogs-5\" \/><meta itemprop=\"width\" content=\"500\"><meta itemprop=\"height\" content=\"300\"><\/span><\/p>\n<p style=\"text-align: justify\">Devi\u0146padsmit\u0101 gadsimta 60. gadu otraj\u0101 pus\u0113 Hondurasa atkal main\u012bja valsts galveno simbolu. Karoga aug\u0161da\u013ca un apak\u0161da\u013ca s\u0101ka b\u016bt debeszil\u0101 kr\u0101s\u0101, un pane\u013ca centr\u0101 par\u0101d\u012bj\u0101s 5 debeszilas zvaigznes.<\/p>\n<p><span itemprop=\"image\" itemscope itemtype=\"https:\/\/schema.org\/ImageObject\"><img itemprop=\"url image\" loading=\"lazy\" decoding=\"async\" class=\"alignnone size-full wp-image-3411\" src=\"\/wp-content\/uploads\/2021\/01\/flag-of-honduras_6.png\" width=\"500\" height=\"250\" alt=\"Hondurasas karogs-6\" \/><meta itemprop=\"width\" content=\"500\"><meta itemprop=\"height\" content=\"250\"><\/span><\/p>\n<p>1866-1898<\/p>\n<p><span itemprop=\"image\" itemscope itemtype=\"https:\/\/schema.org\/ImageObject\"><img itemprop=\"url image\" loading=\"lazy\" decoding=\"async\" class=\"alignnone size-full wp-image-3412\" src=\"\/wp-content\/uploads\/2021\/01\/flag-of-honduras_7.png\" width=\"500\" height=\"250\" alt=\"Hondurasas karogs-7\" \/><meta itemprop=\"width\" content=\"500\"><meta itemprop=\"height\" content=\"250\"><\/span><\/p>\n<p>2. 1866.-1898<\/p>\n<p style=\"text-align: justify\">90. gadu 2. pus\u0113 un jubilej\u0101s zvaigzn\u012b\u0161u kr\u0101sa tika aizst\u0101ta ar zeltu, bet 20. gadsimta 40. gadu 2. pus\u0113 t\u0101s atkal atgrieza debeszilo nokr\u0101su un nemain\u012bja zvaig\u017e\u0146u st\u0101vokli. Kop\u0161 t\u0101 laika valsts ofici\u0101l\u0101 simbolika vairs nav main\u012bjusies.<\/p>\n<p style=\"text-align: justify\"><span itemprop=\"image\" itemscope itemtype=\"https:\/\/schema.org\/ImageObject\"><img itemprop=\"url image\" loading=\"lazy\" decoding=\"async\" class=\"alignnone size-full wp-image-3413\" src=\"\/wp-content\/uploads\/2021\/01\/flag-of-honduras_8.png\" width=\"500\" height=\"250\" alt=\"Hondurasas karogs-8\" \/><meta itemprop=\"width\" content=\"500\"><meta itemprop=\"height\" content=\"250\"><\/span> <span itemprop=\"image\" itemscope itemtype=\"https:\/\/schema.org\/ImageObject\"><img itemprop=\"url image\" loading=\"lazy\" decoding=\"async\" class=\"alignnone size-full wp-image-3414\" src=\"\/wp-content\/uploads\/2021\/01\/flag-of-honduras_9.png\" width=\"500\" height=\"250\" alt=\"Hondurasas karogs-9\" \/><meta itemprop=\"width\" content=\"500\"><meta itemprop=\"height\" content=\"250\"><\/span><\/p>\n<p style=\"text-align: justify\">5 zvaigznes, kas pievienotas Hondurasas karogam devi\u0146padsmit\u0101 gadsimta 60. gadu otraj\u0101 pus\u0113, noz\u012bm\u0113 5 sabiedrot\u0101s valstis, kas bija Centr\u0101lamerikas Feder\u0101cijas sast\u0101v\u0101. Tas tika ra\u017eots cer\u012bb\u0101, ka alianses valstis nekad vairs nesapl\u016bd\u012bs.<\/p>\n<h2 style=\"text-align: justify\">Apraksts<\/h2>\n<p style=\"text-align: justify\">Hondurasas karogs ir taisnst\u016brveida audums, kura malu attiec\u012bba ir 2 pret 1. Audekls ir sadal\u012bts horizont\u0101li tr\u012bs vien\u0101d\u0101s da\u013c\u0101s ar diviem to\u0146iem. Karoga centr\u0101 ir 5 zvaigznes, kas veido burtu H: divas zvaigznes kreisaj\u0101 pus\u0113 un divas labaj\u0101 pus\u0113, 5. audekla centr\u0101.<\/p>\n<h2 style=\"text-align: justify\">Kr\u0101su Hondurasas karogs<\/h2>\n<p style=\"text-align: justify\">Tr\u012bs sv\u012btr\u0101m uz Hondurasas karoga ir divas kr\u0101sas: spilgti zila un balta. Pane\u013ca apak\u0161\u0113j\u0101 un aug\u0161\u0113j\u0101 da\u013ca kr\u0101sota spilgti zil\u0101 kr\u0101s\u0101. Centr\u0101l\u0101 da\u013ca ir balt\u0101 kr\u0101s\u0101. Zvaigznes, kas att\u0113lotas audekla centr\u0101, t\u0101pat k\u0101 karoga malas, ir spilgti zil\u0101 nokr\u0101sa.<\/p>\n<h2 style=\"text-align: justify\">Noz\u012bm\u0113 kr\u0101sas Hondurasas karogs<\/h2>\n<p style=\"text-align: justify\">Spilgti zilas kr\u0101sas joslas simboliz\u0113 Klus\u0101 oke\u0101na un Kar\u012bbu j\u016bras \u016bdeni, ko ieskauj Hondurasa. Balt\u0101 kr\u0101sa simboliz\u0113 pasauli un labkl\u0101j\u012bbu. 5 zvaigznes noz\u012bm\u0113 5 biju\u0161\u0101s Centr\u0101lamerikas feder\u0101cijas \u0161tatus, kas, neskaitot Hondurasu, ietv\u0113ra Salvadoru, Kostariku, Nikaragvu un Gvatemalu.<\/p>\n<blockquote>\n<p style=\"text-align: justify\">5 zvaigznes noz\u012bm\u0113 ne tikai pa\u0161as valstis, kas k\u0101dreiz bija Centr\u0101lamerikas feder\u0101cijas da\u013ca, bet ar\u012b to v\u0113sturi, kas daudzus gadus cie\u0161i sadarboj\u0101s kaimi\u0146os.<\/p>\n<\/blockquote>\n<p style=\"text-align: justify\">Atbr\u012bvo\u0161an\u0101s no varas Sp\u0101nija\u00a0XIX gadsimt\u0101 Hondurasa nomain\u012bja pietiekami daudz karogu un piln\u012bb\u0101 apstiprin\u0101ja savu nacion\u0101lo simboliku tikai 20.\u00a0gadsimta 40.\u00a0gadu otraj\u0101 pus\u0113. Nu, \u0161obr\u012bd t\u0101 ir maza vald\u012bba, kas cen\u0161as pan\u0101kt mieru un labkl\u0101j\u012bbu, kas simboliz\u0113 t\u0101s karogu.<\/p>\n<h2 style=\"text-align: justify\">Nespecializ\u0113ta inform\u0101cija par Hondurasu<\/h2>\n<table>\n<tbody>\n<tr style=\"text-align: justify\">\n<td>Ofici\u0101l\u0101 valoda<\/td>\n<td>sp\u0101\u0146u valoda<\/td>\n<\/tr>\n<tr style=\"text-align: justify\">\n<td>Kapit\u0101ls<\/td>\n<td>Tegusigalpa<\/td>\n<\/tr>\n<tr style=\"text-align: justify\">\n<td>Teritorija<\/td>\n<td>112 090 km2<\/td>\n<\/tr>\n<tr style=\"text-align: justify\">\n<td>Popul\u0101cija<\/td>\n<td>8 448 465 cilv\u0113ki<\/td>\n<\/tr>\n<tr style=\"text-align: justify\">\n<td>Val\u016bta<\/td>\n<td>LEMPIRA (HNL, kods 340)<\/td>\n<\/tr>\n<tr>\n<td style=\"text-align: justify\">Telefona kods<\/td>\n<td style=\"text-align: justify\">+504<\/td>\n<\/tr>\n<\/tbody>\n<\/table>\n","protected":false},"excerpt":{"rendered":"<p>Hondurasas karogs tika apstiprin\u0101ts 1866. gada 9. janv\u0101r\u012b un izskat\u0101s p\u0113c tr\u012bs celi\u0146u zili-baltzila auduma. Karoga centr\u0101 uz baltas sv\u012btras ir piecas zilas piecstaru zvaigznes. Valsts Hondurasa ir&#8230;<\/p>\n","protected":false},"author":1,"featured_media":5838,"comment_status":"open","ping_status":"open","sticky":false,"template":"","format":"standard","meta":{"footnotes":""},"categories":[6],"tags":[],"class_list":["post-1550","post","type-post","status-publish","format-standard","has-post-thumbnail","","category-ziemeamerikas-karogi"],"aioseo_notices":[],"_links":{"self":[{"href":"https:\/\/flags-world.com\/lv\/wp-json\/wp\/v2\/posts\/1550","targetHints":{"allow":["GET"]}}],"collection":[{"href":"https:\/\/flags-world.com\/lv\/wp-json\/wp\/v2\/posts"}],"about":[{"href":"https:\/\/flags-world.com\/lv\/wp-json\/wp\/v2\/types\/post"}],"author":[{"embeddable":true,"href":"https:\/\/flags-world.com\/lv\/wp-json\/wp\/v2\/users\/1"}],"replies":[{"embeddable":true,"href":"https:\/\/flags-world.com\/lv\/wp-json\/wp\/v2\/comments?post=1550"}],"version-history":[{"count":0,"href":"https:\/\/flags-world.com\/lv\/wp-json\/wp\/v2\/posts\/1550\/revisions"}],"wp:featuredmedia":[{"embeddable":true,"href":"https:\/\/flags-world.com\/lv\/wp-json\/wp\/v2\/media\/5838"}],"wp:attachment":[{"href":"https:\/\/flags-world.com\/lv\/wp-json\/wp\/v2\/media?parent=1550"}],"wp:term":[{"taxonomy":"category","embeddable":true,"href":"https:\/\/flags-world.com\/lv\/wp-json\/wp\/v2\/categories?post=1550"},{"taxonomy":"post_tag","embeddable":true,"href":"https:\/\/flags-world.com\/lv\/wp-json\/wp\/v2\/tags?post=1550"}],"curies":[{"name":"wp","href":"https:\/\/api.w.org\/{rel}","templated":true}]}}