{"id":1549,"date":"2021-01-04T17:18:12","date_gmt":"2021-01-04T14:18:12","guid":{"rendered":"https:\/\/flags-world.com\/lv\/2021\/01\/04\/gibraltra-karogs-krsa-un-nozme\/"},"modified":"2021-01-04T17:18:12","modified_gmt":"2021-01-04T14:18:12","slug":"gibraltra-karogs-krsa-un-nozme","status":"publish","type":"post","link":"https:\/\/flags-world.com\/lv\/gibraltra-karogs-krsa-un-nozme\/","title":{"rendered":"Gibralt\u0101ra karogs: kr\u0101sa un noz\u012bme"},"content":{"rendered":"<p style=\"text-align: justify\">Gibralt\u0101ra karogs ir galven\u0101 valsts z\u012bme. Vi\u0146\u0161 to neuzskata par svar\u012bg\u0101ku par himnu un \u0123erboni. Pace\u013cot karogu, tika atz\u012bm\u0113ta valsts neatkar\u012bbas pasludin\u0101\u0161ana, tas ir \u016bde\u0146i p\u0101r jaunaj\u0101m teritorij\u0101m k\u0101 z\u012bme to ien\u0101k\u0161anai valst\u012b.<\/p>\n<p style=\"text-align: justify\">Karogs &#8211; v\u0101rds holandie\u0161u, liecina par &quot;si\u017eetu&quot;. Pamatojoties uz \u0161\u0101d\u0101m paz\u012bm\u0113m, ties\u0101s par\u0101d\u012bj\u0101s domstarp\u012bbas, lai noteiktu savu pieder\u012bbu valstij, veicot j\u016bras maisus pirms vair\u0101k nek\u0101 tr\u012bssimt gadiem.<\/p>\n<p style=\"text-align: justify\">Karoga skats un att\u0113ls uz t\u0101 ir \u013coti noz\u012bm\u012bgs. Vald\u012bba pozicion\u0113 sevi pasaul\u0113, deklar\u0113 savus augst\u0101kos d\u0101rgumus.<\/p>\n<p style=\"text-align: justify\">T\u0101tad Gibralt\u0101ra karogs izskat\u0101s k\u0101 fotoatt\u0113ls<\/p>\n<p style=\"text-align: justify\"><span itemprop=\"image\" itemscope itemtype=\"https:\/\/schema.org\/ImageObject\"><img itemprop=\"url image\" loading=\"lazy\" decoding=\"async\" class=\"alignnone wp-image-3417\" src=\"\/wp-content\/uploads\/2021\/01\/flag-of-gibraltar_1.png\" width=\"500\" height=\"250\" alt=\"Gibralt\u0101ra karogs-1\" \/><meta itemprop=\"width\" content=\"500\"><meta itemprop=\"height\" content=\"250\"><\/span><\/p>\n<h2 style=\"text-align: justify\">Gibralt\u0101ra v\u0113stures karogs<\/h2>\n<p style=\"text-align: justify\">Gibralt\u0101ram nav ofici\u0101la br\u012bvas valsts statusa, un tagad uz vi\u0146a karoga, kas ir uz visu p\u0101r\u0113jo Anglijas teritoriju pa\u0161vald\u012bbu z\u012bm\u0113m, nav redzams Anglijas karoga att\u0113ls.<\/p>\n<p style=\"text-align: justify\">Gibralt\u0101ra karogs ir 100% balst\u012bts uz vi\u0146a \u0123erbo\u0146a att\u0113lu. \u0122erbonis pa\u0146\u0113ma pils\u0113tu 1502. gada 10. j\u016blij\u0101 Sp\u0101nijas v\u0113stures period\u0101 k\u0101 d\u0101vanu no karalienes Izabellas Kasti\u013cskas, kas pabeidza atkaro\u0161anu un apr\u012bkoja Kristofora Kolumba eksped\u012bciju, un kop\u0161 t\u0101 laika atrad\u0101s vi\u0146a b\u0101z\u0113. palika nemain\u012bgs. Pils\u0113tas \u012bpa\u0161ums ir k\u013cuvis par noteico\u0161o, galveno punktu Kast\u012bliju un mauritie\u0161u c\u012b\u0146\u0101 par kundz\u012bbu Sp\u0101nij\u0101.<\/p>\n<p style=\"text-align: justify\">P\u0113d\u0113jais ofici\u0101lais aizj\u016bras Lielbrit\u0101nijas reljefa atrib\u016bts tika saukts par &quot;zilu&quot;, un taj\u0101 bija skats uz zilo paneli ar Lielbrit\u0101nijas karoga att\u0113lu reiting\u0101 (pane\u013cu aug\u0161\u0113j\u0101 kreisaj\u0101 ceturtda\u013c\u0101) un Gibralt\u0101ra \u0123erboni.<\/p>\n<p style=\"text-align: justify\">1875. &#8211; 1982. gads. &#8211; \u0161\u012b karoga past\u0101v\u0113\u0161anas laiks. L\u012bdz 1921. gadam \u0123erbonis tika att\u0113lots uz balta ap\u013ca fona.<\/p>\n<p style=\"text-align: justify\"><span itemprop=\"image\" itemscope itemtype=\"https:\/\/schema.org\/ImageObject\"><img itemprop=\"url image\" loading=\"lazy\" decoding=\"async\" class=\"alignnone size-full wp-image-3418\" src=\"\/wp-content\/uploads\/2021\/01\/flag-of-gibraltar_2.png\" width=\"500\" height=\"250\" alt=\"Gibralt\u0101ra karogs-2\" \/><meta itemprop=\"width\" content=\"500\"><meta itemprop=\"height\" content=\"250\"><\/span><span itemprop=\"image\" itemscope itemtype=\"https:\/\/schema.org\/ImageObject\"><img itemprop=\"url image\" loading=\"lazy\" decoding=\"async\" class=\"alignnone size-full wp-image-3419\" src=\"\/wp-content\/uploads\/2021\/01\/flag-of-gibraltar_3.png\" width=\"500\" height=\"250\" alt=\"Gibralt\u0101ra karogs-3\" \/><meta itemprop=\"width\" content=\"500\"><meta itemprop=\"height\" content=\"250\"><\/span><span itemprop=\"image\" itemscope itemtype=\"https:\/\/schema.org\/ImageObject\"><img itemprop=\"url image\" loading=\"lazy\" decoding=\"async\" class=\"alignnone size-full wp-image-3420\" src=\"\/wp-content\/uploads\/2021\/01\/flag-of-gibraltar_4.png\" width=\"500\" height=\"250\" alt=\"Gibralt\u0101ra karogs-4\" \/><meta itemprop=\"width\" content=\"500\"><meta itemprop=\"height\" content=\"250\"><\/span><\/p>\n<p style=\"text-align: justify\">1982.\u00a0gada astotais novembris &#8211; datums, kad pie\u0146emts Gibralt\u0101ra karogs t\u0101 m\u016bsdienu form\u0101.<\/p>\n<p style=\"text-align: justify\">\u0160obr\u012bd Gibralt\u0101ra vald\u012bbas ties\u0101s pl\u012bvo &quot;zilais audums&quot; ar \u0123erboni bez balta ap\u013ca.<\/p>\n<p style=\"text-align: justify\">No 1996. gada 19. marta civilie ku\u0123i ar Gibralt\u0101ra re\u0123istr\u0101ciju staig\u0101 zem &quot;Sarkan\u0101 karoga&quot;, kuru \u0123erbon\u012b ir sarkans audums ar Anglijas karogu.<\/p>\n<p style=\"text-align: justify\"><span itemprop=\"image\" itemscope itemtype=\"https:\/\/schema.org\/ImageObject\"><img itemprop=\"url image\" loading=\"lazy\" decoding=\"async\" class=\"alignnone size-full wp-image-3421\" src=\"\/wp-content\/uploads\/2021\/01\/flag-of-gibraltar_5.png\" width=\"500\" height=\"250\" alt=\"Gibralt\u0101ra karogs-5\" \/><meta itemprop=\"width\" content=\"500\"><meta itemprop=\"height\" content=\"250\"><\/span><\/p>\n<p style=\"text-align: justify\">Gibralt\u0101ra gubernatoram ir person\u012bgais karogs. Tas izskat\u0101s p\u0113c brita ar Gibralt\u0101ra \u0123erboni centr\u0101<\/p>\n<p style=\"text-align: justify\"><span itemprop=\"image\" itemscope itemtype=\"https:\/\/schema.org\/ImageObject\"><img itemprop=\"url image\" loading=\"lazy\" decoding=\"async\" class=\"alignnone size-full wp-image-3422\" src=\"\/wp-content\/uploads\/2021\/01\/flag-of-gibraltar_6.png\" width=\"500\" height=\"250\" alt=\"Gibraltara-6 karogs\" \/><meta itemprop=\"width\" content=\"500\"><meta itemprop=\"height\" content=\"250\"><\/span><\/p>\n<h2 style=\"text-align: justify\">Apraksts Gibralt\u0101ra karogs<\/h2>\n<p style=\"text-align: justify\">Gibralt\u0101ra karogs, maza valsts ar bag\u0101tu, pilnu v\u0113stures v\u0113sturi. Tam ir divkr\u0101su balti sarkans audums, uz kura baltas da\u013cas ir att\u0113lota nopost\u012bta pils. Aug\u0161\u0113j\u0101 balta sv\u012btra pla\u0161a apak\u0161\u0113ja sarkana divas reizes.<\/p>\n<p style=\"text-align: justify\">Sarkanai divu l\u012bme\u0146u pilij karoga balt\u0101s joslas centr\u0101 ir tr\u012bs tor\u0146i. Katram tornim ir logs un durvis. No centr\u0101l\u0101 tor\u0146a durv\u012bm uz sarkan\u0101m sv\u012btr\u0101m kar\u0101jas zelta atsl\u0113ga.<\/p>\n<p style=\"text-align: justify\"><span itemprop=\"image\" itemscope itemtype=\"https:\/\/schema.org\/ImageObject\"><img itemprop=\"url image\" loading=\"lazy\" decoding=\"async\" class=\"alignnone size-full wp-image-3423\" src=\"\/wp-content\/uploads\/2021\/01\/flag-of-gibraltar_7.png\" width=\"500\" height=\"250\" alt=\"Gibralt\u0101ra karogs-7\" \/><meta itemprop=\"width\" content=\"500\"><meta itemprop=\"height\" content=\"250\"><\/span><\/p>\n<h2 style=\"text-align: justify\">Gibralt\u0101ra kr\u0101su karoga noz\u012bme<\/h2>\n<p style=\"text-align: justify\">Rietumeiropas heraldika piln\u012bb\u0101 balst\u0101s uz ideju par visa pasaules skaistuma dievi\u0161\u0137o s\u0101kumu. Kristiet\u012bb\u0101 katrai sv\u0113tajai kr\u0101sai ir noteikta semantisk\u0101 noz\u012bme.<\/p>\n<ol style=\"text-align: justify\">\n<li>Balt\u0101 kr\u0101sa simboliz\u0113 dievi\u0161\u0137\u012bbu, sv\u0113tumu, t\u012br\u012bbu un tic\u012bbu.<\/li>\n<li>Sarkans &#8211; gl\u0101b\u0113ju asi\u0146u kr\u0101sa vi\u0146us izl\u0113ja cilv\u0113ku likte\u0146a v\u0101rd\u0101. Iz\u0146emot \u0161o kr\u0101su, kristie\u0161i ir saist\u012bti ar sv\u0113t\u0101s uguns t\u0113lu, kas apgriez\u012bsies briesm\u012bg\u0101 galma dien\u0101.<\/li>\n<\/ol>\n<p style=\"text-align: justify\">Kr\u0101su Eiropas simbolika bez reli\u0123iska zemteksta no seniem laikiem balts ies\u0113jums ar gaismu, \u016bdeni un gaisu, sarkano apz\u012bm\u0113ja ar liesmu.<\/p>\n<ol style=\"text-align: justify\">\n<li>Balt\u0101 kr\u0101sa Eiropas heraldik\u0101 tiek identific\u0113ta ar cien\u012bjamu sudrabu un apz\u012bm\u0113 nevain\u012bbu un t\u012br\u012bbu, mieru un br\u012bv\u012bbu.<\/li>\n<li>Sarkans &#8211; drosmes, drosmes, varon\u012bbas un br\u012bv\u012bbas c\u012b\u0146\u0101s izliju\u0161o asi\u0146u simbols.<\/li>\n<\/ol>\n<h2 style=\"text-align: justify\">Karoga z\u012bmes<\/h2>\n<p style=\"text-align: justify\">Pils uz \u0123erbo\u0146a simboliz\u0113 Gibralt\u0101ra cietoksni, un zelta atsl\u0113ga ir t\u0101s poz\u012bcijas noz\u012bme un noz\u012bme Sp\u0101nijai un visai Vidusj\u016brai kopum\u0101.<\/p>\n<p style=\"text-align: justify\">Gibralt\u0101ra pils\u0113t\u0101 gandr\u012bz vienm\u0113r pl\u012bvo kop\u0101 ar ang\u013cu valodu. Gibralt\u0101ra karogs ir uzst\u0101d\u012bts uz robe\u017eas ar Sp\u0101niju un Gibralt\u0101ra kalna virsotn\u0113, kas ir paz\u012bstams ar c\u012b\u0146u par br\u012bv\u012bbu.<\/p>\n<p style=\"text-align: justify\">Gibralt\u0101ram l\u012bdz\u012bgs karogs ir pieejams Sp\u0101nijas Sanrokas pa\u0161vald\u012bb\u0101 kop\u0161 Gibralt\u0101ra imigrantu p\u0113cte\u010di, kuri pameta pils\u0113tu britu draudzes gal\u0101 1706.<\/p>\n<h2 style=\"text-align: justify\">Nespecializ\u0113ta inform\u0101cija par Gibralt\u0101ru<\/h2>\n<table>\n<tbody>\n<tr style=\"text-align: justify\">\n<td>Ofici\u0101l\u0101 valoda<\/td>\n<td>Ang\u013cu<\/td>\n<\/tr>\n<tr style=\"text-align: justify\">\n<td>Kapit\u0101ls<\/td>\n<td>Gibralt\u0101rs<\/td>\n<\/tr>\n<tr style=\"text-align: justify\">\n<td>Teritorija<\/td>\n<td>6.5 km2<\/td>\n<\/tr>\n<tr style=\"text-align: justify\">\n<td>Popul\u0101cija<\/td>\n<td>29 581 cilv\u0113ks<\/td>\n<\/tr>\n<tr style=\"text-align: justify\">\n<td>Val\u016bta<\/td>\n<td>Gibralt\u0101ra m\u0101rci\u0146a (GIP, kods 292)<\/td>\n<\/tr>\n<tr>\n<td style=\"text-align: justify\">Telefona kods<\/td>\n<td style=\"text-align: justify\">+350 (zvaniem no \u0101rzem\u0113m) 9567 (Sp\u0101nijai)<\/td>\n<\/tr>\n<\/tbody>\n<\/table>\n","protected":false},"excerpt":{"rendered":"<p>Gibralt\u0101ra karogs ir galven\u0101 valsts z\u012bme. Vi\u0146\u0161 to neuzskata par svar\u012bg\u0101ku par himnu un \u0123erboni. Pace\u013cot karogu, tika atz\u012bm\u0113ta valsts neatkar\u012bbas pasludin\u0101\u0161ana, tas ir \u016bde\u0146i p\u0101r jaunaj\u0101m teritorij\u0101m&#8230;<\/p>\n","protected":false},"author":1,"featured_media":5828,"comment_status":"open","ping_status":"open","sticky":false,"template":"","format":"standard","meta":{"footnotes":""},"categories":[3],"tags":[],"class_list":["post-1549","post","type-post","status-publish","format-standard","has-post-thumbnail","","category-eiropas-karogi"],"aioseo_notices":[],"_links":{"self":[{"href":"https:\/\/flags-world.com\/lv\/wp-json\/wp\/v2\/posts\/1549","targetHints":{"allow":["GET"]}}],"collection":[{"href":"https:\/\/flags-world.com\/lv\/wp-json\/wp\/v2\/posts"}],"about":[{"href":"https:\/\/flags-world.com\/lv\/wp-json\/wp\/v2\/types\/post"}],"author":[{"embeddable":true,"href":"https:\/\/flags-world.com\/lv\/wp-json\/wp\/v2\/users\/1"}],"replies":[{"embeddable":true,"href":"https:\/\/flags-world.com\/lv\/wp-json\/wp\/v2\/comments?post=1549"}],"version-history":[{"count":0,"href":"https:\/\/flags-world.com\/lv\/wp-json\/wp\/v2\/posts\/1549\/revisions"}],"wp:featuredmedia":[{"embeddable":true,"href":"https:\/\/flags-world.com\/lv\/wp-json\/wp\/v2\/media\/5828"}],"wp:attachment":[{"href":"https:\/\/flags-world.com\/lv\/wp-json\/wp\/v2\/media?parent=1549"}],"wp:term":[{"taxonomy":"category","embeddable":true,"href":"https:\/\/flags-world.com\/lv\/wp-json\/wp\/v2\/categories?post=1549"},{"taxonomy":"post_tag","embeddable":true,"href":"https:\/\/flags-world.com\/lv\/wp-json\/wp\/v2\/tags?post=1549"}],"curies":[{"name":"wp","href":"https:\/\/api.w.org\/{rel}","templated":true}]}}