{"id":1548,"date":"2021-01-04T17:18:12","date_gmt":"2021-01-04T14:18:12","guid":{"rendered":"https:\/\/flags-world.com\/lv\/2021\/01\/04\/vcijas-karogs-foto-vsture-un-nozme\/"},"modified":"2021-01-04T17:18:12","modified_gmt":"2021-01-04T14:18:12","slug":"vcijas-karogs-foto-vsture-un-nozme","status":"publish","type":"post","link":"https:\/\/flags-world.com\/lv\/vcijas-karogs-foto-vsture-un-nozme\/","title":{"rendered":"V\u0101cijas karogs: foto, v\u0113sture un noz\u012bme"},"content":{"rendered":"<p>V\u0101cijas karogs &#8211; ir audums ar tr\u012bskr\u0101su ar zelta, meln\u0101 un sarkan\u0101m sv\u012btr\u0101m horizont\u0101li. Pirmo reizi V\u0101cijas karogs tika ieviests lieto\u0161an\u0101 1848. gada 23. mart\u0101 un ofici\u0101li apstiprin\u0101ts tikai 1949. gada 23. maij\u0101. Ir zin\u0101ms, ka V\u0101cija k\u0101du laiku p\u0113c Otr\u0101 pasaules kara beig\u0101m iztika bez sava karoga, jo visus valsts nacion\u0101los simbolus aizliedza visa pasaule.<\/p>\n<p style=\"text-align: justify\">T\u0101tad m\u016bsdienu V\u0101cijas karogs izskat\u0101s:<\/p>\n<p style=\"text-align: justify\"><span itemprop=\"image\" itemscope itemtype=\"https:\/\/schema.org\/ImageObject\"><img itemprop=\"url image\" loading=\"lazy\" decoding=\"async\" class=\"alignnone wp-image-4699\" src=\"\/wp-content\/uploads\/2021\/01\/flag-of-germany_1.png\" width=\"500\" height=\"300\" alt=\"V\u0101cijas karogs-1\" \/><meta itemprop=\"width\" content=\"500\"><meta itemprop=\"height\" content=\"300\"><\/span><\/p>\n<h2 style=\"text-align: justify\">V\u0101cijas z\u012bmju v\u0113sture<\/h2>\n<p style=\"text-align: justify\">M\u016bsdienu V\u0101cijas karogs tika ofici\u0101li apstiprin\u0101ts 1949. gada maij\u0101. V\u0101cie\u0161u v\u0113stur\u0113 bija gad\u012bjumi taj\u0101 laik\u0101, taj\u0101 laik\u0101, laik\u0101, kad \u0161\u012b valsts versija tika atcelta. S\u0101kum\u0101 tas bija V\u0101cijas, v\u0113l\u0101k nacistu laikos. Pa\u0161vald\u012bbas z\u012bmes v\u0113sture ir piedz\u012bvojusi personiskas konfigur\u0101cijas, bet uz m\u016bsdienu auduma izmantot\u0101s kr\u0101sas vienm\u0113r ir biju\u0161as domin\u0113jo\u0161as.<\/p>\n<h3 style=\"text-align: justify\">V\u0101cijas civiliz\u0101cijas Sv\u0113t\u0101 Romas imp\u0113rija 1410-1806<\/h3>\n<p style=\"text-align: justify\"><span itemprop=\"image\" itemscope itemtype=\"https:\/\/schema.org\/ImageObject\"><img itemprop=\"url image\" loading=\"lazy\" decoding=\"async\" class=\"alignnone wp-image-4700\" src=\"\/wp-content\/uploads\/2021\/01\/flag-of-germany_2.png\" width=\"500\" height=\"367\" alt=\"V\u0101cijas karogs-2\" \/><meta itemprop=\"width\" content=\"500\"><meta itemprop=\"height\" content=\"367\"><\/span><\/p>\n<p style=\"text-align: justify\"><span itemprop=\"image\" itemscope itemtype=\"https:\/\/schema.org\/ImageObject\"><img itemprop=\"url image\" loading=\"lazy\" decoding=\"async\" class=\"alignnone wp-image-4701\" src=\"\/wp-content\/uploads\/2021\/01\/flag-of-germany_3.png\" width=\"500\" height=\"333\" alt=\"V\u0101cijas karogs-3\" \/><meta itemprop=\"width\" content=\"500\"><meta itemprop=\"height\" content=\"333\"><\/span><\/p>\n<p style=\"text-align: justify\"><span itemprop=\"image\" itemscope itemtype=\"https:\/\/schema.org\/ImageObject\"><img itemprop=\"url image\" loading=\"lazy\" decoding=\"async\" class=\"alignnone wp-image-4702\" src=\"\/wp-content\/uploads\/2021\/01\/flag-of-germany_1.jpg\" width=\"500\" height=\"477\" alt=\"V\u0101cijas karogs-4\" \/><meta itemprop=\"width\" content=\"500\"><meta itemprop=\"height\" content=\"477\"><\/span><\/p>\n<p style=\"text-align: justify\"><span itemprop=\"image\" itemscope itemtype=\"https:\/\/schema.org\/ImageObject\"><img itemprop=\"url image\" loading=\"lazy\" decoding=\"async\" class=\"alignnone wp-image-4703\" src=\"\/wp-content\/uploads\/2021\/01\/flag-of-germany_4.png\" width=\"500\" height=\"333\" alt=\"V\u0101cijas karogs-5\" \/><meta itemprop=\"width\" content=\"500\"><meta itemprop=\"height\" content=\"333\"><\/span><\/p>\n<p style=\"text-align: justify\"><span itemprop=\"image\" itemscope itemtype=\"https:\/\/schema.org\/ImageObject\"><img itemprop=\"url image\" loading=\"lazy\" decoding=\"async\" class=\"alignnone size-full wp-image-4704\" src=\"\/wp-content\/uploads\/2021\/01\/flag-of-germany_2.jpg\" width=\"347\" height=\"500\" alt=\"V\u0101cijas karogs-6\" \/><meta itemprop=\"width\" content=\"347\"><meta itemprop=\"height\" content=\"500\"><\/span><\/p>\n<p style=\"text-align: justify\"><span itemprop=\"image\" itemscope itemtype=\"https:\/\/schema.org\/ImageObject\"><img itemprop=\"url image\" loading=\"lazy\" decoding=\"async\" class=\"alignnone wp-image-4705\" src=\"\/wp-content\/uploads\/2021\/01\/flag-of-germany_3.jpg\" width=\"424\" height=\"500\" alt=\"V\u0101cijas karogs-7\" \/><meta itemprop=\"width\" content=\"424\"><meta itemprop=\"height\" content=\"500\"><\/span><\/p>\n<p style=\"text-align: justify\"><span itemprop=\"image\" itemscope itemtype=\"https:\/\/schema.org\/ImageObject\"><img itemprop=\"url image\" loading=\"lazy\" decoding=\"async\" class=\"alignnone wp-image-4706\" src=\"\/wp-content\/uploads\/2021\/01\/flag-of-germany_5.png\" width=\"500\" height=\"333\" alt=\"V\u0101cijas karogs-8\" \/><meta itemprop=\"width\" content=\"500\"><meta itemprop=\"height\" content=\"333\"><\/span><\/p>\n<p style=\"text-align: justify\"><span itemprop=\"image\" itemscope itemtype=\"https:\/\/schema.org\/ImageObject\"><img itemprop=\"url image\" loading=\"lazy\" decoding=\"async\" class=\"alignnone wp-image-4707\" src=\"\/wp-content\/uploads\/2021\/01\/flag-of-germany_4.jpg\" width=\"500\" height=\"424\" alt=\"V\u0101cijas karogs-9\" \/><meta itemprop=\"width\" content=\"500\"><meta itemprop=\"height\" content=\"424\"><\/span><\/p>\n<p style=\"text-align: justify\"><span itemprop=\"image\" itemscope itemtype=\"https:\/\/schema.org\/ImageObject\"><img itemprop=\"url image\" loading=\"lazy\" decoding=\"async\" class=\"alignnone wp-image-4708\" src=\"\/wp-content\/uploads\/2021\/01\/flag-of-germany_6.png\" width=\"433\" height=\"500\" alt=\"V\u0101cijas karogs-10\" \/><meta itemprop=\"width\" content=\"433\"><meta itemprop=\"height\" content=\"500\"><\/span><\/p>\n<p style=\"text-align: justify\"><span itemprop=\"image\" itemscope itemtype=\"https:\/\/schema.org\/ImageObject\"><img itemprop=\"url image\" loading=\"lazy\" decoding=\"async\" class=\"alignnone wp-image-4709\" src=\"\/wp-content\/uploads\/2021\/01\/flag-of-germany_7.png\" width=\"500\" height=\"342\" alt=\"V\u0101cijas karogs-11\" \/><meta itemprop=\"width\" content=\"500\"><meta itemprop=\"height\" content=\"342\"><\/span><\/p>\n<p style=\"text-align: justify\"><span itemprop=\"image\" itemscope itemtype=\"https:\/\/schema.org\/ImageObject\"><img itemprop=\"url image\" loading=\"lazy\" decoding=\"async\" class=\"alignnone wp-image-4710\" src=\"\/wp-content\/uploads\/2021\/01\/flag-of-germany_8.png\" width=\"500\" height=\"333\" alt=\"V\u0101cijas karogs-12\" \/><meta itemprop=\"width\" content=\"500\"><meta itemprop=\"height\" content=\"333\"><\/span><\/p>\n<p style=\"text-align: justify\"><span itemprop=\"image\" itemscope itemtype=\"https:\/\/schema.org\/ImageObject\"><img itemprop=\"url image\" loading=\"lazy\" decoding=\"async\" class=\"alignnone wp-image-4711\" src=\"\/wp-content\/uploads\/2021\/01\/flag-of-germany_9.png\" width=\"365\" height=\"500\" alt=\"V\u0101cijas karogs-13\" \/><meta itemprop=\"width\" content=\"365\"><meta itemprop=\"height\" content=\"500\"><\/span><\/p>\n<p style=\"text-align: justify\"><span itemprop=\"image\" itemscope itemtype=\"https:\/\/schema.org\/ImageObject\"><img itemprop=\"url image\" loading=\"lazy\" decoding=\"async\" class=\"alignnone wp-image-4712\" src=\"\/wp-content\/uploads\/2021\/01\/flag-of-germany_10.png\" width=\"429\" height=\"500\" alt=\"V\u0101cijas karogs-14\" \/><meta itemprop=\"width\" content=\"429\"><meta itemprop=\"height\" content=\"500\"><\/span><\/p>\n<p style=\"text-align: justify\"><span itemprop=\"image\" itemscope itemtype=\"https:\/\/schema.org\/ImageObject\"><img itemprop=\"url image\" loading=\"lazy\" decoding=\"async\" class=\"alignnone wp-image-4713\" src=\"\/wp-content\/uploads\/2021\/01\/flag-of-germany_11.png\" width=\"500\" height=\"375\" alt=\"V\u0101cijas karogs-15\" \/><meta itemprop=\"width\" content=\"500\"><meta itemprop=\"height\" content=\"375\"><\/span><\/p>\n<p style=\"text-align: justify\"><span itemprop=\"image\" itemscope itemtype=\"https:\/\/schema.org\/ImageObject\"><img itemprop=\"url image\" loading=\"lazy\" decoding=\"async\" class=\"alignnone wp-image-4714\" src=\"\/wp-content\/uploads\/2021\/01\/flag-of-germany_12.png\" width=\"400\" height=\"500\" alt=\"V\u0101cijas karogs-16\" \/><meta itemprop=\"width\" content=\"400\"><meta itemprop=\"height\" content=\"500\"><\/span><\/p>\n<p style=\"text-align: justify\"><span itemprop=\"image\" itemscope itemtype=\"https:\/\/schema.org\/ImageObject\"><img itemprop=\"url image\" loading=\"lazy\" decoding=\"async\" class=\"alignnone wp-image-4715\" src=\"\/wp-content\/uploads\/2021\/01\/flag-of-germany_13.png\" width=\"500\" height=\"333\" alt=\"V\u0101cijas karogs-17\" \/><meta itemprop=\"width\" content=\"500\"><meta itemprop=\"height\" content=\"333\"><\/span><\/p>\n<p style=\"text-align: justify\"><span itemprop=\"image\" itemscope itemtype=\"https:\/\/schema.org\/ImageObject\"><img itemprop=\"url image\" loading=\"lazy\" decoding=\"async\" class=\"alignnone wp-image-4716\" src=\"\/wp-content\/uploads\/2021\/01\/flag-of-germany_14.png\" width=\"500\" height=\"333\" alt=\"V\u0101cijas karogs-18\" \/><meta itemprop=\"width\" content=\"500\"><meta itemprop=\"height\" content=\"333\"><\/span><\/p>\n<p style=\"text-align: justify\"><span itemprop=\"image\" itemscope itemtype=\"https:\/\/schema.org\/ImageObject\"><img itemprop=\"url image\" loading=\"lazy\" decoding=\"async\" class=\"alignnone wp-image-4717\" src=\"\/wp-content\/uploads\/2021\/01\/flag-of-germany_15.png\" width=\"500\" height=\"333\" alt=\"V\u0101cijas karogs-19\" \/><meta itemprop=\"width\" content=\"500\"><meta itemprop=\"height\" content=\"333\"><\/span><\/p>\n<h3 style=\"text-align: justify\">Reinas alianse 1806-1813<\/h3>\n<p style=\"text-align: justify\"><span itemprop=\"image\" itemscope itemtype=\"https:\/\/schema.org\/ImageObject\"><img itemprop=\"url image\" loading=\"lazy\" decoding=\"async\" class=\"alignnone wp-image-4718\" src=\"\/wp-content\/uploads\/2021\/01\/flag-of-germany_16.png\" width=\"500\" height=\"300\" alt=\"V\u0101cijas karogs-20\" \/><meta itemprop=\"width\" content=\"500\"><meta itemprop=\"height\" content=\"300\"><\/span><\/p>\n<p style=\"text-align: justify\"><span itemprop=\"image\" itemscope itemtype=\"https:\/\/schema.org\/ImageObject\"><img itemprop=\"url image\" loading=\"lazy\" decoding=\"async\" class=\"alignnone wp-image-4719\" src=\"\/wp-content\/uploads\/2021\/01\/flag-of-germany_17.png\" width=\"500\" height=\"333\" alt=\"V\u0101cijas karogs-21\" \/><meta itemprop=\"width\" content=\"500\"><meta itemprop=\"height\" content=\"333\"><\/span><\/p>\n<h3 style=\"text-align: justify\">V\u0101cijas alianse 1848-1852<\/h3>\n<p style=\"text-align: justify\">Vis\u0101 c\u012b\u0146\u0101 pret Napoleonu br\u012bvpr\u0101t\u012bgie studenti n\u0101ca klaj\u0101 ar formast\u0113rpu:<\/p>\n<ul style=\"text-align: justify\">\n<li>Tum\u0161a uniforma;<\/li>\n<li>sarkanie epauleti;<\/li>\n<li>Zelta (misi\u0146a) pogas.<\/li>\n<\/ul>\n<p style=\"text-align: justify\">Izgatavots 1813. gad\u0101 &quot;Br\u012bv\u012bbas korpuss&quot; p\u0113c trim gadiem tika izveidots studentu biedr\u012bb\u0101, kas izgudroja karogu 3 joslu form\u0101: tum\u0161\u0101, sarkan\u0101 un zelta. Tas pats karogs revol\u016bcijas laik\u0101 1848-1849. S\u0101kotn\u0113jais laiks tika izvirz\u012bts k\u0101 vienas V\u0101cijas z\u012bme. V\u0101cie\u0161u dedz\u012bba un cer\u012bbas uz imp\u0113rijas atjauno\u0161anu \u0161ajos gados netika realiz\u0113tas. V\u0101cu savien\u012bba nenotika. Liel\u0101s valstis Pr\u016bsij\u0101 un pret\u012b Austrijai atteic\u0101s atz\u012bt jaun\u0101s imp\u0113rijas atjauno\u0161anu, un viss beidz\u0101s ar neko.<\/p>\n<p style=\"text-align: justify\"><span itemprop=\"image\" itemscope itemtype=\"https:\/\/schema.org\/ImageObject\"><img itemprop=\"url image\" loading=\"lazy\" decoding=\"async\" class=\"alignnone wp-image-4720\" src=\"\/wp-content\/uploads\/2021\/01\/flag-of-germany_18.png\" width=\"500\" height=\"333\" alt=\"V\u0101cijas karogs-22\" \/><meta itemprop=\"width\" content=\"500\"><meta itemprop=\"height\" content=\"333\"><\/span><\/p>\n<p style=\"text-align: justify\"><span itemprop=\"image\" itemscope itemtype=\"https:\/\/schema.org\/ImageObject\"><img itemprop=\"url image\" loading=\"lazy\" decoding=\"async\" class=\"alignnone wp-image-4722\" src=\"\/wp-content\/uploads\/2021\/01\/flag-of-germany_19.png\" width=\"500\" height=\"333\" alt=\"V\u0101cijas karogs-23\" \/><meta itemprop=\"width\" content=\"500\"><meta itemprop=\"height\" content=\"333\"><\/span><\/p>\n<p style=\"text-align: justify\">Bet 3 kr\u0101su kombin\u0101cija iesak\u0146oj\u0101s un s\u0101ka tikt uztverta ar v\u0101cu identit\u0101tes j\u0113dzienu.<\/p>\n<h3 style=\"text-align: justify\">Severog\u0113rci\u0101\u0146u savien\u012bba 1868-1870<\/h3>\n<p style=\"text-align: justify\"><span itemprop=\"image\" itemscope itemtype=\"https:\/\/schema.org\/ImageObject\"><img itemprop=\"url image\" loading=\"lazy\" decoding=\"async\" class=\"alignnone wp-image-4723\" src=\"\/wp-content\/uploads\/2021\/01\/flag-of-germany_20.png\" width=\"500\" height=\"300\" alt=\"V\u0101cijas karogs-24\" \/><meta itemprop=\"width\" content=\"500\"><meta itemprop=\"height\" content=\"300\"><\/span><\/p>\n<p style=\"text-align: justify\"><span itemprop=\"image\" itemscope itemtype=\"https:\/\/schema.org\/ImageObject\"><img itemprop=\"url image\" loading=\"lazy\" decoding=\"async\" class=\"alignnone wp-image-4724\" src=\"\/wp-content\/uploads\/2021\/01\/flag-of-germany_21.png\" width=\"500\" height=\"333\" alt=\"V\u0101cijas karogs-25\" \/><meta itemprop=\"width\" content=\"500\"><meta itemprop=\"height\" content=\"333\"><\/span><\/p>\n<p style=\"text-align: justify\"><span itemprop=\"image\" itemscope itemtype=\"https:\/\/schema.org\/ImageObject\"><img itemprop=\"url image\" loading=\"lazy\" decoding=\"async\" class=\"alignnone wp-image-4725\" src=\"\/wp-content\/uploads\/2021\/01\/flag-of-germany_22.png\" width=\"500\" height=\"300\" alt=\"V\u0101cijas karogs-26\" \/><meta itemprop=\"width\" content=\"500\"><meta itemprop=\"height\" content=\"300\"><\/span><\/p>\n<p style=\"text-align: justify\"><span itemprop=\"image\" itemscope itemtype=\"https:\/\/schema.org\/ImageObject\"><img itemprop=\"url image\" loading=\"lazy\" decoding=\"async\" class=\"alignnone wp-image-4726\" src=\"\/wp-content\/uploads\/2021\/01\/flag-of-germany_23.png\" width=\"500\" height=\"333\" alt=\"V\u0101cijas karogs-27\" \/><meta itemprop=\"width\" content=\"500\"><meta itemprop=\"height\" content=\"333\"><\/span><\/p>\n<p style=\"text-align: justify\"><span itemprop=\"image\" itemscope itemtype=\"https:\/\/schema.org\/ImageObject\"><img itemprop=\"url image\" loading=\"lazy\" decoding=\"async\" class=\"alignnone wp-image-4727\" src=\"\/wp-content\/uploads\/2021\/01\/flag-of-germany_24.png\" width=\"500\" height=\"333\" alt=\"V\u0101cijas karogs-28\" \/><meta itemprop=\"width\" content=\"500\"><meta itemprop=\"height\" content=\"333\"><\/span><\/p>\n<p style=\"text-align: justify\">\u00a0<span itemprop=\"image\" itemscope itemtype=\"https:\/\/schema.org\/ImageObject\"><img itemprop=\"url image\" loading=\"lazy\" decoding=\"async\" class=\"alignnone wp-image-4728\" src=\"\/wp-content\/uploads\/2021\/01\/flag-of-germany_25.png\" width=\"500\" height=\"333\" alt=\"V\u0101cijas karogs-29\" \/><meta itemprop=\"width\" content=\"500\"><meta itemprop=\"height\" content=\"333\"><\/span><\/p>\n<p style=\"text-align: justify\"><span itemprop=\"image\" itemscope itemtype=\"https:\/\/schema.org\/ImageObject\"><img itemprop=\"url image\" loading=\"lazy\" decoding=\"async\" class=\"alignnone wp-image-4729\" src=\"\/wp-content\/uploads\/2021\/01\/flag-of-germany_26.png\" width=\"500\" height=\"292\" alt=\"V\u0101cijas karogs-30\" \/><meta itemprop=\"width\" content=\"500\"><meta itemprop=\"height\" content=\"292\"><\/span><\/p>\n<h3 style=\"text-align: justify\">V\u0101cija 1870.-1919<\/h3>\n<p>V\u0101cijas karogi \u0161eit tiek nodro\u0161in\u0101ti no 1870. l\u012bdz 1919. gadam da\u017e\u0101diem hercogiem.<\/p>\n<p style=\"text-align: justify\"><span itemprop=\"image\" itemscope itemtype=\"https:\/\/schema.org\/ImageObject\"><img itemprop=\"url image\" loading=\"lazy\" decoding=\"async\" class=\"alignnone wp-image-4730\" src=\"\/wp-content\/uploads\/2021\/01\/flag-of-germany_27.png\" width=\"500\" height=\"333\" alt=\"V\u0101cijas karogs-31\" \/><meta itemprop=\"width\" content=\"500\"><meta itemprop=\"height\" content=\"333\"><\/span> <span itemprop=\"image\" itemscope itemtype=\"https:\/\/schema.org\/ImageObject\"><img itemprop=\"url image\" loading=\"lazy\" decoding=\"async\" class=\"alignnone wp-image-4731\" src=\"\/wp-content\/uploads\/2021\/01\/flag-of-germany_28.png\" width=\"500\" height=\"300\" alt=\"V\u0101cijas karogs-32\" \/><meta itemprop=\"width\" content=\"500\"><meta itemprop=\"height\" content=\"300\"><\/span> <span itemprop=\"image\" itemscope itemtype=\"https:\/\/schema.org\/ImageObject\"><img itemprop=\"url image\" loading=\"lazy\" decoding=\"async\" class=\"alignnone wp-image-4732\" src=\"\/wp-content\/uploads\/2021\/01\/flag-of-germany_29.png\" width=\"500\" height=\"333\" alt=\"V\u0101cijas karogs-33\" \/><meta itemprop=\"width\" content=\"500\"><meta itemprop=\"height\" content=\"333\"><\/span> <span itemprop=\"image\" itemscope itemtype=\"https:\/\/schema.org\/ImageObject\"><img itemprop=\"url image\" loading=\"lazy\" decoding=\"async\" class=\"alignnone wp-image-4733\" src=\"\/wp-content\/uploads\/2021\/01\/flag-of-germany_30.png\" width=\"500\" height=\"333\" alt=\"V\u0101cijas karogs-34\" \/><meta itemprop=\"width\" content=\"500\"><meta itemprop=\"height\" content=\"333\"><\/span> <span itemprop=\"image\" itemscope itemtype=\"https:\/\/schema.org\/ImageObject\"><img itemprop=\"url image\" loading=\"lazy\" decoding=\"async\" class=\"alignnone wp-image-4734\" src=\"\/wp-content\/uploads\/2021\/01\/flag-of-germany_31.png\" width=\"500\" height=\"333\" alt=\"V\u0101cijas karogs-35\" \/><meta itemprop=\"width\" content=\"500\"><meta itemprop=\"height\" content=\"333\"><\/span> <span itemprop=\"image\" itemscope itemtype=\"https:\/\/schema.org\/ImageObject\"><img itemprop=\"url image\" loading=\"lazy\" decoding=\"async\" class=\"alignnone wp-image-4735\" src=\"\/wp-content\/uploads\/2021\/01\/flag-of-germany_32.png\" width=\"500\" height=\"300\" alt=\"V\u0101cijas karogs-36\" \/><meta itemprop=\"width\" content=\"500\"><meta itemprop=\"height\" content=\"300\"><\/span><\/p>\n<p style=\"text-align: justify\">Austrijas imp\u0113rija otr\u0101 reiha rad\u012b\u0161anas laik\u0101 taj\u0101 neiek\u013cuva, bet, apvienojoties ar Ung\u0101riju, izveidoja Austriju-Ung\u0101riju, kas, neskaitot to, t\u0101pat k\u0101 V\u0101cija, izjuka Pirm\u0101 pasaules kara beig\u0101s. Visi pirm\u0101 reiha fragmenti, kas v\u0113l\u0101k k\u013cuva par jaun\u0101s V\u0101cijas sast\u0101vu, absolv\u0113ja individu\u0101lu eksistenci suver\u0113na subjekta form\u0101 1918. gad\u0101, V\u0101cijas sak\u0101ves beig\u0101s Pirmaj\u0101 pasaules kar\u0101.<\/p>\n<h3 style=\"text-align: justify\">Veim\u0101ras Republika 1919-1933<\/h3>\n<p style=\"text-align: justify\"><span itemprop=\"image\" itemscope itemtype=\"https:\/\/schema.org\/ImageObject\"><img itemprop=\"url image\" loading=\"lazy\" decoding=\"async\" class=\"alignnone wp-image-4736\" src=\"\/wp-content\/uploads\/2021\/01\/flag-of-germany_33.png\" width=\"500\" height=\"300\" alt=\"V\u0101cijas karogs-37\" \/><meta itemprop=\"width\" content=\"500\"><meta itemprop=\"height\" content=\"300\"><\/span> <span itemprop=\"image\" itemscope itemtype=\"https:\/\/schema.org\/ImageObject\"><img itemprop=\"url image\" loading=\"lazy\" decoding=\"async\" class=\"alignnone wp-image-4737\" src=\"\/wp-content\/uploads\/2021\/01\/flag-of-germany_34.png\" width=\"500\" height=\"333\" alt=\"V\u0101cijas karogs-38\" \/><meta itemprop=\"width\" content=\"500\"><meta itemprop=\"height\" content=\"333\"><\/span> <span itemprop=\"image\" itemscope itemtype=\"https:\/\/schema.org\/ImageObject\"><img itemprop=\"url image\" loading=\"lazy\" decoding=\"async\" class=\"alignnone wp-image-4738\" src=\"\/wp-content\/uploads\/2021\/01\/flag-of-germany_35.png\" width=\"500\" height=\"300\" alt=\"V\u0101cijas karogs-39\" \/><meta itemprop=\"width\" content=\"500\"><meta itemprop=\"height\" content=\"300\"><\/span><\/p>\n<h3 style=\"text-align: justify\">Nacistisk\u0101 V\u0101cija 1933-1945<\/h3>\n<p style=\"text-align: justify\">No V\u0101cijas imp\u0113rijas kr\u0101su gammas (melns un balts-sarkans) neatteic\u0101s Hitlera V\u0101cija. K\u0101 zin\u0101ms, audum\u0101 tika izmantotas vienas un t\u0101s pa\u0161as kr\u0101sas, neskatoties uz to, ka abas p\u0101rveidotas individu\u0101li. Hitlers m\u0113r\u0137tiec\u012bgi izmantoja Otr\u0101 Reiha laika kr\u0101su, lai piesaist\u012btu konservat\u012bvos monarhistus un bur\u017eu\u0101ziju.<\/p>\n<p style=\"text-align: justify\"><span itemprop=\"image\" itemscope itemtype=\"https:\/\/schema.org\/ImageObject\"><img itemprop=\"url image\" loading=\"lazy\" decoding=\"async\" class=\"alignnone wp-image-4739\" src=\"\/wp-content\/uploads\/2021\/01\/flag-of-germany_36.png\" width=\"500\" height=\"300\" alt=\"V\u0101cijas karogs-40\" \/><meta itemprop=\"width\" content=\"500\"><meta itemprop=\"height\" content=\"300\"><\/span><\/p>\n<p>V\u0101cijas imp\u0113rijas karogs no 1933. l\u012bdz 1935. gadam<\/p>\n<p style=\"text-align: justify\"><span itemprop=\"image\" itemscope itemtype=\"https:\/\/schema.org\/ImageObject\"><img itemprop=\"url image\" loading=\"lazy\" decoding=\"async\" class=\"alignnone wp-image-4740\" src=\"\/wp-content\/uploads\/2021\/01\/flag-of-germany_37.png\" width=\"500\" height=\"300\" alt=\"V\u0101cijas karogs-41\" \/><meta itemprop=\"width\" content=\"500\"><meta itemprop=\"height\" content=\"300\"><\/span><\/p>\n<p>\u0100dolfa Hitlera izgudrotais karogs ar svastiku, ko V\u0101cija izmantoja 1933.-1945<\/p>\n<p style=\"text-align: justify\"><span itemprop=\"image\" itemscope itemtype=\"https:\/\/schema.org\/ImageObject\"><img itemprop=\"url image\" loading=\"lazy\" decoding=\"async\" class=\"alignnone wp-image-4741\" src=\"\/wp-content\/uploads\/2021\/01\/flag-of-germany_38.png\" width=\"500\" height=\"300\" alt=\"V\u0101cijas karogs-42\" \/><meta itemprop=\"width\" content=\"500\"><meta itemprop=\"height\" content=\"300\"><\/span> <span itemprop=\"image\" itemscope itemtype=\"https:\/\/schema.org\/ImageObject\"><img itemprop=\"url image\" loading=\"lazy\" decoding=\"async\" class=\"alignnone wp-image-4742\" src=\"\/wp-content\/uploads\/2021\/01\/flag-of-germany_39.png\" width=\"500\" height=\"300\" alt=\"V\u0101cijas karogs-43\" \/><meta itemprop=\"width\" content=\"500\"><meta itemprop=\"height\" content=\"300\"><\/span><\/p>\n<p style=\"text-align: justify\">Biju\u0161\u0101s &quot;v\u0101cu (v\u0101cu) n\u0101cijas Sv\u0113t\u0101s Romas imp\u0113rijas&quot; teritorij\u0101 bija vai nu milz\u012bgs skaits valstu un kara\u013cvalstu, no kur\u0101m vismaz bija individu\u0101la personisk\u0101 z\u012bme.<\/p>\n<h3 style=\"text-align: justify\">P\u0113ckara V\u0101cija 1945-1949<\/h3>\n<p style=\"text-align: justify\"><span itemprop=\"image\" itemscope itemtype=\"https:\/\/schema.org\/ImageObject\"><img itemprop=\"url image\" loading=\"lazy\" decoding=\"async\" class=\"alignnone wp-image-4743\" src=\"\/wp-content\/uploads\/2021\/01\/flag-of-germany_40.png\" width=\"500\" height=\"333\" alt=\"V\u0101cijas karogs-44\" \/><meta itemprop=\"width\" content=\"500\"><meta itemprop=\"height\" content=\"333\"><\/span><\/p>\n<h3 style=\"text-align: justify\">V\u0101cijas Demokr\u0101tisk\u0101 Republika 1949.-1990<\/h3>\n<p style=\"text-align: justify\">Ar\u012b V\u0101cijas Demokr\u0101tiskaj\u0101 Republik\u0101 (VDR 1949-1989.) neatteica v\u0113sturiskas kr\u0101sas, pievienojot tikai valsts \u0123erboni.<\/p>\n<p style=\"text-align: justify\"><span itemprop=\"image\" itemscope itemtype=\"https:\/\/schema.org\/ImageObject\"><img itemprop=\"url image\" loading=\"lazy\" decoding=\"async\" class=\"alignnone wp-image-4744\" src=\"\/wp-content\/uploads\/2021\/01\/flag-of-germany_41.png\" width=\"500\" height=\"300\" alt=\"V\u0101cijas karogs-45\" \/><meta itemprop=\"width\" content=\"500\"><meta itemprop=\"height\" content=\"300\"><\/span><\/p>\n<p>V\u0101cijas Demokr\u0101tisk\u0101s Republikas karogs tika izmantots no 1949. l\u012bdz 1959. gadam.<\/p>\n<p style=\"text-align: justify\">V\u0101cija &#8211; v\u0101cie\u0161u valstiskuma m\u016bsdienu forma. Beidzoties saist\u012bbai ar VDR 1990.g. Vi\u0146as administrat\u012bvo iedal\u012bjumu veido se\u0161padsmit zemes. T\u0101s ir v\u0113sturiskas teritorijas ar saglab\u0101tu nosaukumu. Ikvienam ir person\u012bg\u0101s z\u012bmes, kuras vai glab\u0101jas pag\u0101tn\u0113, vai p\u0101ris modific\u0113tas.<\/p>\n<p>V\u0101cijas vald\u012bba person\u012bgo izcelsmi mekl\u0113 m\u016bsu \u0113ras IX gadsimt\u0101. Gadsimta garum\u0101 &#8211; 10. gadsimta 60. gadu pirmaj\u0101 pus\u0113 b\u0101z\u0113j\u0101s &quot;Sv\u0113t\u0101 Romas imp\u0113rija&quot; (1. Reihs), kas viduslaikos ieguva 2. nosaukuma p\u0101ri &#8211; &quot;V\u0101cu Sv\u0113t\u0101 Romas imp\u0113rija v\u0101cu) tauta&quot;. T\u016bksto\u0161gades reihs sabruka 1806.\u00a0gad\u0101 daudz\u0101m Majahanas kara\u013cvalst\u012bm. V\u0101cija (2. Reihs), kas izgatavota XIX gadsimta 70. gadu pirmaj\u0101 pus\u0113, past\u0101v\u0113ja nedaudz vismaz pusgadsimtu un izjuka Pirm\u0101 pasaules kara beig\u0101s. Tre\u0161o reihu proklam\u0113ja nacisti divdesmit\u0101 gadsimta 30. gadu pirmaj\u0101 pus\u0113 un p\u0113c 12.\u00a0gadiem, kad tas nok\u013cuva mu\u0161i\u0146\u0101.<\/p>\n<h2 style=\"text-align: justify\">Apraksts<\/h2>\n<p style=\"text-align: justify\">V\u0101cijas valsts z\u012bmei ir taisnst\u016bra skats ar horizont\u0101l\u0101m vienot\u0101m 3 kr\u0101su sv\u012btr\u0101m: tum\u0161a, sarkana un zelta. Pane\u013cu proporcijas ir korel\u0113tas k\u0101 3 l\u012bdz 5. Katras joslas platums ir vien\u0101ds ar 1\/3 no visa karoga platuma. Tum\u0161\u0101s kr\u0101sas sloksne atrodas aug\u0161pus\u0113, sarkana &#8211; vid\u016b, zeltaina &#8211; uz leju.<\/p>\n<h2 style=\"text-align: justify\">V\u0101cijas kr\u0101su karogs<\/h2>\n<p style=\"text-align: justify\">V\u0101cijas karogs pievieno no 3 kr\u0101s\u0101m: tum\u0161a, sarkana, zelta. T\u0101s ir izcilas v\u0101cu valsts kr\u0101sas, kas l\u012bdz m\u016bsdien\u0101m n\u0101ku\u0161as no gadsimtu dz\u012bl\u0113m.<\/p>\n<h2 style=\"text-align: justify\">V\u0101cijas karoga z\u012bmes un kr\u0101su noz\u012bme<\/h2>\n<p style=\"text-align: justify\">Tum\u0161a un dzeltena (zelta) kr\u0101sa, k\u0101 zin\u0101ms, lietota pag\u0101tnes prosa vid\u016b. \u0160\u012bs kr\u0101sas v\u0101cie\u0161iem simboliz\u0113ja:<\/p>\n<ol style=\"text-align: justify\">\n<li>Melns &#8211; V\u0101cijas v\u0113sturisk\u0101 pag\u0101tne, sp\u0113ks un drosme;<\/li>\n<li>Sarkans &#8211; asinis, ko v\u0101cie\u0161i izl\u0113ja da\u017e\u0101dos V\u0101cijas Liel\u0101s v\u0113stures periodos;<\/li>\n<li>Dzeltens &#8211; Br\u012bv\u012bbas kr\u0101sa.<\/li>\n<\/ol>\n<p style=\"text-align: justify\">Bez \u0161\u012bs kr\u0101su interpret\u0101cijas tiek izmantota v\u0113l viena 2. interpret\u0101cija, kur\u0101 meln\u0101 kr\u0101sa nav tikai pag\u0101tne, bet meln\u0101 pag\u0101tne.<\/p>\n<p style=\"text-align: justify\">Saska\u0146ojot ar V\u0101cijas likumdo\u0161anu, valsts z\u012bmi lieto tikai valsts instit\u016bcijas. Par nelikum\u012bgu ievie\u0161anu paredz\u0113ts sods 1 t\u016bkstotis eiro. Bez tam valsts simbolika ir aizliegta komerci\u0101lu m\u0113r\u0137u \u012bsteno\u0161anai. Bet karoga kr\u0101sas ir at\u013cauts izmantot nejau\u0161iem nol\u016bkiem.<\/p>\n<p style=\"text-align: justify\">Z\u012bme ir aizsarg\u0101ta no apvainojumiem un stagn\u0101cijas, k\u0101p\u0113c vain\u012bgais sod\u0101ms ar br\u012bv\u012bbas at\u0146em\u0161anu un milz\u012bgu naudas sodu l\u012bdz 3 gadiem.<\/p>\n<blockquote>\n<p style=\"text-align: justify\">V\u0101cijas pilsonim ir ties\u012bbas glab\u0101t valsts karogu un to demonstr\u0113t.<\/p>\n<\/blockquote>\n<h2 style=\"text-align: justify\">Nespecializ\u0113ta inform\u0101cija par V\u0101ciju<\/h2>\n<table>\n<tbody>\n<tr style=\"text-align: justify\">\n<td>Ofici\u0101l\u0101 valoda<\/td>\n<td>v\u0101cu<\/td>\n<\/tr>\n<tr style=\"text-align: justify\">\n<td>Kapit\u0101ls<\/td>\n<td>Berl\u012bne<\/td>\n<\/tr>\n<tr style=\"text-align: justify\">\n<td>Teritorija<\/td>\n<td>357 385 km2<\/td>\n<\/tr>\n<tr style=\"text-align: justify\">\n<td>Popul\u0101cija<\/td>\n<td>83 019 200 cilv\u0113ku<\/td>\n<\/tr>\n<tr style=\"text-align: justify\">\n<td>Val\u016bta<\/td>\n<td>Eiro (EUR, kods 978)<\/td>\n<\/tr>\n<tr>\n<td style=\"text-align: justify\">Telefona kods<\/td>\n<td style=\"text-align: justify\">+49<\/td>\n<\/tr>\n<\/tbody>\n<\/table>\n","protected":false},"excerpt":{"rendered":"<p>V\u0101cijas karogs &#8211; ir audums ar tr\u012bskr\u0101su ar zelta, meln\u0101 un sarkan\u0101m sv\u012btr\u0101m horizont\u0101li. Pirmo reizi V\u0101cijas karogs tika ieviests lieto\u0161an\u0101 1848. gada 23. mart\u0101 un ofici\u0101li apstiprin\u0101ts&#8230;<\/p>\n","protected":false},"author":1,"featured_media":5968,"comment_status":"open","ping_status":"open","sticky":false,"template":"","format":"standard","meta":{"footnotes":""},"categories":[3],"tags":[],"class_list":["post-1548","post","type-post","status-publish","format-standard","has-post-thumbnail","","category-eiropas-karogi"],"aioseo_notices":[],"_links":{"self":[{"href":"https:\/\/flags-world.com\/lv\/wp-json\/wp\/v2\/posts\/1548","targetHints":{"allow":["GET"]}}],"collection":[{"href":"https:\/\/flags-world.com\/lv\/wp-json\/wp\/v2\/posts"}],"about":[{"href":"https:\/\/flags-world.com\/lv\/wp-json\/wp\/v2\/types\/post"}],"author":[{"embeddable":true,"href":"https:\/\/flags-world.com\/lv\/wp-json\/wp\/v2\/users\/1"}],"replies":[{"embeddable":true,"href":"https:\/\/flags-world.com\/lv\/wp-json\/wp\/v2\/comments?post=1548"}],"version-history":[{"count":0,"href":"https:\/\/flags-world.com\/lv\/wp-json\/wp\/v2\/posts\/1548\/revisions"}],"wp:featuredmedia":[{"embeddable":true,"href":"https:\/\/flags-world.com\/lv\/wp-json\/wp\/v2\/media\/5968"}],"wp:attachment":[{"href":"https:\/\/flags-world.com\/lv\/wp-json\/wp\/v2\/media?parent=1548"}],"wp:term":[{"taxonomy":"category","embeddable":true,"href":"https:\/\/flags-world.com\/lv\/wp-json\/wp\/v2\/categories?post=1548"},{"taxonomy":"post_tag","embeddable":true,"href":"https:\/\/flags-world.com\/lv\/wp-json\/wp\/v2\/tags?post=1548"}],"curies":[{"name":"wp","href":"https:\/\/api.w.org\/{rel}","templated":true}]}}