{"id":1546,"date":"2021-01-04T17:18:11","date_gmt":"2021-01-04T14:18:11","guid":{"rendered":"https:\/\/flags-world.com\/lv\/2021\/01\/04\/gambijas-karogs-nozme-un-krsas\/"},"modified":"2021-01-04T17:18:11","modified_gmt":"2021-01-04T14:18:11","slug":"gambijas-karogs-nozme-un-krsas","status":"publish","type":"post","link":"https:\/\/flags-world.com\/lv\/gambijas-karogs-nozme-un-krsas\/","title":{"rendered":"Gambijas karogs: noz\u012bme un kr\u0101sas"},"content":{"rendered":"<p style=\"text-align: justify\">Pa\u0161vald\u012bbas karogs non\u0101k z\u012bmju sarakst\u0101. Tas ir daudz vair\u0101k kr\u0101sots kr\u0101s\u0101s, kas nosac\u012bti demonstr\u0113 v\u0113sturiski nopietnas darb\u012bbas, politisk\u0101s vad\u012bbas formu valst\u012b, t\u0101s izvietojumu, ekonomiku un citas fundament\u0101las deta\u013cas, kas saist\u012btas ar valsts veido\u0161anu. Karoga kr\u0101sas un \u0123erbo\u0146a vai embl\u0113mu kl\u0101tb\u016btne ir ierakst\u012bta likumdo\u0161anas l\u012bmen\u012b valsts konstit\u016bcij\u0101.<\/p>\n<p style=\"text-align: justify\">T\u0101tad m\u016bsdienu Gambijas karogs izskat\u0101s:<\/p>\n<p style=\"text-align: justify\"><span itemprop=\"image\" itemscope itemtype=\"https:\/\/schema.org\/ImageObject\"><img itemprop=\"url image\" loading=\"lazy\" decoding=\"async\" class=\"alignnone size-full wp-image-3206\" src=\"\/wp-content\/uploads\/2021\/01\/flag-of-the-gambia_1.png\" width=\"500\" height=\"333\" alt=\"Gambijas karogs-1\" \/><meta itemprop=\"width\" content=\"500\"><meta itemprop=\"height\" content=\"333\"><\/span><\/p>\n<h2 style=\"text-align: justify\">Gambijas v\u0113stures karogs<\/h2>\n<p style=\"text-align: justify\">S\u0101kot ar XVI gadsimtu, m\u016bsdienu Gambijas apvidu koloniz\u0113ja holandie\u0161i, fran\u010di un briti, veidojot person\u012bg\u0101s tirdzniec\u012bbas apmetnes. Kop\u0161 1807.\u00a0gada Gambija ir Anglijas koronas kolonija, bet XIX gadsimta 20.\u00a0gadu pirmaj\u0101 pus\u0113 Sjerraleones provinces kontrol\u0113. Bet devi\u0146padsmit\u0101 gadsimta 40. gadu pirmaj\u0101 pus\u0113 teritorija tika atgriezta Anglijai.<\/p>\n<p style=\"text-align: justify\">K\u0101 republikas pa\u0161vald\u012bbas z\u012bme, kas atrad\u0101s Anglijas protektor\u0101t\u0101, no 1870. l\u012bdz 1889. gadam karogu izmantoja koloni\u0101lais \u012bpa\u0161ums. Tas bija nokr\u0101sots tum\u0161i zil\u0101 kr\u0101s\u0101, un aug\u0161\u0113j\u0101 kreisaj\u0101 st\u016br\u012b bija Anglijas karoga att\u0113ls. Pa labi tika mekl\u0113ta Gambijas embl\u0113ma, uz kuras bija att\u0113lota zilo\u0146a fig\u016bra ar paceltu stumbru. Dz\u012bvnieks g\u0101ja boj\u0101 palmu, za\u013cganu kalnu un dzelten\u012bgu smil\u0161u fon\u0101.<\/p>\n<p style=\"text-align: justify\"><span itemprop=\"image\" itemscope itemtype=\"https:\/\/schema.org\/ImageObject\"><img itemprop=\"url image\" loading=\"lazy\" decoding=\"async\" class=\"alignnone size-full wp-image-3207\" src=\"\/wp-content\/uploads\/2021\/01\/flag-of-the-gambia_2.png\" width=\"500\" height=\"250\" alt=\"Gambijas karogs-2\" \/><meta itemprop=\"width\" content=\"500\"><meta itemprop=\"height\" content=\"250\"><\/span><\/p>\n<blockquote>\n<p style=\"text-align: justify\">Lat\u012b\u0146u z\u012bmes ir rakst\u012btas ar apa\u013cu embl\u0113mu lat\u012b\u0146u z\u012bm\u0113m. Rietum\u0101frikas apmetnes.<\/p>\n<\/blockquote>\n<p style=\"text-align: justify\">XIX gadsimta 90. gadu pirmaj\u0101 pus\u0113 Gambija tika sadal\u012bta divos apgabalos: protektor\u0101t\u0101 un Gambijas kolonij\u0101. No 1889. l\u012bdz 1965. gadam audeklu izskats netika main\u012bts, bet sakar\u0101 ar zemes sadali Anglijas koronas kolonija main\u012bja uzrakstu uz embl\u0113mas. Iek\u0161telp\u0101s apmet\u0146u nosaukums bija viens milz\u012bgs burts G.<\/p>\n<p style=\"text-align: justify\"><span itemprop=\"image\" itemscope itemtype=\"https:\/\/schema.org\/ImageObject\"><img itemprop=\"url image\" loading=\"lazy\" decoding=\"async\" class=\"alignnone size-full wp-image-3208\" src=\"\/wp-content\/uploads\/2021\/01\/flag-of-the-gambia_3.png\" width=\"500\" height=\"250\" alt=\"Gambijas karogs-3\" \/><meta itemprop=\"width\" content=\"500\"><meta itemprop=\"height\" content=\"250\"><\/span><\/p>\n<p style=\"text-align: justify\">20.\u00a0gadsimta 50.\u00a0gadu otraj\u0101 pus\u0113 tika pie\u0146emta jauna konstit\u016bcija un papla\u0161in\u0101ta Likumdo\u0161anas padome, savuk\u0101rt XX\u00a0gadsimta 60.\u00a0gadu pirmaj\u0101 pus\u0113 topo\u0161\u0101 \u0100frikas Republika sa\u0146\u0113ma at\u013cauju izveidot iek\u0161\u0113jo p\u0101rvald\u012bbu ar da\u017eiem ierobe\u017eojumiem. Pa\u0161p\u0101rvaldes pilnvaras ieguva 1963. gada 4. oktobr\u012b, un 1965. gada 18. febru\u0101r\u012b vald\u012bba ieguva neatkar\u012bbu Britu Sadraudz\u012bbas robe\u017e\u0101s.<\/p>\n<p style=\"text-align: justify\"><span itemprop=\"image\" itemscope itemtype=\"https:\/\/schema.org\/ImageObject\"><img itemprop=\"url image\" loading=\"lazy\" decoding=\"async\" class=\"alignnone size-full wp-image-3209\" src=\"\/wp-content\/uploads\/2021\/01\/flag-of-the-gambia_4.png\" alt=\"Gambijas karogs-4\" width=\"431\" height=\"216\" \/><meta itemprop=\"width\" content=\"431\"><meta itemprop=\"height\" content=\"216\"><\/span><\/p>\n<p style=\"text-align: justify\"><span itemprop=\"image\" itemscope itemtype=\"https:\/\/schema.org\/ImageObject\"><img itemprop=\"url image\" loading=\"lazy\" decoding=\"async\" class=\"alignnone size-full wp-image-3210\" src=\"\/wp-content\/uploads\/2021\/01\/flag-of-the-gambia_5.png\" alt=\"Gambijas karogs-5\" width=\"431\" height=\"216\" \/><meta itemprop=\"width\" content=\"431\"><meta itemprop=\"height\" content=\"216\"><\/span><\/p>\n<p style=\"text-align: justify\"><span itemprop=\"image\" itemscope itemtype=\"https:\/\/schema.org\/ImageObject\"><img itemprop=\"url image\" loading=\"lazy\" decoding=\"async\" class=\"alignnone size-full wp-image-3211\" src=\"\/wp-content\/uploads\/2021\/01\/flag-of-the-gambia_6.png\" alt=\"Gambijas karogs-6\" width=\"432\" height=\"216\" \/><meta itemprop=\"width\" content=\"432\"><meta itemprop=\"height\" content=\"216\"><\/span><\/p>\n<p style=\"text-align: justify\">Br\u012bv\u012bbas ieg\u016b\u0161anas gad\u0101 Gambijas gleznot\u0101ji izdom\u0101ja ieviest savu karogu. Valsts simbolikas gala versijas autor\u012bba pieder\u012bb\u0101.Tomasi, kas bija Lielbrit\u0101nijas pastmarku padomes darbinieks.<\/p>\n<blockquote>\n<p style=\"text-align: justify\">1970. gada apr\u012bl\u012b Gambija main\u012bja vald\u012bbas formu un k\u013cuva par republiku.<\/p>\n<\/blockquote>\n<h2 style=\"text-align: justify\">Apraksts<\/h2>\n<p style=\"text-align: justify\">Gambijas karoga taisnst\u016bra formas malu attiec\u012bba ir 2:3. Galvenaj\u0101 fon\u0101 ir tr\u012bs platas joslas un divas \u0161auras joslas. Aug\u0161\u0113j\u0101 sarkan\u0101 da\u013ca platum\u0101 atbilst apak\u0161\u0113jai za\u013cajai da\u013cai, savuk\u0101rt centr\u0101lajai zilajai da\u013cai ir nedaudz maz\u0101ks izm\u0113rs. Baltas \u0161auras joslas ier\u0101m\u0113 zilo joslu un simetriski ir diezgan centr\u0101l\u0101 horizont\u0101l\u0101 ass. Visu karoga joslu izm\u0113ri tiek piel\u0101goti sav\u0101 starp\u0101 k\u0101 6:1:4:1:6.<\/p>\n<h2 style=\"text-align: justify\">Gambijas kr\u0101su karogs<\/h2>\n<p style=\"text-align: justify\">Gambijas karoga audekls ir salauzts uz joslas horizont\u0101li un nokr\u0101sots sarkan\u0101, zil\u0101 un za\u013c\u0101 kr\u0101s\u0101. Centr\u0101l\u0101 josla ir ier\u0101m\u0113ta \u0161auru baltu l\u012bniju veid\u0101.<\/p>\n<h2 style=\"text-align: justify\">Gambijas kr\u0101su karoga noz\u012bme<\/h2>\n<p style=\"text-align: justify\">Aug\u0161\u0113j\u0101s joslas aug\u0161da\u013ca ir saules z\u012bme, kas apgaismo reljefu. Zils centr\u0101 tika iev\u0113l\u0113ts par godu upei ar t\u0101du pa\u0161u nosaukumu k\u0101 Gambijai. Vi\u0146as \u016bdens dod viet\u0113jiem iedz\u012bvot\u0101jiem un Dz\u012bv\u012bbas Republiku, Narovna ar \u0161o upi pl\u016bst starp sarkaniem tropu biezok\u0146iem un za\u013ciem me\u017eiem Savannas.<\/p>\n<blockquote>\n<p style=\"text-align: justify\">\u0160\u012bs dabas teritorijas ir valsts valsts pamats.<\/p>\n<\/blockquote>\n<p style=\"text-align: justify\">Za\u013c\u0101 da\u013ca, kas atrodas gar audekla apak\u0161\u0113jo malu, nor\u0101da uz zelta zem\u0113m upes krastos. Karoga centr\u0101l\u0101s sv\u012btras balt\u0101 apmale ir saist\u012bta ar labkl\u0101j\u012bbu, mieru un vienot\u012bbu tautu vid\u016b.<\/p>\n<p style=\"text-align: justify\">Republikas valstisko simboliku ar likumu var izmantot da\u017e\u0101diem m\u0113r\u0137iem uz zemes un \u016bdens. Karogs ir ties\u012bb\u0101s pacelt valsts nacion\u0101los darbus, republikas un amatpersonu p\u0101rst\u0101vjus un ierindas pilso\u0146us. Tr\u012bs joslu audekls ir paz\u012bstams gan ar valsts armiju, gan j\u016bras sp\u0113ku. Karogu var redz\u0113t uz person\u012bgajiem ku\u0123iem, un tie pieder komerci\u0101l\u0101m j\u016bras strukt\u016br\u0101m.<\/p>\n<h2 style=\"text-align: justify\">Nespecializ\u0113ta inform\u0101cija par Gambiju<\/h2>\n<table>\n<tbody>\n<tr style=\"text-align: justify\">\n<td>Ofici\u0101l\u0101 valoda<\/td>\n<td>Ang\u013cu<\/td>\n<\/tr>\n<tr style=\"text-align: justify\">\n<td>Kapit\u0101ls<\/td>\n<td>Band\u017eula<\/td>\n<\/tr>\n<tr style=\"text-align: justify\">\n<td>Teritorija<\/td>\n<td>11 300 km2<\/td>\n<\/tr>\n<tr style=\"text-align: justify\">\n<td>Popul\u0101cija<\/td>\n<td>2\u00a0173\u00a0999 cilv\u0113ki<\/td>\n<\/tr>\n<tr style=\"text-align: justify\">\n<td>Val\u016bta<\/td>\n<td>Dalasi<\/td>\n<\/tr>\n<tr>\n<td style=\"text-align: justify\">Telefona kods<\/td>\n<td style=\"text-align: justify\">+220<\/td>\n<\/tr>\n<\/tbody>\n<\/table>\n","protected":false},"excerpt":{"rendered":"<p>Pa\u0161vald\u012bbas karogs non\u0101k z\u012bmju sarakst\u0101. Tas ir daudz vair\u0101k kr\u0101sots kr\u0101s\u0101s, kas nosac\u012bti demonstr\u0113 v\u0113sturiski nopietnas darb\u012bbas, politisk\u0101s vad\u012bbas formu valst\u012b, t\u0101s izvietojumu, ekonomiku un citas fundament\u0101las deta\u013cas,&#8230;<\/p>\n","protected":false},"author":1,"featured_media":5825,"comment_status":"open","ping_status":"open","sticky":false,"template":"","format":"standard","meta":{"footnotes":""},"categories":[5],"tags":[],"class_list":["post-1546","post","type-post","status-publish","format-standard","has-post-thumbnail","","category-frikas-valstu-karogi"],"aioseo_notices":[],"_links":{"self":[{"href":"https:\/\/flags-world.com\/lv\/wp-json\/wp\/v2\/posts\/1546","targetHints":{"allow":["GET"]}}],"collection":[{"href":"https:\/\/flags-world.com\/lv\/wp-json\/wp\/v2\/posts"}],"about":[{"href":"https:\/\/flags-world.com\/lv\/wp-json\/wp\/v2\/types\/post"}],"author":[{"embeddable":true,"href":"https:\/\/flags-world.com\/lv\/wp-json\/wp\/v2\/users\/1"}],"replies":[{"embeddable":true,"href":"https:\/\/flags-world.com\/lv\/wp-json\/wp\/v2\/comments?post=1546"}],"version-history":[{"count":0,"href":"https:\/\/flags-world.com\/lv\/wp-json\/wp\/v2\/posts\/1546\/revisions"}],"wp:featuredmedia":[{"embeddable":true,"href":"https:\/\/flags-world.com\/lv\/wp-json\/wp\/v2\/media\/5825"}],"wp:attachment":[{"href":"https:\/\/flags-world.com\/lv\/wp-json\/wp\/v2\/media?parent=1546"}],"wp:term":[{"taxonomy":"category","embeddable":true,"href":"https:\/\/flags-world.com\/lv\/wp-json\/wp\/v2\/categories?post=1546"},{"taxonomy":"post_tag","embeddable":true,"href":"https:\/\/flags-world.com\/lv\/wp-json\/wp\/v2\/tags?post=1546"}],"curies":[{"name":"wp","href":"https:\/\/api.w.org\/{rel}","templated":true}]}}