{"id":1543,"date":"2021-01-04T17:18:11","date_gmt":"2021-01-04T14:18:11","guid":{"rendered":"https:\/\/flags-world.com\/lv\/2021\/01\/04\/gabonas-karogs-nozme-un-krsas\/"},"modified":"2021-01-04T17:18:11","modified_gmt":"2021-01-04T14:18:11","slug":"gabonas-karogs-nozme-un-krsas","status":"publish","type":"post","link":"https:\/\/flags-world.com\/lv\/gabonas-karogs-nozme-un-krsas\/","title":{"rendered":"Gabonas karogs: noz\u012bme un kr\u0101sas"},"content":{"rendered":"<p style=\"text-align: justify\">Gabona ir vald\u012bba, kas atrodas \u0100frikas centr\u0101. Vi\u0146a karogs ir \u013coti paman\u0101ms. Visas kr\u0101sas ir saist\u012btas ar republikas \u0123eogr\u0101fisko st\u0101vokli.<\/p>\n<p style=\"text-align: justify\">T\u0101tad m\u016bsdienu Gabonas karogs izskat\u0101s:<\/p>\n<p style=\"text-align: justify\"><span itemprop=\"image\" itemscope itemtype=\"https:\/\/schema.org\/ImageObject\"><img itemprop=\"url image\" loading=\"lazy\" decoding=\"async\" class=\"alignnone size-full wp-image-3233\" src=\"\/wp-content\/uploads\/2021\/01\/flag-of-gabon_1.png\" width=\"500\" height=\"375\" alt=\"Gabonas karogs-1\" \/><meta itemprop=\"width\" content=\"500\"><meta itemprop=\"height\" content=\"375\"><\/span><\/p>\n<h2 style=\"text-align: justify\">Gabonas v\u0113stures karogs<\/h2>\n<p style=\"text-align: justify\">Gabonas karogs tika pie\u0146emts 1960. gada 9. august\u0101. Tas att\u0113lo tr\u012bs l\u012bdzv\u0113rt\u012bgas noteiktu kr\u0101su joslas, kas absol\u016bti atspogu\u013cos valsts izvietojuma vietu. Otrie v\u0101rdi:<\/p>\n<ol style=\"text-align: justify\">\n<li>Za\u013cgans simboliz\u0113 lauku me\u017eus.<\/li>\n<li>Zils &#8211; oke\u0101ns, Atlantijas oke\u0101ns.<\/li>\n<li>Sasmalcina \u0161\u012bs kr\u0101sas dzelten\u012bgas smailes sloksni, kas ir pieejama p\u0113c ekvatora z\u012bmes un paman\u0101m\u0101s \u0100frikas saules.<\/li>\n<\/ol>\n<p style=\"text-align: justify\">Gadu iepriek\u0161, 20. gadsimta 50. gadu 2. pus\u0113, vi\u0146\u0161 tika pie\u0146emts ar 2. karogu, tas at\u0161\u0137\u012br\u0101s no \u0161odienas platuma un Francijas tr\u012bskr\u0101su sv\u012btru kl\u0101tb\u016btnes kanton\u0101. Bet v\u0113l\u0101k Gabonas Republika tika pasludin\u0101ta par br\u012bvu, un fran\u010du standarts neizdev\u0101s cauri augsnei no audekla, un vi\u0146a sv\u012btras papla\u0161in\u0101j\u0101s.<\/p>\n<p style=\"text-align: justify\">K\u0101 zin\u0101ms, 19. gadsimta beig\u0101s Gabona ietilpst Francijas programm\u0101, bet vald\u012bbas person\u012bgo karogu izdev\u0101s apstiprin\u0101t tikai l\u012bdz 1959. gadam. Rekl\u0101mkaroga kreisaj\u0101 pus\u0113 aug\u0161\u0113j\u0101 st\u016br\u012b bija att\u0113lots Francijas karogs. Gabonas Republikas neatkar\u012bbas deklar\u0101cijas beig\u0101s 1960. gada 9. august\u0101 valsts ir apstiprin\u0101ta ar person\u012bgo karoga veidu, kuru vi\u0146\u0161 faktiski nav main\u012bjis. P\u0101ri augsnei visp\u0101r nokrita tikai Francijas tr\u012bskr\u0101su z\u012bme. Tagad tiek izmantots atjaunin\u0101tais dizains.<\/p>\n<p style=\"text-align: justify\"><span itemprop=\"image\" itemscope itemtype=\"https:\/\/schema.org\/ImageObject\"><img itemprop=\"url image\" loading=\"lazy\" decoding=\"async\" class=\"alignnone size-full wp-image-3234\" src=\"\/wp-content\/uploads\/2021\/01\/flag-of-gabon_2.png\" width=\"500\" height=\"375\" alt=\"Gabonas karogs-2\" \/><meta itemprop=\"width\" content=\"500\"><meta itemprop=\"height\" content=\"375\"><\/span><\/p>\n<p style=\"text-align: justify\">Gabonas karogs p\u0113c daudziem t\u0101 indikatoriem atg\u0101dina Bandungas pils\u0113tas simbolu Indon\u0113zijas Rietumjavas provinc\u0113.<\/p>\n<p style=\"text-align: justify\">Pa\u0161laik Gabon\u0101 ir unit\u0101ra prezident\u0101la republika. Iedz\u012bvot\u0101ji galvenok\u0101rt atz\u012bst kato\u013cu kristiet\u012bbu k\u0101 atska\u0146as atkar\u012bbai no Francijas.<\/p>\n<h2 style=\"text-align: justify\">Apraksts<\/h2>\n<p style=\"text-align: justify\">Gabonas taisnst\u016bra karogs. Vi\u0146a malu attiec\u012bba ir 3 pret 4. Sv\u012btras uz t\u0101 ir horizont\u0101l\u0101 form\u0101 vien\u0101d\u0101s proporcij\u0101s. Audekla dizains piln\u012bb\u0101 nor\u0101da uz Gabonas Republikas \u0123eogr\u0101fiskaj\u0101m iez\u012bm\u0113m.<\/p>\n<h2 style=\"text-align: justify\">Gabonas kr\u0101su karogs<\/h2>\n<p style=\"text-align: justify\">Audekls salok\u0101s no monotonu izm\u0113ru 3 josl\u0101m &#8211; za\u013c\u0101, dzelten\u0101 un zil\u0101 kr\u0101s\u0101. Agr\u0101k dzelten\u0101 josla bija daudz jau, v\u0113l\u0101k, p\u0113c neatkar\u012bbas beig\u0101m, tika papla\u0161in\u0101ta un izl\u012bdzin\u0101ta ar cit\u0101m.<\/p>\n<h2 style=\"text-align: justify\">Noz\u012bm\u0113 kr\u0101su karogs Gabona<\/h2>\n<p style=\"text-align: justify\">Gabonas Republika ir slavena ar saviem me\u017eiem, pamatojoties uz \u0161o, 1. sloksnes koku, tas it k\u0101 neiederas karoga pamatkr\u0101s\u0101 2. K\u0101 zin\u0101ms, valst\u012b l\u012bdz 75% reljefa aiz\u0146em me\u017eu mas\u012bvi.<\/p>\n<p style=\"text-align: justify\">Zil\u0101 nokr\u0101sa uz audekla simboliz\u0113 Atlantijas oke\u0101na \u016bdeni, kas mazg\u0101 valsts piekrasti.<\/p>\n<p style=\"text-align: justify\">Dzelten\u0101 sloksne sasmalcina \u0161o valsts simbolu t\u0101pat k\u0101 ekvators sadala \u0161o valsti div\u0101s da\u013c\u0101s. Turkl\u0101t dzelten\u0101 kr\u0101sa atg\u0101dina sauli, kas \u0161aj\u0101 st\u0101vokl\u012b ir diezgan daudz.<\/p>\n<p style=\"text-align: justify\">Ar \u0161o \u0100frikas valsti viss ir \u013coti vienk\u0101r\u0161i, karogs Gabon\u0101 visu r\u0101d\u012bja p\u0101rpiln\u012bb\u0101, otrie v\u0101rdi: me\u017ei, j\u016bra un saule. Bet republikas simbolisk\u0101s kr\u0101sas par\u0101da ne tikai t\u0101s \u0123eogr\u0101fiju, tas ir kult\u016bras mantojums, patiesi cilv\u0113ki un politisk\u0101 pag\u0101tne un, protams, re\u0123ion\u0101l\u0101s iez\u012bmes.<\/p>\n<p style=\"text-align: justify\">\u0160obr\u012bd Gabon\u0101 ir bag\u0101t\u0101k\u0101 un stabil\u0101k\u0101 valsts \u0100frik\u0101. T\u0101 k\u0101 republika ilgu laiku atrad\u0101s Francijas atkar\u012bb\u0101, \u0161obr\u012bd ir valsts valoda, un naudas vien\u012bbu sauc Frank CFA. Galvaspils\u0113ta ir Librevilas pils\u0113ta.<\/p>\n<h2 style=\"text-align: justify\">Nespecializ\u0113ta inform\u0101cija par Gabonu<\/h2>\n<table>\n<tbody>\n<tr style=\"text-align: justify\">\n<td>Ofici\u0101l\u0101 valoda<\/td>\n<td>fran\u010du valoda<\/td>\n<\/tr>\n<tr style=\"text-align: justify\">\n<td>Kapit\u0101ls<\/td>\n<td>Librevila<\/td>\n<\/tr>\n<tr style=\"text-align: justify\">\n<td>Teritorija<\/td>\n<td>267 667 km2<\/td>\n<\/tr>\n<tr style=\"text-align: justify\">\n<td>Popul\u0101cija<\/td>\n<td>2 22908 cilv\u0113ki<\/td>\n<\/tr>\n<tr style=\"text-align: justify\">\n<td>Val\u016bta<\/td>\n<td>Frenks CFA B\u0113ks<\/td>\n<\/tr>\n<tr>\n<td style=\"text-align: justify\">Telefona kods<\/td>\n<td style=\"text-align: justify\">+241<\/td>\n<\/tr>\n<\/tbody>\n<\/table>\n","protected":false},"excerpt":{"rendered":"<p>Gabona ir vald\u012bba, kas atrodas \u0100frikas centr\u0101. Vi\u0146a karogs ir \u013coti paman\u0101ms. Visas kr\u0101sas ir saist\u012btas ar republikas \u0123eogr\u0101fisko st\u0101vokli. T\u0101tad m\u016bsdienu Gabonas karogs izskat\u0101s: Gabonas v\u0113stures karogs&#8230;<\/p>\n","protected":false},"author":1,"featured_media":5823,"comment_status":"open","ping_status":"open","sticky":false,"template":"","format":"standard","meta":{"footnotes":""},"categories":[5],"tags":[],"class_list":["post-1543","post","type-post","status-publish","format-standard","has-post-thumbnail","","category-frikas-valstu-karogi"],"aioseo_notices":[],"_links":{"self":[{"href":"https:\/\/flags-world.com\/lv\/wp-json\/wp\/v2\/posts\/1543","targetHints":{"allow":["GET"]}}],"collection":[{"href":"https:\/\/flags-world.com\/lv\/wp-json\/wp\/v2\/posts"}],"about":[{"href":"https:\/\/flags-world.com\/lv\/wp-json\/wp\/v2\/types\/post"}],"author":[{"embeddable":true,"href":"https:\/\/flags-world.com\/lv\/wp-json\/wp\/v2\/users\/1"}],"replies":[{"embeddable":true,"href":"https:\/\/flags-world.com\/lv\/wp-json\/wp\/v2\/comments?post=1543"}],"version-history":[{"count":0,"href":"https:\/\/flags-world.com\/lv\/wp-json\/wp\/v2\/posts\/1543\/revisions"}],"wp:featuredmedia":[{"embeddable":true,"href":"https:\/\/flags-world.com\/lv\/wp-json\/wp\/v2\/media\/5823"}],"wp:attachment":[{"href":"https:\/\/flags-world.com\/lv\/wp-json\/wp\/v2\/media?parent=1543"}],"wp:term":[{"taxonomy":"category","embeddable":true,"href":"https:\/\/flags-world.com\/lv\/wp-json\/wp\/v2\/categories?post=1543"},{"taxonomy":"post_tag","embeddable":true,"href":"https:\/\/flags-world.com\/lv\/wp-json\/wp\/v2\/tags?post=1543"}],"curies":[{"name":"wp","href":"https:\/\/api.w.org\/{rel}","templated":true}]}}