{"id":1541,"date":"2021-01-04T17:18:11","date_gmt":"2021-01-04T14:18:11","guid":{"rendered":"https:\/\/flags-world.com\/lv\/2021\/01\/04\/dibutijas-karogs-nozme-un-krsas\/"},"modified":"2021-01-04T17:18:11","modified_gmt":"2021-01-04T14:18:11","slug":"dibutijas-karogs-nozme-un-krsas","status":"publish","type":"post","link":"https:\/\/flags-world.com\/lv\/dibutijas-karogs-nozme-un-krsas\/","title":{"rendered":"D\u017eibutijas karogs: noz\u012bme un kr\u0101sas"},"content":{"rendered":"<p style=\"text-align: justify\">D\u017eibuti &#8211; neliela vald\u012bba \u0100frikas zieme\u013caustrumos. Vi\u0146a plat\u012bba veido da\u017eus vair\u0101k nek\u0101 23 t\u016bkst. km2. \u0160\u012b ir republika ar person\u012bg\u0101m pa\u0161vald\u012bbas z\u012bm\u0113m.<\/p>\n<p style=\"text-align: justify\">T\u0101tad m\u016bsdienu D\u017eibutijas karogs izskat\u0101s:<\/p>\n<p style=\"text-align: justify\"><span itemprop=\"image\" itemscope itemtype=\"https:\/\/schema.org\/ImageObject\"><img itemprop=\"url image\" loading=\"lazy\" decoding=\"async\" class=\"alignnone size-full wp-image-3258\" src=\"\/wp-content\/uploads\/2021\/01\/flag-of-djibouti_1.png\" width=\"500\" height=\"333\" alt=\"D\u017eibutijas karogs\u00a01\" \/><meta itemprop=\"width\" content=\"500\"><meta itemprop=\"height\" content=\"333\"><\/span><\/p>\n<h2 style=\"text-align: justify\">D\u017eibutijas v\u0113stures karogs<\/h2>\n<p style=\"text-align: justify\">Asto\u0146desmito gadu beig\u0101s, 19. gadsimt\u0101 zem\u0113s, kuras atrada fran\u010du emis\u0101ri pie Isas cilts, s\u0101k\u0101s D\u017eibutijas pils\u0113tas celtniec\u012bba. \u0160aj\u0101 virzien\u0101 v\u0113l\u0101k p\u0101rc\u0113l\u0101s Francijas gubernators. Virs pils\u0113tas gubernatora rekl\u0101mkarogs, kur\u0161 sajauca zilu audumu ar 2 tr\u012bsst\u016brveida apdari (br\u0101zeri) un Francijas tr\u012bskr\u0101su.<\/p>\n<p style=\"text-align: justify\"><span itemprop=\"image\" itemscope itemtype=\"https:\/\/schema.org\/ImageObject\"><img itemprop=\"url image\" loading=\"lazy\" decoding=\"async\" class=\"alignnone size-full wp-image-3259\" src=\"\/wp-content\/uploads\/2021\/01\/flag-of-djibouti_2.png\" alt=\"D\u017eibutijas karogs-2\" width=\"433\" height=\"217\" \/><meta itemprop=\"width\" content=\"433\"><meta itemprop=\"height\" content=\"217\"><\/span><\/p>\n<p style=\"text-align: justify\">50. gadu otraj\u0101 pus\u0113 un gadsimt\u0101, beidzoties masveida som\u0101lie\u0161u izpausm\u0113m D\u017eibutij\u0101, Francijas vald\u012bba pie\u0146\u0113ma likumu par aizj\u016bras pa\u0161p\u0101rvaldes papla\u0161in\u0101\u0161anu. Izveidoja valde, kuras 1. viceprezidents Issa Mahamuds Harbi Farahs izveidoja jaunu karogu.<\/p>\n<p style=\"text-align: justify\">Tas bija taisnst\u016bra loc\u012bjums no 2 horizont\u0101l\u0101m sloksn\u0113m. Tops &#8211; zils, k\u0101 Som\u0101lija. Zem\u0101ks, za\u013c\u0161, personific\u0113ts isl\u0101ms. Sarkanais vien\u0101dmalu tr\u012bsst\u016bris kok\u0101 noz\u012bm\u0113ja revolucion\u0101ru c\u012b\u0146u. Uz t\u0101 atrodas balts piecstaru zvaig\u017e\u0146u stars, kas tika izvietots pane\u013ca centr\u0101.<\/p>\n<p style=\"text-align: justify\"><span itemprop=\"image\" itemscope itemtype=\"https:\/\/schema.org\/ImageObject\"><img itemprop=\"url image\" loading=\"lazy\" decoding=\"async\" class=\"alignnone size-full wp-image-3260\" src=\"\/wp-content\/uploads\/2021\/01\/flag-of-djibouti_3.png\" alt=\"D\u017eibutijas karogs\u00a03\" width=\"240\" height=\"161\" \/><meta itemprop=\"width\" content=\"240\"><meta itemprop=\"height\" content=\"161\"><\/span><\/p>\n<p style=\"text-align: justify\">M\u016bsdienu D\u017eibutijas karogs k\u0101 valsts z\u012bme tika pie\u0146emts 1977. gada 27. j\u016bnij\u0101. \u0160aj\u0101 dien\u0101 D\u017eibutija tika piln\u012bb\u0101 atbr\u012bvota no koloni\u0101l\u0101s atkar\u012bbas.<\/p>\n<blockquote>\n<p style=\"text-align: justify\">L\u012bdz\u012bgs audums pac\u0113l\u0101s p\u0101r valsti divdesmit\u0101 gadsimta 70. gadu pirmaj\u0101 pus\u0113 c\u012bn\u012bt\u0101jiem par neatkar\u012bbu. Bet z\u012bmju noz\u012bme ir main\u012bjusies.<\/p>\n<\/blockquote>\n<h2 style=\"text-align: justify\">Apraksts<\/h2>\n<p style=\"text-align: justify\">Tas ir taisnst\u016bris ar garuma un platuma attiec\u012bbu 21:38. Horizont\u0101li tas ir sadal\u012bts div\u0101s vien\u0101d\u0101s sv\u012btr\u0101s. Aug\u0161pus\u0113 ir gai\u0161i zila kr\u0101sa. Apak\u0161\u0113j\u0101 &#8211; za\u013ca.<\/p>\n<p style=\"text-align: justify\">Vien\u0101ds balts tr\u012bsst\u016bris viena puse piek\u013caujas le\u0146\u0137im, st\u016bris ir v\u0113rsts uz centru.<\/p>\n<p style=\"text-align: justify\">Tr\u012bsst\u016bra vid\u016b &#8211; sarkana zvaigzne ar pieciem stariem vertik\u0101l\u0101 st\u0101vokl\u012b. Zvaigzne ir ierakst\u012bta iedom\u0101t\u0101 apl\u012b, kura diametrs ir 1\/5 no pane\u013ca platuma.<\/p>\n<h2 style=\"text-align: justify\">D\u017eibutijas kr\u0101su karogs<\/h2>\n<p style=\"text-align: justify\">Tam ir \u0161\u0101das kr\u0101sas:<\/p>\n<ol style=\"text-align: justify\">\n<li>Gai\u0161i zils vai debeszils (Pantone 292c);<\/li>\n<li>Augsti za\u013c\u0161, (Pantone 361c);<\/li>\n<li>Balts;<\/li>\n<li>Sarkans, (Pantone\u00a0179C).<\/li>\n<\/ol>\n<h2 style=\"text-align: justify\">Noz\u012bme kr\u0101so D\u017eibutijas karogu<\/h2>\n<ol>\n<li style=\"text-align: justify\">Gai\u0161i zil\u0101 kr\u0101sa ir pieejama p\u0113c nepaman\u012bt\u0101s j\u016bras un bezgal\u012bgo debesu z\u012bmes un iemieso Isas iedz\u012bvot\u0101jus. Za\u013c\u0101 kr\u0101sa liecina par dabisko \u0100frikas kontinentu, dzimto zemi, sul\u012bgu ve\u0123et\u0101ciju un atbilst t\u0101lienes cilv\u0113kiem.<\/li>\n<li style=\"text-align: justify\">Balts tr\u012bsst\u016bris &#8211; pasaules simbols.<\/li>\n<li style=\"text-align: justify\">Sarkan\u0101 zvaigzne novietota karog\u0101, pieminot tautu c\u012b\u0146u par neatkar\u012bbu no kolonizatoriem. Uz m\u016bsdienu karoga vi\u0146a simboliz\u0113 sabiedr\u012bbu un cilv\u0113ku vienot\u012bbu.<\/li>\n<\/ol>\n<h2 style=\"text-align: justify\">Citi karogi<\/h2>\n<p style=\"text-align: justify\">Neatkar\u012bbas valsts alianses karogs:<\/p>\n<p style=\"text-align: justify\"><span itemprop=\"image\" itemscope itemtype=\"https:\/\/schema.org\/ImageObject\"><img itemprop=\"url image\" loading=\"lazy\" decoding=\"async\" class=\"alignnone size-full wp-image-3261\" src=\"\/wp-content\/uploads\/2021\/01\/flag-of-djibouti_4.png\" alt=\"D\u017eibutijas karogs\u00a04\" width=\"317\" height=\"216\" \/><meta itemprop=\"width\" content=\"317\"><meta itemprop=\"height\" content=\"216\"><\/span><\/p>\n<h2 style=\"text-align: justify\">Nespecializ\u0113ta inform\u0101cija par D\u017eibutiju<\/h2>\n<table>\n<tbody>\n<tr>\n<td style=\"text-align: justify\">Ofici\u0101l\u0101 valoda<\/td>\n<td>ar\u0101bu, fran\u010du<\/td>\n<\/tr>\n<tr>\n<td>Kapit\u0101ls<\/td>\n<td>D\u017eibutija<\/td>\n<\/tr>\n<tr>\n<td>Teritorija<\/td>\n<td>23 200 km2<\/td>\n<\/tr>\n<tr>\n<td>Popul\u0101cija<\/td>\n<td>921\u00a0804 cilv\u0113ki<\/td>\n<\/tr>\n<tr>\n<td>Val\u016bta<\/td>\n<td>Frenks D\u017eibutijs (DJF, kods 268)<\/td>\n<\/tr>\n<tr>\n<td>Telefona kods<\/td>\n<td>+253<\/td>\n<\/tr>\n<\/tbody>\n<\/table>\n","protected":false},"excerpt":{"rendered":"<p>D\u017eibuti &#8211; neliela vald\u012bba \u0100frikas zieme\u013caustrumos. Vi\u0146a plat\u012bba veido da\u017eus vair\u0101k nek\u0101 23 t\u016bkst. km2. \u0160\u012b ir republika ar person\u012bg\u0101m pa\u0161vald\u012bbas z\u012bm\u0113m. T\u0101tad m\u016bsdienu D\u017eibutijas karogs izskat\u0101s: D\u017eibutijas&#8230;<\/p>\n","protected":false},"author":1,"featured_media":5816,"comment_status":"open","ping_status":"open","sticky":false,"template":"","format":"standard","meta":{"footnotes":""},"categories":[5],"tags":[],"class_list":["post-1541","post","type-post","status-publish","format-standard","has-post-thumbnail","","category-frikas-valstu-karogi"],"aioseo_notices":[],"_links":{"self":[{"href":"https:\/\/flags-world.com\/lv\/wp-json\/wp\/v2\/posts\/1541","targetHints":{"allow":["GET"]}}],"collection":[{"href":"https:\/\/flags-world.com\/lv\/wp-json\/wp\/v2\/posts"}],"about":[{"href":"https:\/\/flags-world.com\/lv\/wp-json\/wp\/v2\/types\/post"}],"author":[{"embeddable":true,"href":"https:\/\/flags-world.com\/lv\/wp-json\/wp\/v2\/users\/1"}],"replies":[{"embeddable":true,"href":"https:\/\/flags-world.com\/lv\/wp-json\/wp\/v2\/comments?post=1541"}],"version-history":[{"count":0,"href":"https:\/\/flags-world.com\/lv\/wp-json\/wp\/v2\/posts\/1541\/revisions"}],"wp:featuredmedia":[{"embeddable":true,"href":"https:\/\/flags-world.com\/lv\/wp-json\/wp\/v2\/media\/5816"}],"wp:attachment":[{"href":"https:\/\/flags-world.com\/lv\/wp-json\/wp\/v2\/media?parent=1541"}],"wp:term":[{"taxonomy":"category","embeddable":true,"href":"https:\/\/flags-world.com\/lv\/wp-json\/wp\/v2\/categories?post=1541"},{"taxonomy":"post_tag","embeddable":true,"href":"https:\/\/flags-world.com\/lv\/wp-json\/wp\/v2\/tags?post=1541"}],"curies":[{"name":"wp","href":"https:\/\/api.w.org\/{rel}","templated":true}]}}