{"id":1539,"date":"2021-01-04T17:18:11","date_gmt":"2021-01-04T14:18:11","guid":{"rendered":"https:\/\/flags-world.com\/lv\/2021\/01\/04\/dominiknas-republikas-karogs-nozme-un-krsas\/"},"modified":"2021-01-04T17:18:11","modified_gmt":"2021-01-04T14:18:11","slug":"dominiknas-republikas-karogs-nozme-un-krsas","status":"publish","type":"post","link":"https:\/\/flags-world.com\/lv\/dominiknas-republikas-karogs-nozme-un-krsas\/","title":{"rendered":"Dominik\u0101nas Republikas karogs: noz\u012bme un kr\u0101sas"},"content":{"rendered":"<p style=\"text-align: justify\">Dominik\u0101nas Republikas karogs ir valsts z\u012bme un atspogu\u013co pag\u0101tnes v\u0113sturiskos aktus, run\u0101 par valsts izvietojumu vai ekonomikas st\u0101vokli. Pa\u0161vald\u012bbas simbolika ir kr\u0101sota kr\u0101s\u0101s un papildin\u0101ta ar att\u0113liem, kas saist\u012bti ar viet\u0113jo iedz\u012bvot\u0101ju sesiju dzimtu, vi\u0146u reli\u0123iju un kult\u016bru.<\/p>\n<p style=\"text-align: justify\">T\u0101tad m\u016bsdienu Dominik\u0101nas Republikas karogs izskat\u0101s \u0161\u0101di: foto<\/p>\n<p style=\"text-align: justify\"><span itemprop=\"image\" itemscope itemtype=\"https:\/\/schema.org\/ImageObject\"><img itemprop=\"url image\" loading=\"lazy\" decoding=\"async\" class=\"alignnone wp-image-3273\" src=\"\/wp-content\/uploads\/2021\/01\/flag-of-the-dominican-republic_1.png\" width=\"500\" height=\"333\" alt=\"Dominik\u0101nas Republikas karogs-1\" \/><meta itemprop=\"width\" content=\"500\"><meta itemprop=\"height\" content=\"333\"><\/span><\/p>\n<h2 style=\"text-align: justify\">Dominik\u0101nas Republikas v\u0113stures karogs<\/h2>\n<p style=\"text-align: justify\">300 gadu laik\u0101 Dominik\u0101nas Republikas teritorija pieder\u0113ja Sp\u0101nijai un bija vi\u0146as kolonija. Bet XIX gadsimta 20. gadu pirmaj\u0101 pus\u0113 dominik\u0101\u0146i organiz\u0113ja sacel\u0161anos pret vald\u012bbas pret\u0113jo vald\u012bbu. Sacel\u0161an\u0101s beidz\u0101s ar Santodomingo Br\u012bv\u0101s Republikas izveido\u0161anos. \u0160ogad partiz\u0101ni pac\u0113la person\u012bgo karogu, kur\u0101 bija tr\u012bs kr\u0101sas: balta, sarkana un dzeltena.<\/p>\n<p style=\"text-align: justify\">Jauna valsts past\u0101v\u0113ja gadu p\u0113c tam, kad tika sag\u016bst\u012bts un pievienots teritorij\u0101m Haiti Republika\u00a020.\u00a0gadsimta pirmaj\u0101 pus\u0113 un g. Haiti z\u012bme k\u013cuva par zili sarkanu audeklu ar \u0123erboni centr\u0101. Dominik\u0101\u0146u patrioti XIX gadsimta 30. gadu otraj\u0101 pus\u0113 izveidoja uz\u0146\u0113mumu ar nosaukumu &quot;Trinitaria&quot;. Organizatoru darbs bija v\u0113rsts uz atbr\u012bvo\u0161anos no Haiti kundz\u012bbas.<\/p>\n<blockquote class=\"quote\"><p>Papildus tam uz divu kr\u0101su karoga par\u0101d\u012bj\u0101s Baltais krusts k\u0101 revolucion\u0101ru krist\u012bg\u0101s tic\u012bbas z\u012bme.<\/p><\/blockquote>\n<p style=\"text-align: justify\">Devi\u0146padsmit\u0101 gadsimta 40. gadu pirmaj\u0101 pus\u0113 dominik\u0101\u0146i izrais\u012bja sacel\u0161anos un uzvar\u0113ja, ieg\u016bstot Dominik\u0101nas Republikas neatkar\u012bbu. Taj\u0101 pa\u0161\u0101 gad\u0101 zili sarkanais karogs ar baltu krustu tika apstiprin\u0101ts jaun\u0101k\u0101s valsts konstit\u016bcij\u0101 un pie\u0146emts k\u0101 valsts z\u012bme.<\/p>\n<p style=\"text-align: justify\"><span itemprop=\"image\" itemscope itemtype=\"https:\/\/schema.org\/ImageObject\"><img itemprop=\"url image\" loading=\"lazy\" decoding=\"async\" class=\"alignnone wp-image-3274\" src=\"\/wp-content\/uploads\/2021\/01\/flag-of-the-dominican-republic_2.png\" width=\"500\" height=\"333\" alt=\"Dominik\u0101nas Republikas karogs-2\" \/><meta itemprop=\"width\" content=\"500\"><meta itemprop=\"height\" content=\"333\"><\/span><\/p>\n<p style=\"text-align: justify\">Tikai devi\u0146padsmit\u0101 gadsimta 40. gadu otraj\u0101 pus\u0113 karogs ieguva personisku modernu izskatu, un krusta centr\u0101 par\u0101d\u012bj\u0101s \u0123erbonis.<\/p>\n<p style=\"text-align: justify\">Par Krusta centr\u0101 ievietot\u0101 att\u0113la veidot\u0101ju k\u013cuva politi\u0137is-topo\u0161ais prezidents un Dominik\u0101nas Republikas liber\u0101lis &#8211; Huans Pablo Duarte. Piln\u012bgs z\u012bmes izskats veidoj\u0101s devi\u0146padsmit\u0101 gadsimta 60. gadu pirmaj\u0101 pus\u0113. 1913. gad\u0101 karogs ar \u0123erbo\u0146a att\u0113lu ieguva ofici\u0101lu pa\u0161vald\u012bbas statusu.<\/p>\n<h2 style=\"text-align: justify\">Dominik\u0101nas Republikas karoga apraksts<\/h2>\n<p style=\"text-align: justify\">Karogam ir laba taisnst\u016bra forma ar malu attiec\u012bbu 5:8. Krusts centr\u0101 sadala audumu \u010detr\u0101s da\u013c\u0101s: kreis\u0101 apak\u0161\u0113j\u0101 un lab\u0101 aug\u0161da\u013ca nokr\u0101sota sarkan\u0101 kr\u0101s\u0101, bet p\u0101r\u0113j\u0101s divas ir zil\u0101 kr\u0101s\u0101. Pla\u0161a krustojuma centr\u0101 Dominik\u0101nas Republikas \u0123erbonis.<\/p>\n<p style=\"text-align: justify\">Dominik\u0101nas Republikas embl\u0113ma ir vairogs, kas kr\u0101sots nacion\u0101laj\u0101s kr\u0101s\u0101s. Un tur ir zelta krusta att\u0113ls, zem kura ir novilkta B\u012bbele un 6 bulti\u0146as. Zem vairoga pl\u012bvo sarkana lente ar republikas titulu. K\u0101 ier\u0101m\u0113jums kreisaj\u0101 pus\u0113 ir ol\u012bvu zars, bet labaj\u0101 &#8211; palma. Vairoga aug\u0161pus\u0113 ir zila lente, uz kuras rakst\u012bts Dominik\u0101nas Republikas dev\u012bze &quot;Dios, Patria, Libertad (Dievs, T\u0113vzeme, Br\u012bv\u012bba)&quot;.<\/p>\n<h2 style=\"text-align: justify\">Dominik\u0101nas Republikas kr\u0101su karogs<\/h2>\n<p style=\"text-align: justify\">Pane\u013ca galvenais fons kr\u0101sots sarkan\u0101, zil\u0101 un balt\u0101 kr\u0101s\u0101. \u0122erbo\u0146a att\u0113l\u0101, neskaitot to, var redz\u0113t nacion\u0101l\u0101s kr\u0101sas, un zelta un za\u013ca.<\/p>\n<h2 style=\"text-align: justify\">Noz\u012bm\u0113 Dominik\u0101nas Republikas karoga kr\u0101sas<\/h2>\n<p style=\"text-align: justify\">Sarkan\u0101 un zil\u0101 kr\u0101sa uz karoga tika \u0146emta no Haiti valsts karoga Republikas un at\u0161\u0137aid\u012bta ar baltu krustu. Dominikas iedz\u012bvot\u0101jiem:<\/p>\n<ol>\n<li style=\"text-align: justify\">Zil\u0101 kr\u0101sa ir saist\u012bta ar valsts br\u012bv\u012bbu un gai\u0161\u0101m debes\u012bm. Saska\u0146ojot ar citu interpret\u0101ciju, kr\u0101sa tika saist\u012bta ar c\u012b\u0146u par civiliz\u0101cijas atbr\u012bvo\u0161anu.<\/li>\n<li style=\"text-align: justify\">Sarkan\u0101 kr\u0101sa par\u0101da asinis, kas izlietas par civiliz\u0101cijas sai\u0161u sasniegumiem, un tautas c\u012b\u0146as par br\u012bv\u012bbu liesmu. Baltais krusts par\u0101d\u0101s k\u0101 kristie\u0161u upura z\u012bme un Dieva aizbildn\u012bbas simbols.<\/li>\n<li style=\"text-align: justify\">Balt\u0101 kr\u0101sa par\u0101da iedz\u012bvot\u0101ju gatav\u012bbu pa\u0161aizliedz\u012bbai, pau\u017e vi\u0146u reli\u0123isko sp\u0113ku un pasaules v\u0113lmi past\u0101v\u0113t bez kara.<\/li>\n<\/ol>\n<p style=\"text-align: justify\">B\u012bbele un krusta att\u0113ls uz \u0123erbo\u0146a simboliz\u0113 kristiet\u012bbu un pol\u0101ro br\u012bv\u012bbu. Ol\u012bvkoka zars un palmas ir mier\u012bga likte\u0146a un veiksmes atrib\u016bti. Uz lentes vairoga aug\u0161pus\u0113 dominik\u0101\u0146u dev\u012bze un neatkar\u012bbas c\u012bn\u012bt\u0101ju parole: &quot;DIOS. Patria. Libertad &quot;, kas tiek tulkots k\u0101 &quot;Dievs, t\u0113vzeme, br\u012bv\u012bba&quot;. Uz Sarkan\u0101s lentes tika atz\u012bm\u0113ts nosaukums &quot;Republica Dominicana&quot;.<\/p>\n<blockquote class=\"quote\"><p>Karogs bez z\u012bmoga z\u012bm\u0113juma ir pieejams Dominik\u0101nas Republikas flotes z\u012bm\u0113.<\/p><\/blockquote>\n<p style=\"text-align: justify\">Valsts svin\u012bgo dienu laik\u0101 Dominik\u0101nas Republikas karogs par\u0101d\u0101s uz vis\u0101m pils\u0113tu \u0113k\u0101m un valsts iest\u0101d\u0113m. Bet, nepiev\u0113r\u0161ot uzman\u012bbu ofici\u0101l\u0101 statusa ieg\u016b\u0161anai un simbolu pie\u0146em\u0161anai, valsts iedz\u012bvot\u0101ji dr\u012bkst izmantot audeklu bez att\u0113la uz krusta.<\/p>\n<h2 style=\"text-align: justify\">Nespecializ\u0113ta inform\u0101cija par Dominik\u0101nas Republiku<\/h2>\n<table>\n<tbody>\n<tr>\n<td>Ofici\u0101l\u0101 valoda<\/td>\n<td>sp\u0101\u0146u valoda<\/td>\n<\/tr>\n<tr>\n<td>Kapit\u0101ls<\/td>\n<td>Santodomingo<\/td>\n<\/tr>\n<tr>\n<td>Popul\u0101cija<\/td>\n<td>48 670 km2<\/td>\n<\/tr>\n<tr>\n<td>Teritorija<\/td>\n<td>10 499 707 cilv\u0113ki<\/td>\n<\/tr>\n<tr>\n<td>Val\u016bta<\/td>\n<td>Dominik\u0101nas peso<\/td>\n<\/tr>\n<tr>\n<td>Telefona kods<\/td>\n<td>+1-809, + 1-829, + 1-849<\/td>\n<\/tr>\n<\/tbody>\n<\/table>\n","protected":false},"excerpt":{"rendered":"<p>Dominik\u0101nas Republikas karogs ir valsts z\u012bme un atspogu\u013co pag\u0101tnes v\u0113sturiskos aktus, run\u0101 par valsts izvietojumu vai ekonomikas st\u0101vokli. Pa\u0161vald\u012bbas simbolika ir kr\u0101sota kr\u0101s\u0101s un papildin\u0101ta ar att\u0113liem, kas&#8230;<\/p>\n","protected":false},"author":1,"featured_media":5813,"comment_status":"open","ping_status":"open","sticky":false,"template":"","format":"standard","meta":{"footnotes":""},"categories":[6],"tags":[],"class_list":["post-1539","post","type-post","status-publish","format-standard","has-post-thumbnail","","category-ziemeamerikas-karogi"],"aioseo_notices":[],"_links":{"self":[{"href":"https:\/\/flags-world.com\/lv\/wp-json\/wp\/v2\/posts\/1539","targetHints":{"allow":["GET"]}}],"collection":[{"href":"https:\/\/flags-world.com\/lv\/wp-json\/wp\/v2\/posts"}],"about":[{"href":"https:\/\/flags-world.com\/lv\/wp-json\/wp\/v2\/types\/post"}],"author":[{"embeddable":true,"href":"https:\/\/flags-world.com\/lv\/wp-json\/wp\/v2\/users\/1"}],"replies":[{"embeddable":true,"href":"https:\/\/flags-world.com\/lv\/wp-json\/wp\/v2\/comments?post=1539"}],"version-history":[{"count":0,"href":"https:\/\/flags-world.com\/lv\/wp-json\/wp\/v2\/posts\/1539\/revisions"}],"wp:featuredmedia":[{"embeddable":true,"href":"https:\/\/flags-world.com\/lv\/wp-json\/wp\/v2\/media\/5813"}],"wp:attachment":[{"href":"https:\/\/flags-world.com\/lv\/wp-json\/wp\/v2\/media?parent=1539"}],"wp:term":[{"taxonomy":"category","embeddable":true,"href":"https:\/\/flags-world.com\/lv\/wp-json\/wp\/v2\/categories?post=1539"},{"taxonomy":"post_tag","embeddable":true,"href":"https:\/\/flags-world.com\/lv\/wp-json\/wp\/v2\/tags?post=1539"}],"curies":[{"name":"wp","href":"https:\/\/api.w.org\/{rel}","templated":true}]}}