{"id":1538,"date":"2021-01-04T17:18:11","date_gmt":"2021-01-04T14:18:11","guid":{"rendered":"https:\/\/flags-world.com\/lv\/2021\/01\/04\/dnijas-karogs-foto-vsture-un-nozme\/"},"modified":"2021-01-04T17:18:11","modified_gmt":"2021-01-04T14:18:11","slug":"dnijas-karogs-foto-vsture-un-nozme","status":"publish","type":"post","link":"https:\/\/flags-world.com\/lv\/dnijas-karogs-foto-vsture-un-nozme\/","title":{"rendered":"D\u0101nijas karogs: foto, v\u0113sture un noz\u012bme"},"content":{"rendered":"<p style=\"text-align: justify\">D\u0101nijas karogs ir valsts z\u012bme un satur noteiktus v\u0113sturiskus apliecin\u0101jumus par pag\u0101tnes notikumiem. Simboli, kas gandr\u012bz vienm\u0113r ir kr\u0101soti da\u017e\u0101d\u0101s kr\u0101s\u0101s un satur noteiktus att\u0113lus, ir atbild\u012bgie datumi valsts iedz\u012bvot\u0101jiem un par\u0101da vi\u0146u kult\u016bras, reli\u0123isko vai politisko mantojumu.<\/p>\n<p style=\"text-align: justify\">T\u0101tad m\u016bsdienu D\u0101nijas karogs izskat\u0101s \u0161\u0101di: foto<\/p>\n<p style=\"text-align: justify\"><span itemprop=\"image\" itemscope itemtype=\"https:\/\/schema.org\/ImageObject\"><img itemprop=\"url image\" loading=\"lazy\" decoding=\"async\" class=\"alignnone wp-image-4365\" src=\"\/wp-content\/uploads\/2021\/01\/flag-of-denmark_1.png\" alt=\"D\u0101nijas karogs\" width=\"438\" height=\"331\" \/><meta itemprop=\"width\" content=\"438\"><meta itemprop=\"height\" content=\"331\"><\/span><\/p>\n<h2 style=\"text-align: justify\">D\u0101nijas v\u0113stures karogs<\/h2>\n<p style=\"text-align: justify\">D\u0101nijas karogs tiek uzskat\u012bts par vienu no sen\u0101kaj\u0101m valsts z\u012bm\u0113m pasaul\u0113. Ir le\u0123enda, kas v\u0113sta par D\u0101nijas kara\u013cvalsts karoga izcelsmi, kas dat\u0113ta ar XIII gadsimta s\u0101kumu. 1219. gad\u0101 D\u0101nijas kara\u013ca Valdem\u0101ra II armija atrad\u0101s net\u0101lu no sag\u016bst\u012bt\u0101s apmetnes pie Kolivani ubaga.<\/p>\n<p style=\"text-align: justify\">P\u0113c br\u012b\u017ea 1219. gada 15. j\u016bnij\u0101 viduslaiku Igaunijas iedz\u012bvot\u0101ju rot\u0101m uzbruka d\u0101\u0146u armija &#8211; Esta. Da\u017e\u0101m d\u0101\u0146u vien\u012bbu da\u013c\u0101m uzbrukums bija \u013coti negaid\u012bts, t\u0101p\u0113c vi\u0146iem vajadz\u0113ja att\u0101lin\u0101ties. B\u012bskapi, mekl\u0113jot aizsardz\u012bbu no Augst\u0101k\u0101, uzk\u0101pa Budgorm\u0101 un s\u0101ka l\u016bgt pal\u012bdz\u012bbu sav\u0101s l\u016bg\u0161an\u0101s.<\/p>\n<p style=\"text-align: justify\">P\u0113k\u0161\u0146i, it k\u0101 ma\u0123ija b\u016btu nokritusi no debes\u012bm ar sarkanu dr\u0101nu ar baltu krustu. D\u0101\u0146i to uztv\u0113ra k\u0101 Dieva pal\u012bdz\u012bbu un piem\u0113rotas z\u012bmes. Tas pal\u012bdz\u0113ja c\u012bn\u012bt\u0101jiem uz\u0146emt sp\u0113kus un sakaut pag\u0101nus. Kop\u0161 t\u0101 laika Uzvaras dienas p\u0101r elas Kolivanas kauj\u0101 tiek uzskat\u012btas par valsts karoga dzim\u0161anas dienu.<\/p>\n<p style=\"text-align: justify\">Ne velti ticot Dieva valsts simbolam, d\u0101\u0146i vi\u0146u nod\u0113v\u0113ja par DanNobrogu, un reizi gad\u0101 15. j\u016bnij\u0101 pils\u0113tu iel\u0101s var redz\u0113t karogus. Vasar\u0101 D\u0101nijas kara\u013ca d\u0101rz\u0101, kas atrodas Tallin\u0101, uzst\u0101diet sv\u0113tku priek\u0161nesumu par godu Dannebrogam. Saska\u0146ojot ar le\u0123endu, d\u0101rz\u0101 st\u0101vo\u0161s dzelzs bru\u0146inieks nor\u0101da vietu, kur audekls non\u0101ca no debes\u012bm.<\/p>\n<blockquote class=\"quote\"><p>Saska\u0146ojot ar juridisko proced\u016bru, D\u0101nijas karogs tika apstiprin\u0101ts ar likumu 1893. gada 1. maij\u0101.<\/p><\/blockquote>\n<p style=\"text-align: justify\">D\u0101nijas Karalistes karogs tikai vienu reizi ir nosl\u0113ptas konfigur\u0101cijas. XIV\u00a0gadsimta 90.\u00a0gadu otraj\u0101 pus\u0113 D\u0101nijas karaliene M\u0101rgareta I izdeva dekr\u0113tu par Zviedrijas, Norv\u0113\u0123ijas un D\u0101nijas apvieno\u0161anu kalm\u0101ru u\u013cj\u0101. Tad uz karoga kreisaj\u0101 st\u016br\u012b par\u0101d\u012bj\u0101s 3. kronis. Se\u0161padsmit\u0101 gadsimta 20. gadu pirmaj\u0101 pus\u0113 Zviedrija atdal\u012bj\u0101s no D\u0101nijas, un t\u0101s beig\u0101s Norv\u0113\u0123ija atvienoj\u0101s 1814. Karogs zaud\u0113ja vainagu un pie\u0146\u0113ma person\u012bgo m\u016bsdienu skat\u012bjumu, kas n\u0101ca l\u012bdz m\u016bsdien\u0101m.<\/p>\n<p style=\"text-align: justify\">D\u0101nijas flotes karogs:<\/p>\n<p style=\"text-align: justify\"><span itemprop=\"image\" itemscope itemtype=\"https:\/\/schema.org\/ImageObject\"><img itemprop=\"url image\" loading=\"lazy\" decoding=\"async\" class=\"alignnone size-full wp-image-3278\" src=\"\/wp-content\/uploads\/2021\/01\/flag-of-denmark_2.png\" width=\"500\" height=\"262\" alt=\"D\u0101nijas karogs-2\" \/><meta itemprop=\"width\" content=\"500\"><meta itemprop=\"height\" content=\"262\"><\/span><\/p>\n<h2 style=\"text-align: justify\">Apraksts<\/h2>\n<p style=\"text-align: justify\">D\u0101nijas Karalistes karogam ir pane\u013ca sarkana kr\u0101sa ar Balt\u0101 Skandin\u0101vijas krusta att\u0113lu. Taisnst\u016bra audekla pu\u0161u attiec\u012bba ir 28:37. Krusta vertik\u0101l\u0101 l\u012bnija ir nob\u012bd\u012bta uz karoga kreiso pusi, bet horizont\u0101l\u0101 atrodas centr\u0101.<\/p>\n<blockquote class=\"quote\"><p>D\u0101nijas Dannobrogs k\u013cuva par pirmo z\u012bmi, uz kuras par\u0101d\u012bj\u0101s Skandin\u0101vijas krusta att\u0113ls.<\/p><\/blockquote>\n<p style=\"text-align: justify\">Zin\u0101tnieki ir p\u0101rliecin\u0101ti, ka krusta forma, kas simboliz\u0113 kristiet\u012bbu, ir saist\u012bta ar karoga vertik\u0101lo novietojumu. S\u0101kum\u0101 vi\u0146\u0161 tika piestiprin\u0101ts pie horizont\u0101l\u0101 kr\u0101juma l\u012bdzek\u013ciem nelielai pusei. Ieg\u0101d\u0101joties modernu izskatu, valsts simbols tika apgriezts par 90 gr\u0101diem.<\/p>\n<h2 style=\"text-align: justify\">D\u0101nijas kr\u0101su karogs<\/h2>\n<p style=\"text-align: justify\">D\u0101nijas valsts karogam ir divas kr\u0101sas:<\/p>\n<ol>\n<li style=\"text-align: justify\">Sarkani kr\u0101sots valsts karoga fons<\/li>\n<li style=\"text-align: justify\">Balta &#8211; Skandin\u0101vijas krusta vertik\u0101la un horizont\u0101la josla.<\/li>\n<\/ol>\n<h2 style=\"text-align: justify\">D\u0101nijas karoga kr\u0101sas v\u0113rt\u012bba<\/h2>\n<p style=\"text-align: justify\">Balta krusta att\u0113ls uz D\u0101nijas karoga simboliz\u0113 valsts reli\u0123iju \u2013 kristiet\u012bbu. L\u012bdz\u012bgu simbolu var atrast ar\u012b uz citu valstu, piem\u0113ram, Norv\u0113\u0123ijas, Islandes, Somijas, Zviedrijas un F\u0113ru salu karogiem.<\/p>\n<p style=\"text-align: justify\">Sarkan\u0101 kr\u0101sa uz D\u0101nijas karoga fona liecina:<\/p>\n<ul>\n<li style=\"text-align: justify\">Valor;<\/li>\n<li style=\"text-align: justify\">Drosme;<\/li>\n<li style=\"text-align: justify\">Sp\u0113ks &#8211; kas savlaic\u012bgi ir par\u0101d\u012bjis valsts iedz\u012bvot\u0101jiem, ka vi\u0146i aizsarg\u0101 savu karalisti no Zabigornijas iebruc\u0113ju iebrukuma.<\/li>\n<\/ul>\n<p style=\"text-align: justify\">Da\u017ei to pa\u0161u ideju p\u0113tnieki pieturas pie pie\u0146\u0113muma, ka D\u0101nijas valsts karogs tika r\u0113\u0137in\u0101ts ar V\u0101ciju, kur jaunais laiks bija milit\u0101rs karogs.<\/p>\n<p style=\"text-align: justify\">V\u0113sturnieku vid\u016b ir 2. versija par D\u0101nijas karoga izcelsmi. Vi\u0146i liek dom\u0101t, ka valsts simbols tika \u012br\u0113ts no J\u0101\u0146a orde\u0146a. Audekla kompoz\u012bcijas veido\u0161an\u0101s zin\u0101m\u0101 m\u0113r\u0101 ietekm\u0113ja Romas kara\u013cu karogu. Ta\u010du kara\u013cvalsts iedz\u012bvot\u0101ji tic izplat\u012btai le\u0123endai par D\u0101nijas karoga izcelsmi.<\/p>\n<h2>Karaliskais stends Danijs<\/h2>\n<p>L\u012bdz \u0161im D\u0101nijas karalisk\u0101 standarta versija tika prezent\u0113ta 1972. gada 16. decembr\u012b, kad Margr\u0113tas II karaliene pie\u0146\u0113ma jaunu vi\u0146a person\u012bg\u0101 \u0123erbo\u0146a izskatu.<\/p>\n<p><span itemprop=\"image\" itemscope itemtype=\"https:\/\/schema.org\/ImageObject\"><img itemprop=\"url image\" loading=\"lazy\" decoding=\"async\" class=\"alignnone wp-image-4975\" src=\"\/wp-content\/uploads\/2021\/01\/flag-of-denmark_3.png\" alt=\"Karaliskais stends Danijs\" width=\"400\" height=\"209\" \/><meta itemprop=\"width\" content=\"400\"><meta itemprop=\"height\" content=\"209\"><\/span><\/p>\n<p>Karaliskais stends &#8211; D\u0101nijas karogs ar bezdel\u012bgas asti, kur\u0101 balt\u0101 kvadr\u0101t\u0101 redzams monarha \u0123erbonis. Centr\u0101lais laukums ir 32 karoga da\u013cas ar malu attiec\u012bbu 56:107.<\/p>\n<h2 style=\"text-align: justify\">Nespecializ\u0113ta inform\u0101cija par D\u0101niju<\/h2>\n<table>\n<tbody>\n<tr>\n<td>Ofici\u0101l\u0101 valoda<\/td>\n<td>d\u0101\u0146u<\/td>\n<\/tr>\n<tr>\n<td>Kapit\u0101ls<\/td>\n<td>Kopenh\u0101gena<\/td>\n<\/tr>\n<tr>\n<td>Teritorija<\/td>\n<td>43 094 km2<\/td>\n<\/tr>\n<tr>\n<td>Popul\u0101cija<\/td>\n<td>5 822 763 cilv\u0113ki<\/td>\n<\/tr>\n<tr>\n<td>Val\u016bta<\/td>\n<td>D\u0101nijas krona (DKK, kods 208)<\/td>\n<\/tr>\n<tr>\n<td>Telefona kods<\/td>\n<td>+45 (D\u0101nija), + 298 (F\u0113ru salas), + 299 (Grenlande)<\/td>\n<\/tr>\n<\/tbody>\n<\/table>\n","protected":false},"excerpt":{"rendered":"<p>D\u0101nijas karogs ir valsts z\u012bme un satur noteiktus v\u0113sturiskus apliecin\u0101jumus par pag\u0101tnes notikumiem. Simboli, kas gandr\u012bz vienm\u0113r ir kr\u0101soti da\u017e\u0101d\u0101s kr\u0101s\u0101s un satur noteiktus att\u0113lus, ir atbild\u012bgie datumi&#8230;<\/p>\n","protected":false},"author":1,"featured_media":5811,"comment_status":"open","ping_status":"open","sticky":false,"template":"","format":"standard","meta":{"footnotes":""},"categories":[3],"tags":[],"class_list":["post-1538","post","type-post","status-publish","format-standard","has-post-thumbnail","","category-eiropas-karogi"],"aioseo_notices":[],"_links":{"self":[{"href":"https:\/\/flags-world.com\/lv\/wp-json\/wp\/v2\/posts\/1538","targetHints":{"allow":["GET"]}}],"collection":[{"href":"https:\/\/flags-world.com\/lv\/wp-json\/wp\/v2\/posts"}],"about":[{"href":"https:\/\/flags-world.com\/lv\/wp-json\/wp\/v2\/types\/post"}],"author":[{"embeddable":true,"href":"https:\/\/flags-world.com\/lv\/wp-json\/wp\/v2\/users\/1"}],"replies":[{"embeddable":true,"href":"https:\/\/flags-world.com\/lv\/wp-json\/wp\/v2\/comments?post=1538"}],"version-history":[{"count":0,"href":"https:\/\/flags-world.com\/lv\/wp-json\/wp\/v2\/posts\/1538\/revisions"}],"wp:featuredmedia":[{"embeddable":true,"href":"https:\/\/flags-world.com\/lv\/wp-json\/wp\/v2\/media\/5811"}],"wp:attachment":[{"href":"https:\/\/flags-world.com\/lv\/wp-json\/wp\/v2\/media?parent=1538"}],"wp:term":[{"taxonomy":"category","embeddable":true,"href":"https:\/\/flags-world.com\/lv\/wp-json\/wp\/v2\/categories?post=1538"},{"taxonomy":"post_tag","embeddable":true,"href":"https:\/\/flags-world.com\/lv\/wp-json\/wp\/v2\/tags?post=1538"}],"curies":[{"name":"wp","href":"https:\/\/api.w.org\/{rel}","templated":true}]}}