{"id":1536,"date":"2021-01-04T17:18:11","date_gmt":"2021-01-04T14:18:11","guid":{"rendered":"https:\/\/flags-world.com\/lv\/2021\/01\/04\/burundi-karogs-nozme-un-krsas\/"},"modified":"2021-01-04T17:18:11","modified_gmt":"2021-01-04T14:18:11","slug":"burundi-karogs-nozme-un-krsas","status":"publish","type":"post","link":"https:\/\/flags-world.com\/lv\/burundi-karogs-nozme-un-krsas\/","title":{"rendered":"Burundi karogs: noz\u012bme un kr\u0101sas"},"content":{"rendered":"<p style=\"text-align: justify\">Burundi Republika ir vald\u012bba, kas atrodas \u0100frikas austrumu da\u013c\u0101, kas robe\u017eojas ar Tanz\u0101niju, Kongo Demokr\u0101tisko Republiku un Ruandu. Teritorija 27.8 t\u016bksto\u0161i km2, ar 11 miljoniem iedz\u012bvot\u0101ju. cilv\u0113ks. T\u0101 tiek uzskat\u012bta par vienu no maz\u0101k att\u012bst\u012btaj\u0101m valst\u012bm pasaul\u0113.<\/p>\n<p style=\"text-align: justify\">T\u0101tad m\u016bsdienu Burundi karogs izskat\u0101s:<\/p>\n<p style=\"text-align: justify\"><span itemprop=\"image\" itemscope itemtype=\"https:\/\/schema.org\/ImageObject\"><img itemprop=\"url image\" loading=\"lazy\" decoding=\"async\" class=\"alignnone size-full wp-image-3286\" src=\"\/wp-content\/uploads\/2021\/01\/flag-of-burund_1.png\" width=\"500\" height=\"300\" alt=\"Burundi-1 karogs\" \/><meta itemprop=\"width\" content=\"500\"><meta itemprop=\"height\" content=\"300\"><\/span><\/p>\n<h2 style=\"text-align: justify\">Karoga v\u0113sture<\/h2>\n<p style=\"text-align: justify\">Par v\u0113ju un Burundi viduslaiku v\u0113sturi ac\u012bmredzami nav daudz. 1. Nacion\u0101l\u0101 izgl\u012bt\u012bba valst\u012bbas veid\u0101 att\u012bst\u012bj\u0101s XVII gadsimt\u0101. 19. gadsimta 80. gados, tolaik \u0100frikas posms starp Eiropas valst\u012bm staig\u0101ja, Burundi k\u013cuva par V\u0101cijas koloniju. Toreiz vi\u0146ai tika izmantota V\u0101cijas z\u012bme. T\u0101d\u0101, k\u0101da vi\u0146a bija pirms Pirm\u0101 pasaules kara beig\u0101m.<\/p>\n<p style=\"text-align: justify\"><span itemprop=\"image\" itemscope itemtype=\"https:\/\/schema.org\/ImageObject\"><img itemprop=\"url image\" loading=\"lazy\" decoding=\"async\" class=\"alignnone size-full wp-image-3287\" src=\"\/wp-content\/uploads\/2021\/01\/flag-of-burund_2.png\" width=\"500\" height=\"300\" alt=\"Burundi-2 karogs\" \/><meta itemprop=\"width\" content=\"500\"><meta itemprop=\"height\" content=\"300\"><\/span><\/p>\n<p style=\"text-align: justify\">Beig\u0101s p\u0101rc\u0113l\u0101s uz Be\u013c\u0123iju, un piem\u0113rotais karogs bija Be\u013c\u0123ija.<\/p>\n<p style=\"text-align: justify\">20. gadsimta 60. gadu pirmaj\u0101 pus\u0113 partija, kas iebilda pret valsts koloni\u0101lo statusu un taj\u0101 pa\u0161\u0101 gad\u0101 tika pie\u0146emta ar Burundi ofici\u0101lo karogu pirmaj\u0101s v\u0113l\u0113\u0161an\u0101s.<\/p>\n<p style=\"text-align: justify\">20. gadsimta 60. gadu pirmaj\u0101 pus\u0113 tika pasludin\u0101ta neatkar\u012bba un apstiprin\u0101ts 1. pa\u0161vald\u012bbas karogs. P\u0101ris gadus ilg\u0101s starpetnisk\u0101s konfront\u0101cijas, apv\u0113rsumu un uzvar\u0113t\u0101ju g\u0101\u0161anas beig\u0101s, divdesmit\u0101 gadsimta 60. gadu otraj\u0101 pus\u0113, Burundi k\u013cuva par republiku, bet pulkve\u017eu armijas savienojums k\u013cuva par vi\u0146as pirmo prezidentu.<\/p>\n<p style=\"text-align: justify\">Laik\u0101 no 1966. l\u012bdz 1967. gadam Burundi tika main\u012bti tr\u012bs karoga varianti:<\/p>\n<ul>\n<li style=\"text-align: justify\">1. no tiem izskat\u012bj\u0101s p\u0113c sarkanza\u013cu lauku kombin\u0101cijas ar \u0161\u0137\u0113rsot\u0101m balt\u0101m sv\u012btr\u0101m ar apli pane\u013ca centr\u0101.<\/li>\n<\/ul>\n<ul>\n<li>Kuras beig\u0101s sekoja opcija ar t\u0101du pa\u0161u konfigur\u0101ciju, bet papildu elements zieda veid\u0101 ap\u013ca centr\u0101.<\/li>\n<\/ul>\n<ul>\n<li>Uz neatkar\u012bbas piekto gadadienu (1967.) Tika pie\u0146emta pa\u0161vald\u012bbas z\u012bmes gal\u012bg\u0101 redakcija.<\/li>\n<\/ul>\n<p>1982. gad\u0101. Karoga izm\u0113rs nav \u012bpa\u0161i piel\u0101gots, bet nespecializ\u0113tais att\u0113ls tiek saglab\u0101ts nemain\u012bg\u0101 form\u0101.<\/p>\n<h2>Apraksts<\/h2>\n<p>Republikas pa\u0161vald\u012bbas z\u012bmei ir taisnst\u016bra forma, kas saloc\u012bta no sarkanas, za\u013cas un baltas kr\u0101sas. Malu attiec\u012bbai ir proporcija &#8211; 3 pret 5. Audums diagon\u0101l\u0113s \u0161\u0137\u0113rso Balto krustu, centr\u0101 savienojoties ap\u013ca form\u0101, un kr\u0101sas un za\u013c\u0101 sarkan\u0101 kr\u0101sa sadal\u0101s \u010detr\u0101s da\u013c\u0101s &#8211; divas vismaz vienai kr\u0101sai: sarkan\u0101 aug\u0161\u0101 un apak\u0161\u0101, za\u013c\u0101 labaj\u0101 un kreisaj\u0101 pus\u0113. Karoga centr\u0101 vi\u0146a baltaj\u0101 apl\u012b ir att\u0113lotas tr\u012bs sarkanas se\u0161sk\u0101rienu zvaigznes ar za\u013cu kont\u016bru.<\/p>\n<h2>Kr\u0101su karogs Burundi<\/h2>\n<p>Burundi valsts z\u012bm\u0113 ir izmantotas tr\u012bs kr\u0101sas: sarkana, za\u013ca un balta.<\/p>\n<h2>Noz\u012bme kr\u0101so Burundi karogu<\/h2>\n<p>Karoga kr\u0101sas simboliz\u0113:<\/p>\n<ol>\n<li>Za\u013c\u0161 &#8211; cer\u012bba uz valsts labkl\u0101j\u012bbu;<\/li>\n<li>Sarkans &#8211; c\u012b\u0146a par neatkar\u012bbu un izlietas asinis;<\/li>\n<li>Balts &#8211; degsme pret pasauli.<\/li>\n<\/ol>\n<blockquote><p>Centr\u0101 att\u0113lot\u0101s zvaigznes personific\u0113 Burundi moto: &quot;Vienot\u012bba. Darbs. Progress&quot;. Periodiski tr\u012bs zvaigznes tiek dotas 2. skaidrojums &#8211; tr\u012bs galven\u0101s valsts etnisk\u0101s grupas: tutsi, hutu un TV.<\/p><\/blockquote>\n<h2>Nespecializ\u0113ta inform\u0101cija par Burundi<\/h2>\n<table>\n<tbody>\n<tr>\n<td>Ofici\u0101l\u0101 valoda<\/td>\n<td>Rundi, fran\u010du un ang\u013cu valod\u0101<\/td>\n<\/tr>\n<tr>\n<td>Kapit\u0101ls<\/td>\n<td>Gitega<\/td>\n<\/tr>\n<tr>\n<td>Teritorija<\/td>\n<td>27 830 km2<\/td>\n<\/tr>\n<tr>\n<td>Popul\u0101cija<\/td>\n<td>11 099 298 cilv\u0113ki<\/td>\n<\/tr>\n<tr>\n<td>Val\u016bta<\/td>\n<td>Burundi Franks (BIF, kods 108)<\/td>\n<\/tr>\n<tr>\n<td>Telefona kods<\/td>\n<td>+257<\/td>\n<\/tr>\n<\/tbody>\n<\/table>\n","protected":false},"excerpt":{"rendered":"<p>Burundi Republika ir vald\u012bba, kas atrodas \u0100frikas austrumu da\u013c\u0101, kas robe\u017eojas ar Tanz\u0101niju, Kongo Demokr\u0101tisko Republiku un Ruandu. Teritorija 27.8 t\u016bksto\u0161i km2, ar 11 miljoniem iedz\u012bvot\u0101ju. cilv\u0113ks. T\u0101&#8230;<\/p>\n","protected":false},"author":1,"featured_media":5803,"comment_status":"open","ping_status":"open","sticky":false,"template":"","format":"standard","meta":{"footnotes":""},"categories":[5],"tags":[],"class_list":["post-1536","post","type-post","status-publish","format-standard","has-post-thumbnail","","category-frikas-valstu-karogi"],"aioseo_notices":[],"_links":{"self":[{"href":"https:\/\/flags-world.com\/lv\/wp-json\/wp\/v2\/posts\/1536","targetHints":{"allow":["GET"]}}],"collection":[{"href":"https:\/\/flags-world.com\/lv\/wp-json\/wp\/v2\/posts"}],"about":[{"href":"https:\/\/flags-world.com\/lv\/wp-json\/wp\/v2\/types\/post"}],"author":[{"embeddable":true,"href":"https:\/\/flags-world.com\/lv\/wp-json\/wp\/v2\/users\/1"}],"replies":[{"embeddable":true,"href":"https:\/\/flags-world.com\/lv\/wp-json\/wp\/v2\/comments?post=1536"}],"version-history":[{"count":0,"href":"https:\/\/flags-world.com\/lv\/wp-json\/wp\/v2\/posts\/1536\/revisions"}],"wp:featuredmedia":[{"embeddable":true,"href":"https:\/\/flags-world.com\/lv\/wp-json\/wp\/v2\/media\/5803"}],"wp:attachment":[{"href":"https:\/\/flags-world.com\/lv\/wp-json\/wp\/v2\/media?parent=1536"}],"wp:term":[{"taxonomy":"category","embeddable":true,"href":"https:\/\/flags-world.com\/lv\/wp-json\/wp\/v2\/categories?post=1536"},{"taxonomy":"post_tag","embeddable":true,"href":"https:\/\/flags-world.com\/lv\/wp-json\/wp\/v2\/tags?post=1536"}],"curies":[{"name":"wp","href":"https:\/\/api.w.org\/{rel}","templated":true}]}}