{"id":1534,"date":"2021-01-04T17:18:11","date_gmt":"2021-01-04T14:18:11","guid":{"rendered":"https:\/\/flags-world.com\/lv\/2021\/01\/04\/brazlijas-karogs-nozme-un-krsas\/"},"modified":"2021-01-04T17:18:11","modified_gmt":"2021-01-04T14:18:11","slug":"brazlijas-karogs-nozme-un-krsas","status":"publish","type":"post","link":"https:\/\/flags-world.com\/lv\/brazlijas-karogs-nozme-un-krsas\/","title":{"rendered":"Braz\u012blijas karogs: noz\u012bme un kr\u0101sas"},"content":{"rendered":"<p style=\"text-align: justify\">Braz\u012blijas karogs Pateicoties neparastajam dizainam un kr\u0101su kombin\u0101cijai. Vi\u0146a izcelsme ir saist\u012bta ar nepiecie\u0161amajiem v\u0113stures notikumiem. Neatkar\u012bbas ieg\u016b\u0161anas un jaunu valstu rad\u012b\u0161anas beig\u0101s t\u012bmek\u013ca izskats ir main\u012bjies. Bet vi\u0146a elementi simboliz\u0113 nedal\u0101mu sazi\u0146u ar pag\u0101tni valst\u012bb\u0101.<\/p>\n<p style=\"text-align: justify\">T\u0101tad Braz\u012blijas karogs izskat\u0101s k\u0101 fotoatt\u0113ls<\/p>\n<p style=\"text-align: justify\"><span itemprop=\"image\" itemscope itemtype=\"https:\/\/schema.org\/ImageObject\"><img itemprop=\"url image\" loading=\"lazy\" decoding=\"async\" class=\"alignnone size-full wp-image-3296\" src=\"\/wp-content\/uploads\/2021\/01\/the-flag-of-brazil_1.png\" width=\"500\" height=\"350\" alt=\"Braz\u012blijas karogs-1\" \/><meta itemprop=\"width\" content=\"500\"><meta itemprop=\"height\" content=\"350\"><\/span><\/p>\n<h2 style=\"text-align: justify\">Karoga v\u0113sture<\/h2>\n<p style=\"text-align: justify\">Braz\u012blijas pirmais karogs \u0161\u0137ita XIX gadsimta 20. gadu pirmaj\u0101 pus\u0113. Fran\u010du gleznot\u0101js \u017dans Batists Debrs izgatavoja galveno za\u013co audumu ar dzeltenu rombu centr\u0101. Att\u0113l\u0101 tika mais\u012bts kafijas un tabakas zaru vainags, kas veidoja Kristus orde\u0146a att\u0113lu un pastiprin\u0101juma sf\u0113ru ar 19 zvaigzn\u0113m apl\u012b. Virs tiem tika uzz\u012bm\u0113ts monarha kronis ar dimantiem.<\/p>\n<p style=\"text-align: justify\"><span itemprop=\"image\" itemscope itemtype=\"https:\/\/schema.org\/ImageObject\"><img itemprop=\"url image\" loading=\"lazy\" decoding=\"async\" class=\"alignnone size-full wp-image-3297\" src=\"\/wp-content\/uploads\/2021\/01\/the-flag-of-brazil_2.png\" width=\"500\" height=\"320\" alt=\"Braz\u012blijas karogs-2\" \/><meta itemprop=\"width\" content=\"500\"><meta itemprop=\"height\" content=\"320\"><\/span><\/p>\n<p style=\"text-align: justify\">Atzari tika uzskait\u012bti p\u0113c valsts alt\u0101ra, sf\u0113ras, kas iemiesoja Braz\u012bliju valst\u012bb\u0101.<\/p>\n<p style=\"text-align: justify\">Kr\u0101su izv\u0113le ir saist\u012bta ar Pedro I. Saska\u0146\u0101 ar le\u0123endu vi\u0146\u0161 no galvas pa\u0146\u0113ma zili baltu miokardu (Portug\u0101les z\u012bme). Carevi\u010ds pazi\u0146oja, ka jaun\u0101s kr\u0101sas b\u016bs za\u013ca un dzeltena. Toreiz, taj\u0101 laik\u0101, kad Pedro iec\u0113la sevi par karali, karog\u0101 atrad\u0101s imperatora kronis.<\/p>\n<p style=\"text-align: justify\"><span itemprop=\"image\" itemscope itemtype=\"https:\/\/schema.org\/ImageObject\"><img itemprop=\"url image\" loading=\"lazy\" decoding=\"async\" class=\"alignnone size-full wp-image-3298\" src=\"\/wp-content\/uploads\/2021\/01\/the-flag-of-brazil_3.png\" width=\"500\" height=\"323\" alt=\"Braz\u012blijas-3 karogs\" \/><meta itemprop=\"width\" content=\"500\"><meta itemprop=\"height\" content=\"323\"><\/span><\/p>\n<p style=\"text-align: justify\">1889. gada 15. novembr\u012b Braz\u012blija ieguva neatkar\u012bbu. 4 dienas v\u0113l\u0101k aktu apstiprin\u0101ja karogs, kur\u0101 bija 7 za\u013cas un 6 dzeltenas sv\u012btras. Aug\u0161\u0113j\u0101 kreisaj\u0101 st\u016br\u012b uz tum\u0161i zila fona atrad\u0101s 21 zvaigznes balta zvaigzne.<\/p>\n<p style=\"text-align: justify\"><span itemprop=\"image\" itemscope itemtype=\"https:\/\/schema.org\/ImageObject\"><img itemprop=\"url image\" loading=\"lazy\" decoding=\"async\" class=\"alignnone size-full wp-image-3299\" src=\"\/wp-content\/uploads\/2021\/01\/the-flag-of-brazil_4.png\" width=\"500\" height=\"333\" alt=\"Braz\u012blijas-4 karogs\" \/><meta itemprop=\"width\" content=\"500\"><meta itemprop=\"height\" content=\"333\"><\/span><\/p>\n<p style=\"text-align: justify\">Tikai XX gadsimta 90. gadu pirmaj\u0101 pus\u0113 Braz\u012blijas varas iest\u0101des ofici\u0101li apstiprin\u0101ja karogu modern\u0101 form\u0101 ar 27 zvaigzn\u0113m.<\/p>\n<p style=\"text-align: justify\">1960. gad\u0101. 1968.\u00a0gad\u0101 tika pievienota jaun\u0101k\u0101 zvaigzne Guanabarai. Apr\u016bpes st\u0101vok\u013ca simbols. 1992. gada maij\u0101. Zvaig\u017e\u0146ot\u0101s debesis papildin\u0101ja v\u0113l 4 elementus.<\/p>\n<p><span itemprop=\"image\" itemscope itemtype=\"https:\/\/schema.org\/ImageObject\"><img itemprop=\"url image\" loading=\"lazy\" decoding=\"async\" class=\"alignnone size-full wp-image-3300\" src=\"\/wp-content\/uploads\/2021\/01\/the-flag-of-brazil_5.png\" width=\"500\" height=\"350\" alt=\"Braz\u012blijas-5 karogs\" \/><meta itemprop=\"width\" content=\"500\"><meta itemprop=\"height\" content=\"350\"><\/span><\/p>\n<ul>\n<li>Braz\u012blijas karogs no 1889. l\u012bdz 1960. gadam.<\/li>\n<\/ul>\n<p><span itemprop=\"image\" itemscope itemtype=\"https:\/\/schema.org\/ImageObject\"><img itemprop=\"url image\" loading=\"lazy\" decoding=\"async\" class=\"alignnone size-full wp-image-3301\" src=\"\/wp-content\/uploads\/2021\/01\/the-flag-of-brazil_6.png\" width=\"500\" height=\"350\" alt=\"Braz\u012blijas-6 karogs\" \/><meta itemprop=\"width\" content=\"500\"><meta itemprop=\"height\" content=\"350\"><\/span><\/p>\n<ul>\n<li>Braz\u012blijas karogs 1960-1968<\/li>\n<\/ul>\n<p><span itemprop=\"image\" itemscope itemtype=\"https:\/\/schema.org\/ImageObject\"><img itemprop=\"url image\" loading=\"lazy\" decoding=\"async\" class=\"alignnone size-full wp-image-3302\" src=\"\/wp-content\/uploads\/2021\/01\/the-flag-of-brazil_7.png\" width=\"500\" height=\"350\" alt=\"Braz\u012blija-7 karogs\" \/><meta itemprop=\"width\" content=\"500\"><meta itemprop=\"height\" content=\"350\"><\/span><\/p>\n<ul>\n<li>Braz\u012blijas karogs no 1968. l\u012bdz 1992. gadam<\/li>\n<\/ul>\n<p><span itemprop=\"image\" itemscope itemtype=\"https:\/\/schema.org\/ImageObject\"><img itemprop=\"url image\" loading=\"lazy\" decoding=\"async\" class=\"alignnone size-full wp-image-3303\" src=\"\/wp-content\/uploads\/2021\/01\/the-flag-of-brazil_8.png\" width=\"500\" height=\"350\" alt=\"Braz\u012blijas-8 karogs\" \/><meta itemprop=\"width\" content=\"500\"><meta itemprop=\"height\" content=\"350\"><\/span><\/p>\n<ul>\n<li>M\u016bsdienu Braz\u012blijas karogs<\/li>\n<\/ul>\n<h2 style=\"text-align: justify\">Apraksts<\/h2>\n<p style=\"text-align: justify\">Za\u013ca taisnst\u016bra vid\u016b ir att\u0113lots dzeltens rombs. \u0160\u012bs fig\u016bras centrs aiz\u0146em zilu bumbi\u0146u, kas rot\u0101 baltas piecstaru zvaigznes.<\/p>\n<p style=\"text-align: justify\">Tie veido 9 \u0161\u0101dus zvaigzn\u0101jus, un to apz\u012bm\u0113jums tiek interpret\u0113ts \u0161\u0101di:<\/p>\n<ol style=\"text-align: justify\">\n<li>Mazs suns;<\/li>\n<li>Liels suns;<\/li>\n<li>\u0136\u012blis;<\/li>\n<li>Jaunava;<\/li>\n<li>Hidra;<\/li>\n<li>Dienvidu krusts;<\/li>\n<li>Dienvidu tr\u012bsst\u016bris;<\/li>\n<li>Oktants;<\/li>\n<li>Skorpions.<\/li>\n<\/ol>\n<p style=\"text-align: justify\">\u0160\u0101ds zvaig\u017e\u0146u izvietojums ir redzams no Riode\u017eaneiro meridi\u0101na, ja tas b\u016btu paman\u0101ms \u0101rpus 8 debesu arkas.30 no r\u012bta neatkar\u012bbas proklam\u0113\u0161anas dien\u0101. Galu gal\u0101 redziet nere\u0101li, ja da\u017eos karoga zvaigzn\u0101jos izk\u0101rtojuma k\u0101rt\u012bba ir p\u0101rk\u0101pta.<\/p>\n<blockquote class=\"quote\"><p>Karogs ir sadal\u012bts 14 identisk\u0101s da\u013c\u0101s, kuras sauc par modu\u013ciem. Garum\u0101 tas veido 20 modu\u013cus.<\/p><\/blockquote>\n<p style=\"text-align: justify\">P\u0113d\u0113jais elements ir balta lente, kas \u0161\u0137\u0113rso bumbu. Uz vi\u0146as za\u013caj\u0101m z\u012bm\u0113m rakst\u012bts Braz\u012blijas \u0161tata dev\u012bze &#8211; &quot;K\u0101rt\u012bba un progress&quot; portug\u0101\u013cu valod\u0101. Tas \u0161\u0137ita no pozit\u012bvisma principa, formul\u0113ts ar argumentu. Virs joslas ir viens zvaigzn\u0101js &#8211; Jaunava, citi ir novietoti zem t\u0101s.<\/p>\n<h2>Kas rakst\u012bts uz Braz\u012blijas karoga?<\/h2>\n<p>Aplis ir \u0161\u0137\u0113rsots ar izliektu uz aug\u0161u baltas lentes arkas form\u0101 ar Braz\u012blijas nacion\u0101lo moto, kas rakst\u012bts ar za\u013ciem burtiem &#8211; &quot;Ordem E Progresso&quot; (kas tulkojum\u0101 no portug\u0101\u013cu valodas noz\u012bm\u0113 &#8211; &quot;k\u0101rt\u012bba un progress&quot;).<\/p>\n<h2 style=\"text-align: justify\">Braz\u012blijas kr\u0101su karogs<\/h2>\n<p style=\"text-align: justify\">Kompoz\u012bcija uz karoga satur 4 kr\u0101sas:<\/p>\n<ol>\n<li style=\"text-align: justify\">Za\u013c\u0161;<\/li>\n<li style=\"text-align: justify\">Dzeltens;<\/li>\n<li style=\"text-align: justify\">Zils;<\/li>\n<li style=\"text-align: justify\">Balts.<\/li>\n<\/ol>\n<p style=\"text-align: justify\">Za\u013cie kungi Braz\u012blijas valdniekam Pedro I piedero\u0161\u0101s BRANCA dzimtas dr\u0113b\u0113s. Dzelten\u0101 kr\u0101sa personific\u0113ja Habsburgu karalisko namu. Monarha sieva Marija (Dons Leopoldina) n\u0101ca no \u0161\u0101da veida. Tum\u0161i zil\u0101 kr\u0101sa, kas atrad\u0101s koloni\u0101laj\u0101 karog\u0101, par\u0101d\u012bja nedal\u0101mu v\u0113st\u012bjumu Braz\u012blijai ar pag\u0101tni.<\/p>\n<h2 style=\"text-align: justify\">Noz\u012bm\u0113 kr\u0101su Braz\u012blijas karogu<\/h2>\n<p style=\"text-align: justify\">Karogs kop\u0101 ar \u0123erboni un himnu ir k\u013cuvis par fundament\u0101lu valsts neatkar\u012bbas z\u012bmi. Kr\u0101su palete p\u0101rraida \u0161\u0101du v\u0113rt\u012bbu:<\/p>\n<ol style=\"text-align: justify\">\n<li>Za\u013c\u0161 \u2014 nor\u0101da Amazones me\u017eus;<\/li>\n<li>Dzeltens &#8211; simboliz\u0113 milz\u012bgas zelta atradnes;<\/li>\n<li>Zils &#8211; personific\u0113 valsts debesis un \u016bdens resursus;<\/li>\n<li>Balts &#8211; liecina par valsts dedz\u012bbu p\u0113c labkl\u0101j\u012bbas, atv\u0113rt\u012bbas un miera.<\/li>\n<\/ol>\n<p style=\"text-align: justify\">Zvaigznes att\u0113lo Braz\u012bliju. \u0160obr\u012bd ir 27 administrat\u012bv\u0101s un teritori\u0101l\u0101s vien\u012bbas. Virs baltas lentes ir zvaigzne, kas simboliz\u0113 p\u0101ri. Tas tiek uzskat\u012bts par liel\u0101ko uz ekvatori\u0101l\u0101s ass.<\/p>\n<blockquote>\n<p style=\"text-align: justify\">Ramunds Tei\u0161ers Mendess nomain\u012bja sf\u0113ru uz vec\u0101 zvaig\u017e\u0146oto debesu karoga virs Riode\u017eaneiro. T\u0101d\u0101 veid\u0101 vi\u0146\u0161 par\u0101d\u012bja, ka jaunais re\u017e\u012bms neliecina par plaisu ar jauno Braz\u012blijas v\u0113sturi.<\/p>\n<\/blockquote>\n<h2 style=\"text-align: justify\">Nespecializ\u0113ta inform\u0101cija par Braz\u012bliju<\/h2>\n<table style=\"width: 100%;height: 144px\">\n<tbody>\n<tr style=\"height: 24px;text-align: justify\">\n<td style=\"height: 24px\">Ofici\u0101l\u0101 valoda<\/td>\n<td style=\"height: 24px\">portug\u0101\u013cu<\/td>\n<\/tr>\n<tr style=\"height: 24px;text-align: justify\">\n<td style=\"height: 24px\">Kapit\u0101ls<\/td>\n<td style=\"height: 24px\">Braz\u012blija<\/td>\n<\/tr>\n<tr style=\"height: 24px;text-align: justify\">\n<td style=\"height: 24px\">Teritorija<\/td>\n<td style=\"height: 24px\">8 515 767 km2<\/td>\n<\/tr>\n<tr style=\"height: 24px;text-align: justify\">\n<td style=\"height: 24px\">Popul\u0101cija<\/td>\n<td style=\"height: 24px\">207 353 391 cilv\u0113ks<\/td>\n<\/tr>\n<tr style=\"height: 24px;text-align: justify\">\n<td style=\"height: 24px\">Val\u016bta<\/td>\n<td style=\"height: 24px\">Braz\u012blijas re\u0101ls (BRL kods, 986)<\/td>\n<\/tr>\n<tr style=\"height: 24px\">\n<td style=\"height: 24px;text-align: justify\">Telefona kods<\/td>\n<td style=\"height: 24px;text-align: justify\">+55<\/td>\n<\/tr>\n<\/tbody>\n<\/table>\n","protected":false},"excerpt":{"rendered":"<p>Braz\u012blijas karogs Pateicoties neparastajam dizainam un kr\u0101su kombin\u0101cijai. Vi\u0146a izcelsme ir saist\u012bta ar nepiecie\u0161amajiem v\u0113stures notikumiem. Neatkar\u012bbas ieg\u016b\u0161anas un jaunu valstu rad\u012b\u0161anas beig\u0101s t\u012bmek\u013ca izskats ir main\u012bjies. Bet&#8230;<\/p>\n","protected":false},"author":1,"featured_media":5800,"comment_status":"open","ping_status":"open","sticky":false,"template":"","format":"standard","meta":{"footnotes":""},"categories":[7],"tags":[],"class_list":["post-1534","post","type-post","status-publish","format-standard","has-post-thumbnail","","category-dienvidamerikas-karogi"],"aioseo_notices":[],"_links":{"self":[{"href":"https:\/\/flags-world.com\/lv\/wp-json\/wp\/v2\/posts\/1534","targetHints":{"allow":["GET"]}}],"collection":[{"href":"https:\/\/flags-world.com\/lv\/wp-json\/wp\/v2\/posts"}],"about":[{"href":"https:\/\/flags-world.com\/lv\/wp-json\/wp\/v2\/types\/post"}],"author":[{"embeddable":true,"href":"https:\/\/flags-world.com\/lv\/wp-json\/wp\/v2\/users\/1"}],"replies":[{"embeddable":true,"href":"https:\/\/flags-world.com\/lv\/wp-json\/wp\/v2\/comments?post=1534"}],"version-history":[{"count":0,"href":"https:\/\/flags-world.com\/lv\/wp-json\/wp\/v2\/posts\/1534\/revisions"}],"wp:featuredmedia":[{"embeddable":true,"href":"https:\/\/flags-world.com\/lv\/wp-json\/wp\/v2\/media\/5800"}],"wp:attachment":[{"href":"https:\/\/flags-world.com\/lv\/wp-json\/wp\/v2\/media?parent=1534"}],"wp:term":[{"taxonomy":"category","embeddable":true,"href":"https:\/\/flags-world.com\/lv\/wp-json\/wp\/v2\/categories?post=1534"},{"taxonomy":"post_tag","embeddable":true,"href":"https:\/\/flags-world.com\/lv\/wp-json\/wp\/v2\/tags?post=1534"}],"curies":[{"name":"wp","href":"https:\/\/api.w.org\/{rel}","templated":true}]}}