{"id":1532,"date":"2021-01-04T17:18:10","date_gmt":"2021-01-04T14:18:10","guid":{"rendered":"https:\/\/flags-world.com\/lv\/2021\/01\/04\/bosnijas-un-hercegovinas-karogs-krsa-un-nozme\/"},"modified":"2021-01-04T17:18:10","modified_gmt":"2021-01-04T14:18:10","slug":"bosnijas-un-hercegovinas-karogs-krsa-un-nozme","status":"publish","type":"post","link":"https:\/\/flags-world.com\/lv\/bosnijas-un-hercegovinas-karogs-krsa-un-nozme\/","title":{"rendered":"Bosnijas un Hercegovinas karogs: kr\u0101sa un noz\u012bme"},"content":{"rendered":"<p style=\"text-align: justify\">Bosnijas un Hercegovinas karogu \u0161odienas form\u0101 valsts Parlament\u0101r\u0101 asambleja pie\u0146\u0113ma 1998. gada 4. febru\u0101r\u012b.<\/p>\n<p style=\"text-align: justify\">Bosnija un Hercegovina \u2014 vald\u012bba, kas atrodas Balk\u0101nos, Eiropas dienvidaustrumos. Valsts ieguva neatkar\u012bbu XX gadsimta 90. gadu pirmaj\u0101 pus\u0113, atdaloties no Dienvidsl\u0101vijas.<\/p>\n<p style=\"text-align: justify\">T\u0101tad Bosnijas un Hercegovinas karogs izskat\u0101s \u0161\u0101di: foto<\/p>\n<p style=\"text-align: justify\"><span itemprop=\"image\" itemscope itemtype=\"https:\/\/schema.org\/ImageObject\"><img itemprop=\"url image\" loading=\"lazy\" decoding=\"async\" class=\"alignnone size-full wp-image-3079\" src=\"\/wp-content\/uploads\/2021\/01\/flag-of-bosnia-and-herzegovina_1.png\" width=\"500\" height=\"250\" alt=\"Bosnijas karogs un Hercogs-1\" \/><meta itemprop=\"width\" content=\"500\"><meta itemprop=\"height\" content=\"250\"><\/span><\/p>\n<h2 style=\"text-align: justify\">Bosnijas un Hercegovinas v\u0113stures karogs<\/h2>\n<p style=\"text-align: justify\">Toreiz, taj\u0101 laik\u0101, kad Bosnija un Hercegovina bija Dienvidsl\u0101vijas sast\u0101v\u0101, vi\u0146as karogs bija sarkans audums ar nelielu pa\u0161as feder\u0101cijas karogu aug\u0161\u0113j\u0101 kreisaj\u0101 st\u016br\u012b. \u0160\u0101das noz\u012bm\u012btes bija \u013coti izplat\u012btas divdesmitaj\u0101 gadsimt\u0101. Iz\u0146emot Dienvidsl\u0101vijas re\u0123ionus, \u0161is b\u016bvniec\u012bbas princips tika izmantots Anglijas un PSRS vald\u012b\u0161anas un republiku z\u012bm\u0113s.<\/p>\n<p style=\"text-align: justify\"><span itemprop=\"image\" itemscope itemtype=\"https:\/\/schema.org\/ImageObject\"><img itemprop=\"url image\" loading=\"lazy\" decoding=\"async\" class=\"alignnone size-full wp-image-3080\" src=\"\/wp-content\/uploads\/2021\/01\/flag-of-bosnia-and-herzegovina_2.png\" width=\"500\" height=\"250\" alt=\"Bosnijas un Ducago karogs-2\" \/><meta itemprop=\"width\" content=\"500\"><meta itemprop=\"height\" content=\"250\"><\/span><\/p>\n<p style=\"text-align: justify\">Beidzoties izie\u0161anai no Dienvidsl\u0101vijas sast\u0101va, Bosnij\u0101 un Hercegovin\u0101 tika apstiprin\u0101ts jauns karogs: uz sniega balta taisnst\u016bra lauka zelta mal\u0101 tika uzlikts zils vairogs. Pats vairogs tika sadal\u012bts ar sniegbaltu joslu, kas iet no kreis\u0101 aug\u0161\u0113j\u0101 le\u0146\u0137a uz labo apak\u0161\u0113jo labo pusi. \u0160\u012bs sloksnes ab\u0101s pus\u0113s bija nor\u0101d\u012btas tr\u012bs heraldikas z\u012bmes. M\u016bsdien\u0101s \u0161is karogs tiek uzskat\u012bts par novecoju\u0161u (t\u0101 ofici\u0101l\u0101 piem\u0113ro\u0161ana neizriet no 2007. gada 31. marta), ta\u010du tas joproj\u0101m ir \u013coti popul\u0101rs Bosnijas nacion\u0101listu un reli\u0123isko (isl\u0101ma) organiz\u0101ciju vid\u016b.<\/p>\n<p style=\"text-align: justify\"><span itemprop=\"image\" itemscope itemtype=\"https:\/\/schema.org\/ImageObject\"><img itemprop=\"url image\" loading=\"lazy\" decoding=\"async\" class=\"alignnone size-full wp-image-3081\" src=\"\/wp-content\/uploads\/2021\/01\/flag-of-bosnia-and-herzegovina_3.png\" width=\"500\" height=\"250\" alt=\"Bosnijas un Hercogovinas karogs-3\" \/><meta itemprop=\"width\" content=\"500\"><meta itemprop=\"height\" content=\"250\"><\/span><\/p>\n<p style=\"text-align: justify\">S\u0101kum\u0101 bija 7 Bosnijas un Hercegovinas karoga projekti.<\/p>\n<ul style=\"text-align: justify\">\n<li>1. projekts: karogs uz \u010cehijas, kr\u0101sas att\u0113lo tr\u012bs galven\u0101s civiliz\u0101cijas: bosnie\u0161us, horv\u0101tus, serbus.<\/li>\n<li>2. projekts: uz zila fona lauru zars &#8211; simboliz\u0113 ANO.<\/li>\n<li>3. projekts: uz zila valsts kont\u016bru fona.<\/li>\n<li>4. projekts: sarkanbaltzils karogs ar valsts karti centr\u0101 un zvaigzn\u0113m<\/li>\n<li>5. projekts: karogs, kas k\u013cuvis ofici\u0101ls<\/li>\n<\/ul>\n<p><span itemprop=\"image\" itemscope itemtype=\"https:\/\/schema.org\/ImageObject\"><img itemprop=\"url image\" loading=\"lazy\" decoding=\"async\" class=\"alignnone size-full wp-image-3082\" src=\"\/wp-content\/uploads\/2021\/01\/flag-of-bosnia-and-herzegovina_4.png\" width=\"500\" height=\"333\" alt=\"Bosnijas un Hercogovinas karogs-4\" \/><meta itemprop=\"width\" content=\"500\"><meta itemprop=\"height\" content=\"333\"><\/span><\/p>\n<p style=\"text-align: left\">1. projekts<\/p>\n<p><span itemprop=\"image\" itemscope itemtype=\"https:\/\/schema.org\/ImageObject\"><img itemprop=\"url image\" loading=\"lazy\" decoding=\"async\" class=\"alignnone size-full wp-image-3083\" src=\"\/wp-content\/uploads\/2021\/01\/flag-of-bosnia-and-herzegovina_5.png\" width=\"500\" height=\"333\" alt=\"Bosnijas un Ducago karogs-5\" \/><meta itemprop=\"width\" content=\"500\"><meta itemprop=\"height\" content=\"333\"><\/span><\/p>\n<p>2. projekts<\/p>\n<p><span itemprop=\"image\" itemscope itemtype=\"https:\/\/schema.org\/ImageObject\"><img itemprop=\"url image\" loading=\"lazy\" decoding=\"async\" class=\"alignnone size-full wp-image-3084\" src=\"\/wp-content\/uploads\/2021\/01\/flag-of-bosnia-and-herzegovina_6.png\" width=\"500\" height=\"333\" alt=\"Bosnijas un Hercoga karogs-6\" \/><meta itemprop=\"width\" content=\"500\"><meta itemprop=\"height\" content=\"333\"><\/span><\/p>\n<p>3. projekts<\/p>\n<p><span itemprop=\"image\" itemscope itemtype=\"https:\/\/schema.org\/ImageObject\"><img itemprop=\"url image\" loading=\"lazy\" decoding=\"async\" class=\"alignnone size-full wp-image-3085\" src=\"\/wp-content\/uploads\/2021\/01\/flag-of-bosnia-and-herzegovina_7.png\" width=\"500\" height=\"250\" alt=\"Bosnijas un Ducago karogs-7\" \/><meta itemprop=\"width\" content=\"500\"><meta itemprop=\"height\" content=\"250\"><\/span><\/p>\n<p>4. projekts<\/p>\n<p><span itemprop=\"image\" itemscope itemtype=\"https:\/\/schema.org\/ImageObject\"><img itemprop=\"url image\" loading=\"lazy\" decoding=\"async\" class=\"alignnone size-full wp-image-3086\" src=\"\/wp-content\/uploads\/2021\/01\/flag-of-bosnia-and-herzegovina_8.png\" width=\"500\" height=\"250\" alt=\"Bosnijas un Ducago karogs-8\" \/><meta itemprop=\"width\" content=\"500\"><meta itemprop=\"height\" content=\"250\"><\/span><\/p>\n<p>5. projekts<\/p>\n<p><span itemprop=\"image\" itemscope itemtype=\"https:\/\/schema.org\/ImageObject\"><img itemprop=\"url image\" loading=\"lazy\" decoding=\"async\" class=\"alignnone size-full wp-image-3087\" src=\"\/wp-content\/uploads\/2021\/01\/flag-of-bosnia-and-herzegovina_9.png\" width=\"500\" height=\"250\" alt=\"Bosnijas un Hercogovinas karogs-9\" \/><meta itemprop=\"width\" content=\"500\"><meta itemprop=\"height\" content=\"250\"><\/span><\/p>\n<p>6. projekts<\/p>\n<p><span itemprop=\"image\" itemscope itemtype=\"https:\/\/schema.org\/ImageObject\"><img itemprop=\"url image\" loading=\"lazy\" decoding=\"async\" class=\"alignnone size-full wp-image-3088\" src=\"\/wp-content\/uploads\/2021\/01\/flag-of-bosnia-and-herzegovina_10.png\" width=\"500\" height=\"250\" alt=\"Bosnijas un Ducago karogs-10\" \/><meta itemprop=\"width\" content=\"500\"><meta itemprop=\"height\" content=\"250\"><\/span><\/p>\n<p>7. projekts<\/p>\n<p style=\"text-align: justify\">Parlament\u0101r\u0101s asamblejas gal\u012bgaj\u0101 balsojum\u0101 lomu sa\u0146\u0113ma 3 varianti: 5., 6. un 7. projekts, starp kuriem priek\u0161roka tika dota tie\u0161i zili-dzeltenam karogam ar balt\u0101m zvaigzn\u0113m.<\/p>\n<p style=\"text-align: justify\">M\u016bsdienu Bosnijas un Hercegovinas karogs b\u016btiski at\u0161\u0137iras no agr\u0101kajiem variantiem un tiek izmantots k\u0101 \u0161\u012bs valsts ofici\u0101lais simbols kop\u0161 1998. gada.<\/p>\n<h2 style=\"text-align: justify\">Apraksts<\/h2>\n<p style=\"text-align: justify\">Malu attiec\u012bbas (platuma garuma) karodzi\u0146\u0161\u00a0\u2014 2:1. Galven\u0101 kr\u0101sa &#8211; tum\u0161i zila. Bet tum\u0161i zilajam taisnst\u016brim ir novietots dzeltens tr\u012bsst\u016bris ar aug\u0161da\u013cu zem\u0101k. Vi\u0146a katenets iet gar galvas asmens aug\u0161\u0113jo robe\u017eu (horizont\u0101li) un labaj\u0101 pus\u0113 tre\u0161\u0101 ceturk\u0161\u0146a beig\u0101s (vertik\u0101li). \u0160\u012b tr\u012bsst\u016bra hipoten\u016bzas laik\u0101 atrodas devi\u0146as baltas zvaigznes, un pirm\u0101 no t\u0101m ir tikai t\u0101 apak\u0161\u0113j\u0101 puse, bet dev\u012bt\u0101 ir tikai aug\u0161da\u013ca.<\/p>\n<h2 style=\"text-align: justify\">Bosnijas un Hercegovinas kr\u0101su karogs<\/h2>\n<p style=\"text-align: justify\">Karogam ir tr\u012bs kr\u0101sas:<\/p>\n<ol>\n<li style=\"text-align: justify\">J\u016bras zils;<\/li>\n<li style=\"text-align: justify\">Dzeltens;<\/li>\n<li style=\"text-align: justify\">Balts.<\/li>\n<\/ol>\n<h2 style=\"text-align: justify\">Bosnijas un Hercegovinas karoga rakstz\u012bmju un kr\u0101su noz\u012bme<\/h2>\n<p style=\"text-align: justify\">Ja paskat\u0101mies uz valsts izvietojumu, redzams, ka Hercegovina un Bosnija att\u0113lo kaut ko l\u012bdz\u012bgu tr\u012bsst\u016brim ar savu karogu. Tr\u012bs \u0161\u012b tr\u012bsst\u016bra malas apz\u012bm\u0113 galven\u0101s valst\u012b dz\u012bvojo\u0161\u0101s tautas: bosnie\u0161us (Boschnyakov), serbus un horv\u0101tus.<\/p>\n<p style=\"text-align: justify\">Zil\u0101 karoga kr\u0101sa &#8211; atsauce uz ES un ANO, kur\u0101m bija noz\u012bm\u012bga loma Bosnijas kara izbeig\u0161an\u0101, t\u0101p\u0113c \u0161aj\u0101 st\u0101vokl\u012b vald\u012bja mier\u012bga un labas kaimi\u0146attiec\u012bbas n\u0101kotne.<\/p>\n<p style=\"text-align: justify\">Zvaigznes uz karoga simboliz\u0113 Eiropu (tiek ar\u012b pie\u0146emts, ka to skaits ir vismaz mirklis &#8211; no \u0161\u012bs un &quot;puses&quot; 1. un dev\u012bt\u0101 zvaigzne).<\/p>\n<h2 style=\"text-align: justify\">Nespecializ\u0113ta inform\u0101cija par Bosniju un Hercegovinu<\/h2>\n<table>\n<tbody>\n<tr style=\"text-align: justify\">\n<td>Ofici\u0101l\u0101 valoda<\/td>\n<td>Bosnie\u0161u, serbu, horv\u0101tu<\/td>\n<\/tr>\n<tr style=\"text-align: justify\">\n<td>Kapit\u0101ls<\/td>\n<td>Sarajeva<\/td>\n<\/tr>\n<tr style=\"text-align: justify\">\n<td>Teritorija<\/td>\n<td>51 197 km2<\/td>\n<\/tr>\n<tr style=\"text-align: justify\">\n<td>Popul\u0101cija<\/td>\n<td>3\u00a0531\u00a0159 cilv\u0113ki<\/td>\n<\/tr>\n<tr style=\"text-align: justify\">\n<td>Val\u016bta<\/td>\n<td>Kabrioleta marka<\/td>\n<\/tr>\n<tr>\n<td style=\"text-align: justify\">Telefona kods<\/td>\n<td style=\"text-align: justify\">+387<\/td>\n<\/tr>\n<\/tbody>\n<\/table>\n","protected":false},"excerpt":{"rendered":"<p>Bosnijas un Hercegovinas karogu \u0161odienas form\u0101 valsts Parlament\u0101r\u0101 asambleja pie\u0146\u0113ma 1998. gada 4. febru\u0101r\u012b. Bosnija un Hercegovina \u2014 vald\u012bba, kas atrodas Balk\u0101nos, Eiropas dienvidaustrumos. Valsts ieguva neatkar\u012bbu XX&#8230;<\/p>\n","protected":false},"author":1,"featured_media":5798,"comment_status":"open","ping_status":"open","sticky":false,"template":"","format":"standard","meta":{"footnotes":""},"categories":[3],"tags":[],"class_list":["post-1532","post","type-post","status-publish","format-standard","has-post-thumbnail","","category-eiropas-karogi"],"aioseo_notices":[],"_links":{"self":[{"href":"https:\/\/flags-world.com\/lv\/wp-json\/wp\/v2\/posts\/1532","targetHints":{"allow":["GET"]}}],"collection":[{"href":"https:\/\/flags-world.com\/lv\/wp-json\/wp\/v2\/posts"}],"about":[{"href":"https:\/\/flags-world.com\/lv\/wp-json\/wp\/v2\/types\/post"}],"author":[{"embeddable":true,"href":"https:\/\/flags-world.com\/lv\/wp-json\/wp\/v2\/users\/1"}],"replies":[{"embeddable":true,"href":"https:\/\/flags-world.com\/lv\/wp-json\/wp\/v2\/comments?post=1532"}],"version-history":[{"count":0,"href":"https:\/\/flags-world.com\/lv\/wp-json\/wp\/v2\/posts\/1532\/revisions"}],"wp:featuredmedia":[{"embeddable":true,"href":"https:\/\/flags-world.com\/lv\/wp-json\/wp\/v2\/media\/5798"}],"wp:attachment":[{"href":"https:\/\/flags-world.com\/lv\/wp-json\/wp\/v2\/media?parent=1532"}],"wp:term":[{"taxonomy":"category","embeddable":true,"href":"https:\/\/flags-world.com\/lv\/wp-json\/wp\/v2\/categories?post=1532"},{"taxonomy":"post_tag","embeddable":true,"href":"https:\/\/flags-world.com\/lv\/wp-json\/wp\/v2\/tags?post=1532"}],"curies":[{"name":"wp","href":"https:\/\/api.w.org\/{rel}","templated":true}]}}