{"id":1528,"date":"2021-01-04T17:18:10","date_gmt":"2021-01-04T14:18:10","guid":{"rendered":"https:\/\/flags-world.com\/lv\/2021\/01\/04\/beninas-karogs-nozme-un-krsas\/"},"modified":"2021-01-04T17:18:10","modified_gmt":"2021-01-04T14:18:10","slug":"beninas-karogs-nozme-un-krsas","status":"publish","type":"post","link":"https:\/\/flags-world.com\/lv\/beninas-karogs-nozme-un-krsas\/","title":{"rendered":"Beninas karogs: noz\u012bme un kr\u0101sas"},"content":{"rendered":"<p style=\"text-align: justify\">Benina atrodas Rietum\u0101frik\u0101 Gvinejas l\u012b\u010da krast\u0101. 112. zona.6 t\u016bksto\u0161i. km2.<\/p>\n<p style=\"text-align: justify\">Neatkar\u012bba diezgan daudz liecina par Beninas un visas \u0100frikas iedz\u012bvot\u0101jiem. Pamatojoties uz to, nav viegli izveidot kr\u0101su paleti, satrieco\u0161i k\u013c\u016bdas ar br\u012bv\u012bbas z\u012bmi meln\u0101 kr\u0101s\u0101, ar Panfrean.<\/p>\n<p style=\"text-align: justify\">Francijai pieder\u0113ja Dahomey (Benina) l\u012bdz 1960. gadam. Fran\u010du valoda tiek izmantota k\u0101 biroji un m\u016bsdienu prezidenta Beninas Republik\u0101.<\/p>\n<p style=\"text-align: justify\">T\u0101tad m\u016bsdienu Beninas karogs izskat\u0101s:<\/p>\n<p style=\"text-align: justify\"><span itemprop=\"image\" itemscope itemtype=\"https:\/\/schema.org\/ImageObject\"><img itemprop=\"url image\" loading=\"lazy\" decoding=\"async\" class=\"alignnone size-full wp-image-3120\" src=\"\/wp-content\/uploads\/2021\/01\/flag-of-benin_1.png\" width=\"500\" height=\"333\" alt=\"Beninas karogs-1\" \/><meta itemprop=\"width\" content=\"500\"><meta itemprop=\"height\" content=\"333\"><\/span><\/p>\n<h2 style=\"text-align: justify\">Beninas v\u0113stures karogs<\/h2>\n<p style=\"text-align: justify\">Valsts att\u012bst\u012bba un karogs ir cie\u0161i savstarp\u0113ji saist\u012bti.<\/p>\n<p style=\"text-align: justify\">1959. gada 16. novembr\u012b ofici\u0101li dzimis Beninas pa\u0161vald\u012bbas karogs, tad \u0161\u012b valsts tika nosaukta &#8211; Dahomey.<\/p>\n<p style=\"text-align: justify\">1975. gad\u0101 Dagomea aiziet ar savu karogu, un marksisti n\u0101k pie valsts vad\u012bbas ar sav\u0101m varas z\u012bm\u0113m (sarkans karogs ar za\u013cganu zvaigzni) un jauno titulu &#8211; Beninas Republika.<\/p>\n<p style=\"text-align: justify\"><span itemprop=\"image\" itemscope itemtype=\"https:\/\/schema.org\/ImageObject\"><img itemprop=\"url image\" loading=\"lazy\" decoding=\"async\" class=\"alignnone size-full wp-image-3121\" src=\"\/wp-content\/uploads\/2021\/01\/flag-of-benin_2.png\" width=\"500\" height=\"333\" alt=\"Benina-2 karogs\" \/><meta itemprop=\"width\" content=\"500\"><meta itemprop=\"height\" content=\"333\"><\/span><\/p>\n<p style=\"text-align: justify\">15 gadus v\u0113l\u0101k, 1990. gada 1. august\u0101, m\u016bsdienu karoga atgrie\u0161an\u0101s un modern\u0101s valsts Beninas prezident\u0101l\u0101s republikas izcelsme.<\/p>\n<blockquote>\n<p style=\"text-align: justify\">Armijas apv\u0113rsumi &#8211; pag\u0101tnes valsts da\u013ca. Bet tas atg\u0101dina ar\u012b karoga kr\u0101sas.<\/p>\n<\/blockquote>\n<h2 style=\"text-align: justify\">Apraksts<\/h2>\n<p style=\"text-align: justify\">Beninas br\u012bv\u012bbu izsaka 3 l\u012bdz\u012bgu da\u013cu karogs. Tas iek\u013c\u016bst \u0100frikas divkr\u0101su valstu grup\u0101 ar vertik\u0101lu joslu.<\/p>\n<p style=\"text-align: justify\">Viena vertik\u0101le pa kreisi &#8211; za\u013ca. Divas citas horizont\u0101las sv\u012btras: dzeltena (no aug\u0161as) un sarkana (apak\u0161\u0101).<\/p>\n<h2 style=\"text-align: justify\">Beninas kr\u0101su karogs<\/h2>\n<p style=\"text-align: justify\">Zilais pa\u0161vald\u012bbas karogs:<\/p>\n<ol style=\"text-align: justify\">\n<li>Za\u013c\u0161;<\/li>\n<li>Dzeltens;<\/li>\n<li>sarkans.<\/li>\n<\/ol>\n<h2 style=\"text-align: justify\">Beninas kr\u0101su karoga noz\u012bme<\/h2>\n<p style=\"text-align: justify\">Benina pa\u0146\u0113ma lielisku kontinentu \u0161im kontinentam, Panfrik\u0101nas kr\u0101sas: za\u013ca, sarkana, dzeltena. Nepiem\u0113roja tikai melno &#8211; simboliz\u0113jot atmi\u0146u un atlaisto \u0100frikas paverdzin\u0101\u0161anu.<\/p>\n<ol style=\"text-align: justify\">\n<li>Za\u013c\u0161. likte\u0146a augl\u012bbas atjauno\u0161ana un zemes simbols.<\/li>\n<li>Dzeltens. Izsaka valsts bag\u0101t\u012bbu, sauli, katra t\u0101s cilv\u0113ka labkl\u0101j\u012bbu.<\/li>\n<\/ol>\n<blockquote>\n<p style=\"text-align: justify\">T\u0101 ir ar\u012b labkl\u0101j\u012bba un darba simbols.<\/p>\n<\/blockquote>\n<p style=\"text-align: justify\">Valsts iedz\u012bvot\u0101ji ir raibi p\u0113c etnisk\u0101 sast\u0101va. Vair\u0101k nek\u0101 60 cilv\u0113ku izkais\u012bti da\u017e\u0101dos tautas amatniec\u012bbas veidos: podnieki, kaulu griez\u0113ji, aud\u0113ji, misi\u0146a meistari. Iev\u0113rojama folklora. Lieliski mak\u0161\u0137ernieki.<\/p>\n<ul style=\"text-align: justify\">\n<li>sarkans. Run\u0101 par sen\u010du drosmi un sp\u0113ku, kas izpaud\u0101s neatkar\u012bbas c\u012b\u0146\u0101s.<\/li>\n<\/ul>\n<p style=\"text-align: justify\">Asins kr\u0101sa cilv\u0113ku ties\u012bbas ar melnu \u0101du. Ilg\u0101 c\u012b\u0146a pret paverdzin\u0101\u0161anu un kolonizatoriem. c\u012bn\u012bt\u0101ju drosme un ap\u0146\u0113m\u012bba.<\/p>\n<p style=\"text-align: justify\">Porto-Novo ir vi\u0146a politisko simbolu un varas glab\u0101t\u0101js un Beninas galvaspils\u0113ta.<\/p>\n<p style=\"text-align: justify\">Beninas karogs atg\u0101dina visu par pag\u0101tnes notikumiem un valsts p\u0101rliec\u012bbu par br\u012bni\u0161\u0137\u012bgo n\u0101kotni.<\/p>\n<h2 style=\"text-align: justify\">Nespecializ\u0113ta inform\u0101cija par Beninu<\/h2>\n<table>\n<tbody>\n<tr style=\"text-align: justify\">\n<td>Ofici\u0101l\u0101 valoda<\/td>\n<td>fran\u010du valoda<\/td>\n<\/tr>\n<tr style=\"text-align: justify\">\n<td>Kapit\u0101ls<\/td>\n<td>Porto Jaunums<\/td>\n<\/tr>\n<tr style=\"text-align: justify\">\n<td>Teritorija<\/td>\n<td>112 622 km2<\/td>\n<\/tr>\n<tr style=\"text-align: justify\">\n<td>Popul\u0101cija<\/td>\n<td>12 864 634 cilv\u0113ki<\/td>\n<\/tr>\n<tr style=\"text-align: justify\">\n<td>Val\u016bta<\/td>\n<td>Frenks CFA<\/td>\n<\/tr>\n<tr>\n<td style=\"text-align: justify\">Telefona kods<\/td>\n<td style=\"text-align: justify\">+229<\/td>\n<\/tr>\n<\/tbody>\n<\/table>\n","protected":false},"excerpt":{"rendered":"<p>Benina atrodas Rietum\u0101frik\u0101 Gvinejas l\u012b\u010da krast\u0101. 112. zona.6 t\u016bksto\u0161i. km2. Neatkar\u012bba diezgan daudz liecina par Beninas un visas \u0100frikas iedz\u012bvot\u0101jiem. Pamatojoties uz to, nav viegli izveidot kr\u0101su paleti,&#8230;<\/p>\n","protected":false},"author":1,"featured_media":5794,"comment_status":"open","ping_status":"open","sticky":false,"template":"","format":"standard","meta":{"footnotes":""},"categories":[5],"tags":[],"class_list":["post-1528","post","type-post","status-publish","format-standard","has-post-thumbnail","","category-frikas-valstu-karogi"],"aioseo_notices":[],"_links":{"self":[{"href":"https:\/\/flags-world.com\/lv\/wp-json\/wp\/v2\/posts\/1528","targetHints":{"allow":["GET"]}}],"collection":[{"href":"https:\/\/flags-world.com\/lv\/wp-json\/wp\/v2\/posts"}],"about":[{"href":"https:\/\/flags-world.com\/lv\/wp-json\/wp\/v2\/types\/post"}],"author":[{"embeddable":true,"href":"https:\/\/flags-world.com\/lv\/wp-json\/wp\/v2\/users\/1"}],"replies":[{"embeddable":true,"href":"https:\/\/flags-world.com\/lv\/wp-json\/wp\/v2\/comments?post=1528"}],"version-history":[{"count":0,"href":"https:\/\/flags-world.com\/lv\/wp-json\/wp\/v2\/posts\/1528\/revisions"}],"wp:featuredmedia":[{"embeddable":true,"href":"https:\/\/flags-world.com\/lv\/wp-json\/wp\/v2\/media\/5794"}],"wp:attachment":[{"href":"https:\/\/flags-world.com\/lv\/wp-json\/wp\/v2\/media?parent=1528"}],"wp:term":[{"taxonomy":"category","embeddable":true,"href":"https:\/\/flags-world.com\/lv\/wp-json\/wp\/v2\/categories?post=1528"},{"taxonomy":"post_tag","embeddable":true,"href":"https:\/\/flags-world.com\/lv\/wp-json\/wp\/v2\/tags?post=1528"}],"curies":[{"name":"wp","href":"https:\/\/api.w.org\/{rel}","templated":true}]}}