{"id":1527,"date":"2021-01-04T17:18:10","date_gmt":"2021-01-04T14:18:10","guid":{"rendered":"https:\/\/flags-world.com\/lv\/2021\/01\/04\/beniluksa-karogs-foto-un-vsture\/"},"modified":"2021-01-04T17:18:10","modified_gmt":"2021-01-04T14:18:10","slug":"beniluksa-karogs-foto-un-vsture","status":"publish","type":"post","link":"https:\/\/flags-world.com\/lv\/beniluksa-karogs-foto-un-vsture\/","title":{"rendered":"Beniluksa karogs: foto un v\u0113sture"},"content":{"rendered":"<p style=\"text-align: justify\">Beniluksa karogs netika ofici\u0101li pie\u0146emts. Mazais, kur\u0161 piev\u0113r\u0161 uzman\u012bbu starptautisko alianses karogam, neskatoties uz to, ka t\u0101s ar\u012b nes da\u017eas no t\u0101m un t\u0101m ir sava v\u0113sture. Bet, to neapskatot, m\u0113s to varam atrast tie\u0161saist\u0113 un bez \u012bpa\u0161as piep\u016bles atrast, ar kuriem st\u0101vok\u013ciem tas ir saist\u012bts.<\/p>\n<p style=\"text-align: justify\">\u0160is izskat\u0101s k\u0101 moderns Beniluksa karogs: fotoatt\u0113ls<\/p>\n<p style=\"text-align: justify\"><span itemprop=\"image\" itemscope itemtype=\"https:\/\/schema.org\/ImageObject\"><img itemprop=\"url image\" loading=\"lazy\" decoding=\"async\" class=\"alignnone size-full wp-image-3124\" src=\"\/wp-content\/uploads\/2021\/01\/benelux-flag_1.png\" width=\"500\" height=\"333\" alt=\"BenilyucSa-1 karogs\" \/><meta itemprop=\"width\" content=\"500\"><meta itemprop=\"height\" content=\"333\"><\/span><\/p>\n<h2 style=\"text-align: justify\">Beniluksa valsts un vi\u0146a karoga izcelsmes v\u0113sture<\/h2>\n<p style=\"text-align: justify\">Lai s\u0101ktu izdom\u0101t, kas ir Benilux. \u0160obr\u012bd ir \u013coti daudz da\u017e\u0101du starptautisku organiz\u0101ciju, kuras ir veiksm\u012bgas ar da\u017e\u0101diem viedok\u013ciem. Da\u017eas no t\u0101m ir lielas sabiedr\u012bbas, piem\u0113ram, ANO, NATO un T.D. Cit\u0101s valst\u012bs ir visi valstu p\u0101ri: BRICS, Beniluksa valstis, \u0100frikas alianse un T.D. Katrai aliansei ir sava misija un noteikti m\u0113r\u0137i, un valstis, kas tai pievienojas, g\u016bst labumu no dal\u012bbas.<\/p>\n<p style=\"text-align: justify\">Benilukss ir kaimi\u0146valstu: Be\u013c\u0123ijas, Luksemburgas un N\u012bderlandes starpvald\u012bbu organiz\u0101cija, kas ir kompetenta divdesmit\u0101 gadsimta 50. gadu otraj\u0101 pus\u0113. Alianses nosaukums tika ieg\u016bts, apvienojot valstu nosaukumus. Da\u017ei anal\u012bti\u0137i atz\u012bm\u0113, ka Benilukss bija pa\u0161reiz\u0113j\u0101s ES izk\u0101rtojums. Alianses izveide k\u013cuva par notikumu, lai vienk\u0101r\u0161otu politisko, ekonomisko un muitas atmosf\u0113ru starp valst\u012bm. T\u0101tad kombin\u0101cijas m\u0113r\u0137i ir:<\/p>\n<ul style=\"text-align: justify\">\n<li>Sadarb\u012bba 3 valstu ekonomikas jom\u0101 veiksm\u012bg\u0101kajiem parametriem;<\/li>\n<li>Alianses dal\u012bbnieku politikas koordin\u0113\u0161ana;<\/li>\n<li>3 valstu nespecializ\u0113t\u0101s ekonomikas lietas ar \u0101rpasauli.<\/li>\n<\/ul>\n<p style=\"text-align: justify\">P\u0113c izgl\u012bt\u012bbas beig\u0101m Beniluksa valstis sniedza person\u012bgus padomus, sekretari\u0101tus, tiesas un parlamentu, kas kalpoja organiz\u0101cijas vajadz\u012bb\u0101m. Ac\u012bmredzot neiztika ar\u012b bez at\u0161\u0137ir\u012bbas z\u012bmes \u2013 karoga. Tam ir neofici\u0101la alianses z\u012bme, saska\u0146\u0101 ar kuru trasei ir at\u013cauts atrast atkar\u012bbu no 3 valst\u012bm. Par\u0101d\u012bj\u0101s 1957.-1958. Izstr\u0101d\u0101ts karoga dizains p\u0113c jaun\u0101s organiz\u0101cijas holandie\u0161u ra\u017eot\u0101ja pas\u016bt\u012bjuma.<\/p>\n<p style=\"text-align: justify\">P\u0113c organiz\u0101cijas p\u0101rst\u0101vju teikt\u0101, ofici\u0101li \u0161\u012b z\u012bme netika uztverta un neapstiprin\u0101ja.<\/p>\n<blockquote>\n<p style=\"text-align: justify\">Tas nebija nepiecie\u0161ams, un to izmantoja tikai daudzas reizes nelielos pas\u0101kumos.<\/p>\n<\/blockquote>\n<h2 style=\"text-align: justify\">Beniluksa karoga apraksts<\/h2>\n<p style=\"text-align: justify\">Karogs, k\u0101 ar\u012b alianses nosaukums, notiek 3 valstu simbolu apvieno\u0161ana.<\/p>\n<p style=\"text-align: justify\">Karoga pamatn\u0113 ir 3 horizont\u0101lu joslu t\u012bkls ar malu attiec\u012bbu 2:3, kuras centr\u0101 ir att\u0113lota uz muguras \u0137epas lauva, kas izvietota kreisaj\u0101 pus\u0113.<\/p>\n<h3 style=\"text-align: justify\">Karoga kr\u0101sas<\/h3>\n<p style=\"text-align: justify\">Sarkan\u0101s kr\u0101sas aug\u0161\u0113j\u0101 josla ir \u0146emta no Luksemburgas karoga; Zils atrodas apak\u0161\u0101 &#8211; N\u012bderlande. Vid\u0113ja josla &#8211; balta ar tum\u0161u t\u012bklu centr\u0101. Melns bija Be\u013c\u0123ijas karoga aizmugur\u0113.<\/p>\n<p style=\"text-align: justify\">Centr\u0101l\u0101 z\u012bme ir lauva ar sarkaniem smailiem baltiem nagiem un m\u0113li &#8211; tur ir visu 3 valstu z\u012bme un ir att\u0113lota uz to \u0123erbo\u0146a. Bet fakts, ka vi\u0146\u0161 st\u0101v uz paka\u013ck\u0101j\u0101m, pagrie\u017eas pa kreisi, un vi\u0146a zelta kr\u0101sa l\u016bdz t\u0101s liel\u0101ku piederumu Be\u013c\u0123ijas velv\u0113m.<\/p>\n<h3 style=\"text-align: justify\">Karoga z\u012bmes un kr\u0101su noz\u012bme<\/h3>\n<p style=\"text-align: justify\">Gandr\u012bz vismaz tam, k\u0101ds laiks uz z\u012bm\u0113m, nav noz\u012bmes tam, k\u0101dai deta\u013cai ir sl\u0113pta noz\u012bme un noteikta noz\u012bme. Da\u017eas no t\u0101m ir ietvertas ar\u012b Beniluksa karoga att\u0113l\u0101 un kr\u0101s\u0101s.<\/p>\n<p style=\"text-align: justify\">Karoga kr\u0101sas:<\/p>\n<ol style=\"text-align: justify\">\n<li>Karoga aug\u0161\u0113j\u0101s joslas sarkan\u0101 kr\u0101sa personific\u0113 drosmi un drosmi.<\/li>\n<li>Sniegbalts k\u0101 zila josla un centr\u0101l\u0101s joslas sniegs simboliz\u0113 br\u012bv\u012bbu.<\/li>\n<li>Audekla tum\u0161\u0101 da\u013ca apz\u012bm\u0113 vairogu, kas aizsarg\u0101 lauvu.<\/li>\n<\/ol>\n<p style=\"text-align: justify\">Lauva \u2013 Veca z\u012bme \u2013 izmantota daudzu tautu \u0123erbon\u012b. Par\u0101d\u012bts ar iz\u017euvu\u0161u m\u0113li uz Beniluksa karoga, vi\u0146\u0161 nes sp\u0113ku un c\u0113lumu, un gad\u012bjum\u0101, ja lauva ir dz\u012bvnieku valdnieks, vi\u0146\u0161 personific\u0113 karalisk\u0101s varas sp\u0113ku. Ja neskaita uzskait\u012btos, lauva ir \u0161o teritoriju v\u0113sturiska z\u012bme, \u0146emot v\u0113r\u0101 notikumu, kas:<\/p>\n<ul style=\"text-align: justify\">\n<li>Personific\u0113 revol\u016bciju, p\u0113c kuras t\u0101 \u0161\u0137ita Be\u013c\u0123ija;<\/li>\n<li>No seniem laikiem ir z\u012bme N\u012bderlande.<\/li>\n<\/ul>\n<h2 style=\"text-align: justify\">Nespecializ\u0113ta Beniluksa\u00a0inform\u0101cija<\/h2>\n<table>\n<tbody>\n<tr style=\"text-align: justify\">\n<td>Ofici\u0101l\u0101 valoda<\/td>\n<td>N\u012bderlande, fran\u010du valoda<\/td>\n<\/tr>\n<tr style=\"text-align: justify\">\n<td>Kapit\u0101ls<\/td>\n<td>&#8211;<\/td>\n<\/tr>\n<tr style=\"text-align: justify\">\n<td>Teritorija<\/td>\n<td>74 656 km2<\/td>\n<\/tr>\n<tr style=\"text-align: justify\">\n<td>Popul\u0101cija<\/td>\n<td>28 365 937 cilv\u0113ki<\/td>\n<\/tr>\n<tr style=\"text-align: justify\">\n<td>Val\u016bta<\/td>\n<td>eiro<\/td>\n<\/tr>\n<tr>\n<td style=\"text-align: justify\">Telefona kods<\/td>\n<td style=\"text-align: justify\">&#8211;<\/td>\n<\/tr>\n<\/tbody>\n<\/table>\n","protected":false},"excerpt":{"rendered":"<p>Beniluksa karogs netika ofici\u0101li pie\u0146emts. Mazais, kur\u0161 piev\u0113r\u0161 uzman\u012bbu starptautisko alianses karogam, neskatoties uz to, ka t\u0101s ar\u012b nes da\u017eas no t\u0101m un t\u0101m ir sava v\u0113sture. Bet,&#8230;<\/p>\n","protected":false},"author":1,"featured_media":5793,"comment_status":"open","ping_status":"open","sticky":false,"template":"","format":"standard","meta":{"footnotes":""},"categories":[3],"tags":[],"class_list":["post-1527","post","type-post","status-publish","format-standard","has-post-thumbnail","","category-eiropas-karogi"],"aioseo_notices":[],"_links":{"self":[{"href":"https:\/\/flags-world.com\/lv\/wp-json\/wp\/v2\/posts\/1527","targetHints":{"allow":["GET"]}}],"collection":[{"href":"https:\/\/flags-world.com\/lv\/wp-json\/wp\/v2\/posts"}],"about":[{"href":"https:\/\/flags-world.com\/lv\/wp-json\/wp\/v2\/types\/post"}],"author":[{"embeddable":true,"href":"https:\/\/flags-world.com\/lv\/wp-json\/wp\/v2\/users\/1"}],"replies":[{"embeddable":true,"href":"https:\/\/flags-world.com\/lv\/wp-json\/wp\/v2\/comments?post=1527"}],"version-history":[{"count":0,"href":"https:\/\/flags-world.com\/lv\/wp-json\/wp\/v2\/posts\/1527\/revisions"}],"wp:featuredmedia":[{"embeddable":true,"href":"https:\/\/flags-world.com\/lv\/wp-json\/wp\/v2\/media\/5793"}],"wp:attachment":[{"href":"https:\/\/flags-world.com\/lv\/wp-json\/wp\/v2\/media?parent=1527"}],"wp:term":[{"taxonomy":"category","embeddable":true,"href":"https:\/\/flags-world.com\/lv\/wp-json\/wp\/v2\/categories?post=1527"},{"taxonomy":"post_tag","embeddable":true,"href":"https:\/\/flags-world.com\/lv\/wp-json\/wp\/v2\/tags?post=1527"}],"curies":[{"name":"wp","href":"https:\/\/api.w.org\/{rel}","templated":true}]}}