{"id":1525,"date":"2021-01-04T17:18:10","date_gmt":"2021-01-04T14:18:10","guid":{"rendered":"https:\/\/flags-world.com\/lv\/2021\/01\/04\/belizas-karogs-nozme-un-krsas\/"},"modified":"2021-01-04T17:18:10","modified_gmt":"2021-01-04T14:18:10","slug":"belizas-karogs-nozme-un-krsas","status":"publish","type":"post","link":"https:\/\/flags-world.com\/lv\/belizas-karogs-nozme-un-krsas\/","title":{"rendered":"Belizas karogs: noz\u012bme un kr\u0101sas"},"content":{"rendered":"<p>Belizas karogs \u2014 zils taisnst\u016brveida audums ar malu attiec\u012bbu 2:3. Saska\u0146\u0101 ar karoga apak\u0161\u0113jo un aug\u0161\u0113jo malu iziet 2 sarkanas \u0161auras sloksnes. Karoga vid\u016b ir Belizas z\u012bme. \u0122erbonis ir baltas kr\u0101sas aplis, kura izskatu rot\u0101 50 lapu &quot;vainags&quot;. Ap\u013ca iek\u0161pus\u0113 atrodas sarkans koks, kas ie\u0146em noz\u012bm\u012bgu vietu valsts ekonomik\u0101 un ar\u012b \u0161\u0137iet noz\u012bm\u012bga eksporta prece.<\/p>\n<p>Pirms koka &#8211; vairogs, sadal\u012bts 3 da\u013c\u0101s. 2. aug\u0161da\u013c\u0101 &#8211; kokgriez\u0113ju darbar\u012bki, kas reiz vieni pa\u0161i ierad\u0101s valst\u012b no 1. kop\u0101 ar eiropie\u0161iem: l\u0101psti\u0146a un \u0101murs uz balta fona, z\u0101\u0123is un aksondzeltens. Apak\u0161\u0113j\u0101 tre\u0161da\u013c\u0101 &#8211; buru ku\u0123is, kas peld pa j\u016bru un krasta malu.<\/p>\n<p>Vairogu no 2 pus\u0113m atbalsta 2 cilv\u0113ku fig\u016bras: metiss ar cirvi un mulats kop\u0101 ar l\u0101psti\u0146u. Zem vairoga ir valsts dev\u012bze: &quot;Sub Umbra Floreo&quot; &#8211; &quot;Zem Seniusa uzplaukums&quot;.<\/p>\n<p style=\"text-align: justify\">Katrai vald\u012bbai ir sava simbolika, kas tiek att\u0113lota k\u0101 karogs, himna un \u0123erbonis. Iedz\u012bvot\u0101jiem j\u0101izr\u0101da cie\u0146a pret savas valsts at\u0161\u0137ir\u012bgo simbolu, tas j\u0101lasa un j\u0101izmanto tikai mierm\u012bl\u012bgiem nol\u016bkiem. Karog\u0101, embl\u0113m\u0101s un embl\u0113m\u0101s izmantot\u0101s kr\u0101sas atspogu\u013co nopietnus v\u0113sturiskus aktus, izmitin\u0101\u0161anu, ekonomiku un valsts kult\u016bras un reli\u0123isk\u0101s roz\u012bnes.<\/p>\n<p style=\"text-align: justify\">T\u0101tad Belizas karogs izskat\u0101s:<\/p>\n<p style=\"text-align: justify\"><span itemprop=\"image\" itemscope itemtype=\"https:\/\/schema.org\/ImageObject\"><img itemprop=\"url image\" loading=\"lazy\" decoding=\"async\" class=\"alignnone wp-image-3133\" src=\"\/wp-content\/uploads\/2021\/01\/flag-of-belize_1.png\" width=\"500\" height=\"333\" alt=\"Belizas karogs-1\" \/><meta itemprop=\"width\" content=\"500\"><meta itemprop=\"height\" content=\"333\"><\/span><\/p>\n<h2 style=\"text-align: justify\">Belizas v\u0113stures karogs<\/h2>\n<p style=\"text-align: justify\">M\u016bsdienu Belizas pa\u0161vald\u012bbas karogs tika uz\u0146emts 1981. gada 21. septembr\u012b. \u0160aj\u0101 gad\u0101 valsts ieguva neatkar\u012bbu no Anglijas. Pirms atvieno\u0161anas valsts tika nosaukta par ang\u013cu Hondurasu, un 1907.\u00a0gada janv\u0101r\u012b tai bija otrais simbols, ko vi\u0146\u0161 apkalpoja l\u012bdz 1919.\u00a0gadam. V\u0113l\u0101k karogs ir piedz\u012bvojis p\u0101rv\u0113rt\u012bbas un s\u0101ka izskat\u012bties k\u0101 moderns, ta\u010du nebija sarkanu joslu aug\u0161\u0101 un no apak\u0161as. \u0160\u0101d\u0101 form\u0101 karogs tika izmantots ar\u012b pirms Belizas neatkar\u012bbas pasludin\u0101\u0161anas.<\/p>\n<p style=\"text-align: justify\"><span itemprop=\"image\" itemscope itemtype=\"https:\/\/schema.org\/ImageObject\"><img itemprop=\"url image\" loading=\"lazy\" decoding=\"async\" class=\"alignnone wp-image-3134\" src=\"\/wp-content\/uploads\/2021\/01\/flag-of-belize_2.png\" width=\"500\" height=\"250\" alt=\"Belizas karogs-2\" \/><meta itemprop=\"width\" content=\"500\"><meta itemprop=\"height\" content=\"250\"><\/span><\/p>\n<p style=\"text-align: justify\"><span itemprop=\"image\" itemscope itemtype=\"https:\/\/schema.org\/ImageObject\"><img itemprop=\"url image\" loading=\"lazy\" decoding=\"async\" class=\"alignnone wp-image-3135\" src=\"\/wp-content\/uploads\/2021\/01\/flag-of-belize_3.png\" width=\"500\" height=\"332\" alt=\"Belizas karogs-3\" \/><meta itemprop=\"width\" content=\"500\"><meta itemprop=\"height\" content=\"332\"><\/span><\/p>\n<p style=\"text-align: justify\"><span itemprop=\"image\" itemscope itemtype=\"https:\/\/schema.org\/ImageObject\"><img itemprop=\"url image\" loading=\"lazy\" decoding=\"async\" class=\"alignnone wp-image-3136\" src=\"\/wp-content\/uploads\/2021\/01\/flag-of-belize_4.png\" width=\"500\" height=\"250\" alt=\"Belizas-4 karogs\" \/><meta itemprop=\"width\" content=\"500\"><meta itemprop=\"height\" content=\"250\"><\/span><\/p>\n<h2 style=\"text-align: justify\">Apraksts<\/h2>\n<p style=\"text-align: justify\">Pieejams Belizas karogs, kura malu attiec\u012bba ir pietiekami augsta 2:3. Fona galven\u0101 kr\u0101sa ir zila, sarkan\u0101 sv\u012btra atrodas apak\u0161\u0113j\u0101 un aug\u0161\u0113j\u0101 mal\u0101. Centr\u0101 ir pie\u013caujams paman\u012bt Belizas valsts \u0123erboni, kas izskat\u0101s k\u0101 sniegbalts aplis, kura aug\u0161pus\u0113 ir za\u013cganu lapu vainags.<\/p>\n<blockquote>\n<p style=\"text-align: justify\">Ap\u013ca centr\u0101 izvietotais koks par\u0101da galvenos ien\u0101kumus no eksporta valst\u012b.<\/p>\n<\/blockquote>\n<p style=\"text-align: justify\">Vairogs ir novietots koka priek\u0161\u0101, t\u0101 virsma ir sadal\u012bta tr\u012bs da\u013c\u0101s. Div\u0101s galotn\u0113s ir kokgriezumu instrumenti: cirvis un dz\u0113riens uz dzeltena un l\u0101psti\u0146a un \u0101murs uz balta fona. Div\u012bzijas apak\u0161\u0101 pa vi\u013c\u0146iem peld buru ku\u0123is. Kreisaj\u0101 un kreisaj\u0101 pus\u0113 no vairoga ir divi cilv\u0113ki: mulats, kas tur airi, un re\u017e\u0123is ar cirvi rok\u0101. Ap\u013ca apak\u0161\u0101 uz lentes fona rakst\u012bts valsts Belizas dev\u012bze.<\/p>\n<h2 style=\"text-align: justify\">Kr\u0101su Belizas karogs<\/h2>\n<p style=\"text-align: justify\">Uz Belizas \u0161tata karoga ir aptuveni 12 kr\u0101sas, kas ir rekords otr\u0101 \u0161tata baneru vid\u016b. No tiem ir 6 galven\u0101s: sarkana, zila, za\u013ca, balta, dzeltena un br\u016bna.<\/p>\n<h2 style=\"text-align: justify\">Belizas kr\u0101su karoga noz\u012bme<\/h2>\n<p style=\"text-align: justify\">Galvas fona kr\u0101sas ir valsts politisk\u0101s partijas. Zils &#8211; t\u0101 ir Belizas apvienot\u0101 Tautas partija, bet sarkan\u0101 &#8211; Demokr\u0101tisk\u0101 partija. Kompoz\u012bcijas centr\u0101 atrodas vainags uz balta fona satur 50 ol\u012bvu lapas, kas ir atteiktas l\u012bdz 1950. gadam, taj\u0101 laik\u0101, taj\u0101 laik\u0101, taj\u0101 laik\u0101, taj\u0101 laik\u0101, savuk\u0101rt valstij bija 2 nosaukumi &#8211; ang\u013cu Hondurasa. Tie\u0161i \u0161aj\u0101 gad\u0101 Beliza s\u0101ka c\u012b\u0146u par neatkar\u012bbu no Apvienot\u0101s Karalistes.<\/p>\n<p style=\"text-align: justify\">Ap\u013ca centr\u0101 at\u013cauts paman\u012bt sarkano koku, tas nor\u0101da, ka 1.eiropie\u0161i valst\u012b nodarboju\u0161ies ar piem\u0113rotu \u0161\u0137ir\u0146u koksnes sugu laup\u012bjumu. Uz vairoga att\u0113lotie darbar\u012bki ar\u012b aizl\u016bdz par valsts iedz\u012bvot\u0101ju vingrin\u0101jumiem, un ku\u0123is ir saist\u012bts ar transportu un j\u016bras tirdzniec\u012bbu.<\/p>\n<blockquote>\n<p style=\"text-align: justify\">Atsauce! Cilv\u0113ku ar at\u0161\u0137ir\u012bgu \u0101das kr\u0101su skait\u013ci par\u0101d\u012bti p\u0113c iedz\u012bvot\u0101ju rasu pieder\u012bbas: metijs un mulati.<\/p>\n<\/blockquote>\n<p style=\"text-align: justify\">Interesanti, ka uzraksts uz lentes, kas novietota zem Balt\u0101 ap\u013ca, saka &quot;Sub Umbra Floreo&quot;, ko at\u013cauts tulkot krievu valod\u0101 k\u0101 &quot;Es plaukstu \u0113n\u0101&quot;. Moto nor\u0101da uz Apvienot\u0101s Karalistes vald\u012bbas ietekmi. Bet Belizas neatkar\u012bbas ieg\u016b\u0161anas beig\u0101s fr\u0101ze uz karoga netika main\u012bta. Otro at\u0161\u0137ir\u012bbu no glob\u0101lajiem simboliem ir pie\u013caujams saukt par cilv\u0113ku t\u0113lu, kas padara Belizas karogu unik\u0101lu pasaul\u0113.<\/p>\n<h2 style=\"text-align: justify\">Nespecializ\u0113ta inform\u0101cija par Belizu<\/h2>\n<table>\n<tbody>\n<tr style=\"text-align: justify\">\n<td>Ofici\u0101l\u0101 valoda<\/td>\n<td>Ang\u013cu<\/td>\n<\/tr>\n<tr style=\"text-align: justify\">\n<td>Kapit\u0101ls<\/td>\n<td>BELMOPAN<\/td>\n<\/tr>\n<tr style=\"text-align: justify\">\n<td>Teritorija<\/td>\n<td>22 966 km2<\/td>\n<\/tr>\n<tr style=\"text-align: justify\">\n<td>Popul\u0101cija<\/td>\n<td>399 598 cilv\u0113ki<\/td>\n<\/tr>\n<tr style=\"text-align: justify\">\n<td>Val\u016bta<\/td>\n<td>Baltais dol\u0101rs (BZD, kods 84)<\/td>\n<\/tr>\n<tr>\n<td style=\"text-align: justify\">Telefona kods<\/td>\n<td style=\"text-align: justify\">+501<\/td>\n<\/tr>\n<\/tbody>\n<\/table>\n","protected":false},"excerpt":{"rendered":"<p>Belizas karogs \u2014 zils taisnst\u016brveida audums ar malu attiec\u012bbu 2:3. Saska\u0146\u0101 ar karoga apak\u0161\u0113jo un aug\u0161\u0113jo malu iziet 2 sarkanas \u0161auras sloksnes. Karoga vid\u016b ir Belizas z\u012bme. \u0122erbonis&#8230;<\/p>\n","protected":false},"author":1,"featured_media":5792,"comment_status":"open","ping_status":"open","sticky":false,"template":"","format":"standard","meta":{"footnotes":""},"categories":[6],"tags":[],"class_list":["post-1525","post","type-post","status-publish","format-standard","has-post-thumbnail","","category-ziemeamerikas-karogi"],"aioseo_notices":[],"_links":{"self":[{"href":"https:\/\/flags-world.com\/lv\/wp-json\/wp\/v2\/posts\/1525","targetHints":{"allow":["GET"]}}],"collection":[{"href":"https:\/\/flags-world.com\/lv\/wp-json\/wp\/v2\/posts"}],"about":[{"href":"https:\/\/flags-world.com\/lv\/wp-json\/wp\/v2\/types\/post"}],"author":[{"embeddable":true,"href":"https:\/\/flags-world.com\/lv\/wp-json\/wp\/v2\/users\/1"}],"replies":[{"embeddable":true,"href":"https:\/\/flags-world.com\/lv\/wp-json\/wp\/v2\/comments?post=1525"}],"version-history":[{"count":0,"href":"https:\/\/flags-world.com\/lv\/wp-json\/wp\/v2\/posts\/1525\/revisions"}],"wp:featuredmedia":[{"embeddable":true,"href":"https:\/\/flags-world.com\/lv\/wp-json\/wp\/v2\/media\/5792"}],"wp:attachment":[{"href":"https:\/\/flags-world.com\/lv\/wp-json\/wp\/v2\/media?parent=1525"}],"wp:term":[{"taxonomy":"category","embeddable":true,"href":"https:\/\/flags-world.com\/lv\/wp-json\/wp\/v2\/categories?post=1525"},{"taxonomy":"post_tag","embeddable":true,"href":"https:\/\/flags-world.com\/lv\/wp-json\/wp\/v2\/tags?post=1525"}],"curies":[{"name":"wp","href":"https:\/\/api.w.org\/{rel}","templated":true}]}}