{"id":1524,"date":"2021-01-04T17:18:10","date_gmt":"2021-01-04T14:18:10","guid":{"rendered":"https:\/\/flags-world.com\/lv\/2021\/01\/04\/beijas-karogs-foto-un-krsas\/"},"modified":"2021-01-04T17:18:10","modified_gmt":"2021-01-04T14:18:10","slug":"beijas-karogs-foto-un-krsas","status":"publish","type":"post","link":"https:\/\/flags-world.com\/lv\/beijas-karogs-foto-un-krsas\/","title":{"rendered":"Be\u013c\u0123ijas karogs: foto un kr\u0101sas"},"content":{"rendered":"<p style=\"text-align: justify\">Be\u013c\u0123ijas karoga kr\u0101sas tradicion\u0101li bija Brabantes hercogistes kr\u0101sas. Formas pamat\u0101 ir Francijas karoga forma, lai gan proporciju 13:15 izcelsme nav zin\u0101ma.<\/p>\n<p style=\"text-align: justify\">Nav svar\u012bgi, kurai valstij ir person\u012bgais karogs, l\u012bdztekus tam tas ir kr\u0101sots kr\u0101s\u0101s, kur\u0101m ir noteikta b\u016bt\u012bba un at\u0161ifr\u0113jums valsts v\u0113sturei. Iev\u0113rojami bie\u017e\u0101k t\u0101 ir taisnst\u016brveida auduma vaina. At\u0161\u0137ir\u012bb\u0101 no rekl\u0101mkarogu karogiem, ir lielas masveida ra\u017eo\u0161anas produkts.<\/p>\n<p style=\"text-align: justify\">T\u0101tad izskat\u0101s p\u0113c Be\u013c\u0123ijas karoga: foto<\/p>\n<p style=\"text-align: justify\"><span itemprop=\"image\" itemscope itemtype=\"https:\/\/schema.org\/ImageObject\"><img itemprop=\"url image\" loading=\"lazy\" decoding=\"async\" class=\"alignnone wp-image-3146\" src=\"\/wp-content\/uploads\/2021\/01\/flag-of-belgium_1.png\" width=\"500\" height=\"433\" alt=\"Be\u013c\u0123ijas karogs-1\" \/><meta itemprop=\"width\" content=\"500\"><meta itemprop=\"height\" content=\"433\"><\/span><\/p>\n<h2 style=\"text-align: justify\">Be\u013c\u0123ijas karoga v\u0113sture<\/h2>\n<p style=\"text-align: justify\">Pie\u0146emts ar Be\u013c\u0123ijas karogu, tika pie\u0146emts 1831. gada 23. janv\u0101r\u012b. Izskata iez\u012bmes ir noteiktas pant\u0101 Nr. Be\u013c\u0123ijas Konstit\u016bcijas 193. pantu. Revol\u016bcijas laik\u0101 XIX gadsimta 30. gadu pirmaj\u0101 pus\u0113 dienvidu provinces bija br\u012bvas no N\u012bderlandes kara\u013cvalst\u012bm, kas bija Be\u013c\u0123ijas karalistes dibin\u0101\u0161anas s\u0101kums.<\/p>\n<p style=\"text-align: justify\">Virs valsts tika pacelta ar pa\u0161vald\u012bbas simbolu. Kr\u0101su joslu izvietojums tika atk\u0101rtots tr\u012bskr\u0101sains, ko revolucion\u0101ri izmantoja asto\u0146padsmit\u0101 gadsimta 90. gadu 2. pus\u0113 Brabant\u0101. Konkr\u0113ti, tad par pest\u012b\u0161anas valst\u012bm un pirmo neatkar\u012bbas m\u0113\u0123in\u0101jumu no kundz\u012bbas tiek pasludin\u0101ta Austrija.<\/p>\n<blockquote>\n<p style=\"text-align: justify\">Be\u013c\u0123ijas valstis past\u0101v\u0113ja maz\u0101k nek\u0101 gadu, bet m\u0113\u0123in\u0101jums atsevi\u0161\u0137i ietekm\u0113t n\u0101kotnes v\u0113stures gaitu.<\/p>\n<\/blockquote>\n<p style=\"text-align: justify\">Sacel\u0161an\u0101s Brabant\u0101 izmantoja simbolus ar kr\u0101sainu sv\u012btru horizont\u0101lu izvietojumu. No apak\u0161as bija zelta kr\u0101sa, kuras beig\u0101s tum\u0161\u0101 centr\u0101 un sarkan\u0101 kr\u0101sa nosl\u0113dza kompoz\u012bciju. Revol\u016bcijas beig\u0101s pagaidu vald\u012bba main\u012bja joslu orient\u0101ciju uz vertik\u0101li. P\u0113c 14 dien\u0101m karogs k\u013cuva par Be\u013c\u0123ijas konstit\u016bcijas valsts objektu.<\/p>\n<p style=\"text-align: justify\"><span itemprop=\"image\" itemscope itemtype=\"https:\/\/schema.org\/ImageObject\"><img itemprop=\"url image\" loading=\"lazy\" decoding=\"async\" class=\"alignnone wp-image-3147\" src=\"\/wp-content\/uploads\/2021\/01\/flag-of-belgium_2.png\" alt=\"Be\u013c\u0123ijas karogs-2\" width=\"422\" height=\"281\" \/><meta itemprop=\"width\" content=\"422\"><meta itemprop=\"height\" content=\"281\"><\/span><\/p>\n<h2 style=\"text-align: justify\">Apraksts Be\u013c\u0123ijas karogs<\/h2>\n<p style=\"text-align: justify\">Be\u013c\u0123ijas karalistes simbols ir t\u012bkls, ko p\u0101rrauj tr\u012bs vertik\u0101las sv\u012btras. Tam ir taisnst\u016bra forma ar malu attiec\u012bbu 13:15. Civiliedz\u012bvot\u0101jiem ir nepiecie\u0161ams izmantot audeklu, kura proporcijas ir 2:3, kas nav pretrun\u0101 ar Be\u013c\u0123ijas konstit\u016bciju. Virs kara\u013ca pils, kas atrodas Brisel\u0113, karogs, kura \u0113ze\u013ci ir proporcij\u0101 4:3.<\/p>\n<p style=\"text-align: justify\"><span itemprop=\"image\" itemscope itemtype=\"https:\/\/schema.org\/ImageObject\"><img itemprop=\"url image\" loading=\"lazy\" decoding=\"async\" class=\"alignnone wp-image-3148\" src=\"\/wp-content\/uploads\/2021\/01\/flag-of-belgium_3.png\" width=\"500\" height=\"333\" alt=\"Be\u013c\u0123ijas karogs-3\" \/><meta itemprop=\"width\" content=\"500\"><meta itemprop=\"height\" content=\"333\"><\/span><\/p>\n<p style=\"text-align: justify\">Tas skaidrojams ar \u012bpa\u0161\u012bbu roz\u012bn\u0113m, t\u0101dus izm\u0113rus viegl\u0101k uztvert tiem, kas dab\u016b dibenu.<\/p>\n<p style=\"text-align: justify\">Be\u013c\u0123ijas kara\u013cvalsts civilo karogu vienlaikus izmanto flote. Bet trad\u012bcijas ir izveidoju\u0161\u0101s cit\u0101 gad\u012bjum\u0101, un armijas karogs izskat\u0101s otrais. Uz balta fona centr\u0101 ir Andrejevska krusts, kas nokr\u0101sots lielisk\u0101s kr\u0101s\u0101s: tum\u0161\u0101, sarkan\u0101 un zeltain\u0101 kr\u0101s\u0101. Korona un divi sakrustoti lielgabali atrodas aug\u0161pus\u0113. Enkurs ir novietots simetriski zem\u0101k par centr\u0101lo punktu.<\/p>\n<p style=\"text-align: justify\"><span itemprop=\"image\" itemscope itemtype=\"https:\/\/schema.org\/ImageObject\"><img itemprop=\"url image\" loading=\"lazy\" decoding=\"async\" class=\"alignnone wp-image-3149\" src=\"\/wp-content\/uploads\/2021\/01\/flag-of-belgium_4.png\" alt=\"Be\u013c\u0123ijas karogs-4\" width=\"484\" height=\"322\" \/><meta itemprop=\"width\" content=\"484\"><meta itemprop=\"height\" content=\"322\"><\/span><\/p>\n<p style=\"text-align: justify\">Neskaitot civilo un milit\u0101ro, Be\u013c\u0123ijas karalistei ir vald\u012bbas karogs. Uz audekla, neskaitot slikt\u0101s vertik\u0101l\u0101s joslas, ir uzz\u012bm\u0113ta lauva, kas st\u0101v uz paka\u013ck\u0101j\u0101m, un monarha kronis. Vi\u0146i iepriek\u0161 izmantoja J\u016bras sp\u0113ku, s\u0101kot no 1936.\u00a0gada. Fa\u0161istisk\u0101s V\u0101cijas sagr\u0101b\u0161anas beig\u0101s Be\u013c\u0123ijas zemes karogs tika atcelts, un XX gadsimta 50. gadu pirmaj\u0101 pus\u0113 to s\u0101ka izmantot k\u0101 valsts z\u012bmi.<\/p>\n<p style=\"text-align: justify\"><span itemprop=\"image\" itemscope itemtype=\"https:\/\/schema.org\/ImageObject\"><img itemprop=\"url image\" loading=\"lazy\" decoding=\"async\" class=\"alignnone wp-image-3150\" src=\"\/wp-content\/uploads\/2021\/01\/flag-of-belgium_5.png\" width=\"500\" height=\"333\" alt=\"Be\u013c\u0123ijas karogs-5\" \/><meta itemprop=\"width\" content=\"500\"><meta itemprop=\"height\" content=\"333\"><\/span><\/p>\n<h2 style=\"text-align: justify\">Be\u013c\u0123ijas karoga kr\u0101sas<\/h2>\n<p style=\"text-align: justify\">Be\u013c\u0123ijas karalistes karog\u0101 ir tr\u012bs vertik\u0101las platas monotona izm\u0113ra joslas. Kreisaj\u0101 pus\u0113 ir melna kr\u0101sa, kuras beig\u0101s ir dzelten\u0101 centr\u0101 un sarkan\u0101 labaj\u0101 pus\u0113.<\/p>\n<h2 style=\"text-align: justify\">Be\u013c\u0123ijas karoga kr\u0101sas noz\u012bme<\/h2>\n<p style=\"text-align: justify\">Nav noz\u012bmes tam, kura josla personific\u0113 k\u0101du no nopietnajiem valst\u012bbas re\u0123ioniem. Melns pieder Brabantam, dzeltens ir Flandrijas \u0123erbonis, bet sarkans ir \u0112no simbols.<\/p>\n<p style=\"text-align: justify\">Ja secin\u0101t otro avotu, visas tr\u012bs kr\u0101sas pieder Brabantes hercogistei, s\u0101kot no XII gadsimta un ir Be\u013c\u0123ijas 1830.\u00a0gada revol\u016bcijas z\u012bme.<\/p>\n<p style=\"text-align: justify\">Parasti ir aizliegts satikties ar konstrukcij\u0101m uz valsts un izgl\u012bt\u012bbas iest\u0101\u017eu \u0113k\u0101m. Sv\u0113tkos cilv\u0113ki \u0146em l\u012bdzi suven\u012bru z\u012bmes, n\u0113s\u0101 t\u0101s ar t\u0101m, stiprina automa\u0161\u012bnas un izrot\u0101 dz\u012bvojam\u0101s \u0113kas. Par valsts z\u012bmes apg\u0101n\u012b\u0161anu soda ar br\u012bv\u012bbas at\u0146em\u0161anu un naudas sodu septi\u0146as dienas pirms gada.<\/p>\n<h2 style=\"text-align: justify\">Nespecializ\u0113ta inform\u0101cija par Be\u013c\u0123iju<\/h2>\n<table>\n<tbody>\n<tr style=\"text-align: justify\">\n<td>Ofici\u0101l\u0101 valoda<\/td>\n<td>N\u012bderlande, fran\u010du un v\u0101cu valoda<\/td>\n<\/tr>\n<tr style=\"text-align: justify\">\n<td>Kapit\u0101ls<\/td>\n<td>Brisele<\/td>\n<\/tr>\n<tr style=\"text-align: justify\">\n<td>Teritorija<\/td>\n<td>30 528 km2<\/td>\n<\/tr>\n<tr style=\"text-align: justify\">\n<td>Popul\u0101cija<\/td>\n<td>11 480 534 cilv\u0113ki<\/td>\n<\/tr>\n<tr style=\"text-align: justify\">\n<td>Val\u016bta<\/td>\n<td>Eiro (\u20ac), (EUR, kods 978)<\/td>\n<\/tr>\n<tr>\n<td style=\"text-align: justify\">Telefona kods<\/td>\n<td style=\"text-align: justify\">+32<\/td>\n<\/tr>\n<\/tbody>\n<\/table>\n","protected":false},"excerpt":{"rendered":"<p>Be\u013c\u0123ijas karoga kr\u0101sas tradicion\u0101li bija Brabantes hercogistes kr\u0101sas. Formas pamat\u0101 ir Francijas karoga forma, lai gan proporciju 13:15 izcelsme nav zin\u0101ma. Nav svar\u012bgi, kurai valstij ir person\u012bgais karogs,&#8230;<\/p>\n","protected":false},"author":1,"featured_media":5791,"comment_status":"open","ping_status":"open","sticky":false,"template":"","format":"standard","meta":{"footnotes":""},"categories":[3],"tags":[],"class_list":["post-1524","post","type-post","status-publish","format-standard","has-post-thumbnail","","category-eiropas-karogi"],"aioseo_notices":[],"_links":{"self":[{"href":"https:\/\/flags-world.com\/lv\/wp-json\/wp\/v2\/posts\/1524","targetHints":{"allow":["GET"]}}],"collection":[{"href":"https:\/\/flags-world.com\/lv\/wp-json\/wp\/v2\/posts"}],"about":[{"href":"https:\/\/flags-world.com\/lv\/wp-json\/wp\/v2\/types\/post"}],"author":[{"embeddable":true,"href":"https:\/\/flags-world.com\/lv\/wp-json\/wp\/v2\/users\/1"}],"replies":[{"embeddable":true,"href":"https:\/\/flags-world.com\/lv\/wp-json\/wp\/v2\/comments?post=1524"}],"version-history":[{"count":0,"href":"https:\/\/flags-world.com\/lv\/wp-json\/wp\/v2\/posts\/1524\/revisions"}],"wp:featuredmedia":[{"embeddable":true,"href":"https:\/\/flags-world.com\/lv\/wp-json\/wp\/v2\/media\/5791"}],"wp:attachment":[{"href":"https:\/\/flags-world.com\/lv\/wp-json\/wp\/v2\/media?parent=1524"}],"wp:term":[{"taxonomy":"category","embeddable":true,"href":"https:\/\/flags-world.com\/lv\/wp-json\/wp\/v2\/categories?post=1524"},{"taxonomy":"post_tag","embeddable":true,"href":"https:\/\/flags-world.com\/lv\/wp-json\/wp\/v2\/tags?post=1524"}],"curies":[{"name":"wp","href":"https:\/\/api.w.org\/{rel}","templated":true}]}}