{"id":1522,"date":"2021-01-04T17:18:10","date_gmt":"2021-01-04T14:18:10","guid":{"rendered":"https:\/\/flags-world.com\/lv\/2021\/01\/04\/bangladeas-karogs-attls-un-nozme\/"},"modified":"2021-01-04T17:18:10","modified_gmt":"2021-01-04T14:18:10","slug":"bangladeas-karogs-attls-un-nozme","status":"publish","type":"post","link":"https:\/\/flags-world.com\/lv\/bangladeas-karogs-attls-un-nozme\/","title":{"rendered":"Banglade\u0161as karogs: att\u0113ls un noz\u012bme"},"content":{"rendered":"<p style=\"text-align: justify\">Banglade\u0161as karogs \u2013 taisnst\u016brveida za\u013c\u0161 audums ar s\u0101nu malu attiec\u012bbu 3:5. Gandr\u012bz karoga centr\u0101 ir sarkans aplis ar r\u0101diusu 1\/5 no karoga garuma. Ap\u013ca centrs\u00a0\u2014 punkts 9\/20 karoga garuma (no koka) un 1\/2 platuma krustpunkt\u0101. Atg\u0101dina Jap\u0101nas karogu cit\u0101 fon\u0101.<\/p>\n<p style=\"text-align: justify\">T\u0101tad m\u016bsdienu Banglade\u0161as karogs izskat\u0101s \u0161\u0101di:<\/p>\n<p style=\"text-align: justify\"><span itemprop=\"image\" itemscope itemtype=\"https:\/\/schema.org\/ImageObject\"><img itemprop=\"url image\" loading=\"lazy\" decoding=\"async\" class=\"alignnone wp-image-3162\" src=\"\/wp-content\/uploads\/2021\/01\/flag-of-bangladesh_1.png\" width=\"500\" height=\"300\" alt=\"Banglade\u0161as-1 karogs\" \/><meta itemprop=\"width\" content=\"500\"><meta itemprop=\"height\" content=\"300\"><\/span><\/p>\n<p style=\"text-align: justify\">Banglade\u0161as Tautas Republika, valsts Dienvid\u0101zij\u0101, ilgu laiku pameta Indiju, un tur bija Anglijas kolonija. Sp\u0113c\u012bga kara ar Pakist\u0101nu beig\u0101s vald\u012bba ieguva ofici\u0101lu neatkar\u012bbu. Un divdesmit\u0101 gadsimta 70. gadu pirmaj\u0101 pus\u0113 tika uz\u0146emts person\u012bgais pa\u0161vald\u012bbas karogs.<\/p>\n<h2 style=\"text-align: justify\">Banglade\u0161as karoga v\u0113sture<\/h2>\n<p style=\"text-align: justify\">Karogs t\u0101d\u0101 form\u0101, k\u0101d\u0101 tas past\u0101v \u0161obr\u012bd, pie\u0146emts 1972. gada 17. janv\u0101r\u012b. Lai vi\u0146\u0161 at\u0161\u0137irtos no Pakist\u0101nas, tika pie\u0146emts neizmantot pusm\u0113ness un zvaigznes &#8211; isl\u0101ma reli\u0123ijas paz\u012bmes. S\u0101kum\u0101 starp apli bija valsts birojs, k\u0101 atlant\u0101.<\/p>\n<p style=\"text-align: justify\"><span itemprop=\"image\" itemscope itemtype=\"https:\/\/schema.org\/ImageObject\"><img itemprop=\"url image\" loading=\"lazy\" decoding=\"async\" class=\"alignnone wp-image-3163\" src=\"\/wp-content\/uploads\/2021\/01\/flag-of-bangladesh_2.png\" width=\"500\" height=\"300\" alt=\"Banglade\u0161as karogs-2\" \/><meta itemprop=\"width\" content=\"500\"><meta itemprop=\"height\" content=\"300\"><\/span><\/p>\n<p style=\"text-align: justify\">Bet gadu v\u0113l\u0101k vald\u012bba nol\u0113ma to no\u0146emt, jo bija gr\u016bti pareizi atveidot audekla ab\u0101s pus\u0113s. Gaismas gleznot\u0101ja-rad\u012bt\u0101ja v\u0101rds ir Kumrulls Hasans. Banglade\u0161a ir izvirz\u012bjusi Banglade\u0161u divdesmit\u0101 gadsimta 70. gadu pirmaj\u0101 pus\u0113. Bet v\u0113l\u0101k vi\u0146a dizains tika pabeigts, lai to lab\u0101k aprakst\u012btu vald\u012bba, kurai vi\u0146\u0161 pieder.<\/p>\n<p style=\"text-align: justify\">Banglade\u0161as karogs iek\u013cuva Ginesa rekordu gr\u0101mat\u0101 2013. gada 16. decembr\u012b k\u0101 liel\u0101ks karogs. Vi\u0146a rad\u012b\u0161an\u0101 bija iesaist\u012bti 27 117 cilv\u0113ki.<\/p>\n<h2 style=\"text-align: justify\">K\u0101 izskat\u0101s Republikas karogs<\/h2>\n<p style=\"text-align: justify\">Karogs ir pieejams uz lauka. Aplis visp\u0101r neatrodas taisnst\u016bra centr\u0101, t\u0101 r\u0101dius\u0101 ir 2 l\u012bnijas. Viens no tiem ir izdar\u012bts \u0161auras joslas vid\u016b.<\/p>\n<p style=\"text-align: justify\">Banglade\u0161as gaisa sp\u0113ki izmanto tikko p\u0101rveidoto karoga opciju. Uz taisnst\u016bra zila fona aug\u0161pus\u0113 pie pamatnes ir maza valsts karoga kopija, bet lauka labaj\u0101-garaj\u0101 ceturksn\u012b &#8211; sarkans disks, kas ir redzams za\u013c\u0101 form\u0101. aplis.<\/p>\n<p style=\"text-align: justify\"><span itemprop=\"image\" itemscope itemtype=\"https:\/\/schema.org\/ImageObject\"><img itemprop=\"url image\" loading=\"lazy\" decoding=\"async\" class=\"alignnone wp-image-3164\" src=\"\/wp-content\/uploads\/2021\/01\/flag-of-bangladesh_3.png\" width=\"500\" height=\"250\" alt=\"Banglade\u0161as-3 karogs\" \/><meta itemprop=\"width\" content=\"500\"><meta itemprop=\"height\" content=\"250\"><\/span><\/p>\n<p style=\"text-align: justify\">Izsludin\u0101t\u0101s, kuras izmanto tirdzniec\u012bbas organiz\u0101cijas, at\u0161\u0137iras ar\u012b no valsts. Tie ir spilgti sarkani, taisnst\u016bra aug\u0161da\u013c\u0101 att\u0113lo Banglade\u0161as valsts z\u012bmi. \u0160o karogu izmanto ar\u012b pilso\u0146i uz person\u012bgajiem ku\u0123iem.<\/p>\n<p style=\"text-align: justify\"><span itemprop=\"image\" itemscope itemtype=\"https:\/\/schema.org\/ImageObject\"><img itemprop=\"url image\" loading=\"lazy\" decoding=\"async\" class=\"alignnone wp-image-3165\" src=\"\/wp-content\/uploads\/2021\/01\/flag-of-bangladesh_4.png\" width=\"500\" height=\"250\" alt=\"Banglade\u0161as-4 karogs\" \/><meta itemprop=\"width\" content=\"500\"><meta itemprop=\"height\" content=\"250\"><\/span><\/p>\n<p style=\"text-align: justify\">Navy piem\u0113ro ar\u012b 2. karogu. Uz balta taisnst\u016bra ir samazin\u0101ta \u0161tata versijas versija.<\/p>\n<p style=\"text-align: justify\"><span itemprop=\"image\" itemscope itemtype=\"https:\/\/schema.org\/ImageObject\"><img itemprop=\"url image\" loading=\"lazy\" decoding=\"async\" class=\"alignnone wp-image-3166\" src=\"\/wp-content\/uploads\/2021\/01\/flag-of-bangladesh_5.png\" width=\"500\" height=\"250\" alt=\"Banglade\u0161as karogs-5\" \/><meta itemprop=\"width\" content=\"500\"><meta itemprop=\"height\" content=\"250\"><\/span><\/p>\n<h2 style=\"text-align: justify\">Banglade\u0161as kr\u0101su karogs<\/h2>\n<p style=\"text-align: justify\">Ir tikai divi no tiem &#8211; za\u013c\u0161 un sarkans. Sarkans aplis za\u013c\u0101 taisnst\u016bra centr\u0101.<\/p>\n<h2 style=\"text-align: justify\">Ko noz\u012bm\u0113 karoga z\u012bmes un kr\u0101sas?<\/h2>\n<p style=\"text-align: justify\">Banglade\u0161as karoga za\u013cais lauks simboliz\u0113 isl\u0101mu &#8211; reli\u0123iju, kas ir pamats liel\u0101kajai da\u013cai valsts iedz\u012bvot\u0101ju, un bag\u0101t\u012bgu lauku ve\u0123et\u0101ciju. Jo ne velti vi\u0146ai pie\u0161\u0137irts tituls &quot;Za\u013c\u0101 valsts pasaul\u0113&quot;. Sarkans disks za\u013c\u0101 lauk\u0101 ir uzleco\u0161\u0101 saule, kas izgaismo neatkar\u012bbu un br\u012bvu valsti t\u0101s att\u012bst\u012bb\u0101.<\/p>\n<p style=\"text-align: justify\">Banglade\u0161a veica smagu un asi\u0146ainu ce\u013cu, lai ieg\u016btu valstiskumu un savu kopienu. Vec\u0101 civiliz\u0101cija \u0161aj\u0101 viet\u0101 rad\u0101s v\u0113l \u010detrus t\u016bksto\u0161us gadu, bet tikai piln\u012bgi sal\u012bdzin\u0101ma ne tik sen, kop\u0161 iedz\u012bvot\u0101jiem izdev\u0101s atgriezt savu nacion\u0101lo ideju. Un karogs nav tikai valsts z\u012bme, turkl\u0101t atg\u0101din\u0101jums par to, k\u0101 \u0161\u012b br\u012bv\u012bba rad\u0101s.<\/p>\n<h2 style=\"text-align: justify\">Nespecializ\u0113ta inform\u0101cija par Banglade\u0161u<\/h2>\n<table>\n<tbody>\n<tr style=\"text-align: justify\">\n<td>Ofici\u0101l\u0101 valoda<\/td>\n<td>Beng\u0101lija<\/td>\n<\/tr>\n<tr style=\"text-align: justify\">\n<td>Kapit\u0101ls<\/td>\n<td>Dakka<\/td>\n<\/tr>\n<tr style=\"text-align: justify\">\n<td>Teritorija<\/td>\n<td>148 460 km2<\/td>\n<\/tr>\n<tr style=\"text-align: justify\">\n<td>Popul\u0101cija<\/td>\n<td>162 650 853 cilv\u0113ki<\/td>\n<\/tr>\n<tr style=\"text-align: justify\">\n<td>Val\u016bta<\/td>\n<td>Taka (BDT, kods 050)<\/td>\n<\/tr>\n<tr>\n<td style=\"text-align: justify\">Telefona kods<\/td>\n<td style=\"text-align: justify\">+880<\/td>\n<\/tr>\n<\/tbody>\n<\/table>\n","protected":false},"excerpt":{"rendered":"<p>Banglade\u0161as karogs \u2013 taisnst\u016brveida za\u013c\u0161 audums ar s\u0101nu malu attiec\u012bbu 3:5. Gandr\u012bz karoga centr\u0101 ir sarkans aplis ar r\u0101diusu 1\/5 no karoga garuma. Ap\u013ca centrs\u00a0\u2014 punkts 9\/20 karoga&#8230;<\/p>\n","protected":false},"author":1,"featured_media":5788,"comment_status":"open","ping_status":"open","sticky":false,"template":"","format":"standard","meta":{"footnotes":""},"categories":[2],"tags":[],"class_list":["post-1522","post","type-post","status-publish","format-standard","has-post-thumbnail","","category-zijas-karogi"],"aioseo_notices":[],"_links":{"self":[{"href":"https:\/\/flags-world.com\/lv\/wp-json\/wp\/v2\/posts\/1522","targetHints":{"allow":["GET"]}}],"collection":[{"href":"https:\/\/flags-world.com\/lv\/wp-json\/wp\/v2\/posts"}],"about":[{"href":"https:\/\/flags-world.com\/lv\/wp-json\/wp\/v2\/types\/post"}],"author":[{"embeddable":true,"href":"https:\/\/flags-world.com\/lv\/wp-json\/wp\/v2\/users\/1"}],"replies":[{"embeddable":true,"href":"https:\/\/flags-world.com\/lv\/wp-json\/wp\/v2\/comments?post=1522"}],"version-history":[{"count":0,"href":"https:\/\/flags-world.com\/lv\/wp-json\/wp\/v2\/posts\/1522\/revisions"}],"wp:featuredmedia":[{"embeddable":true,"href":"https:\/\/flags-world.com\/lv\/wp-json\/wp\/v2\/media\/5788"}],"wp:attachment":[{"href":"https:\/\/flags-world.com\/lv\/wp-json\/wp\/v2\/media?parent=1522"}],"wp:term":[{"taxonomy":"category","embeddable":true,"href":"https:\/\/flags-world.com\/lv\/wp-json\/wp\/v2\/categories?post=1522"},{"taxonomy":"post_tag","embeddable":true,"href":"https:\/\/flags-world.com\/lv\/wp-json\/wp\/v2\/tags?post=1522"}],"curies":[{"name":"wp","href":"https:\/\/api.w.org\/{rel}","templated":true}]}}