{"id":1521,"date":"2021-01-04T17:18:10","date_gmt":"2021-01-04T14:18:10","guid":{"rendered":"https:\/\/flags-world.com\/lv\/2021\/01\/04\/bahreinas-karogs-foto-un-vsture\/"},"modified":"2021-01-04T17:18:10","modified_gmt":"2021-01-04T14:18:10","slug":"bahreinas-karogs-foto-un-vsture","status":"publish","type":"post","link":"https:\/\/flags-world.com\/lv\/bahreinas-karogs-foto-un-vsture\/","title":{"rendered":"Bahreinas karogs: foto un v\u0113sture"},"content":{"rendered":"<p style=\"text-align: justify\">Bahreinas karogs s\u0101kotn\u0113ji bija sarkans, atg\u0101dinot par musulma\u0146u sektas Harid\u017e\u012btu sektas kr\u0101s\u0101m. 1820. gad\u0101., Kad l\u012bgums tika nosl\u0113gts kop\u0101 ar Lielbrit\u0101niju, karoga pamatn\u0113 par\u0101d\u012bj\u0101s balta vertik\u0101la josla, kas simboliz\u0113 pasauli. 1933. gad\u0101, lai karogu at\u0161\u0137irtu no re\u0123iona karogiem, tiek ieviesta balta josla, ko ierobe\u017eo zigzags. Uz sauszemes to izmanto k\u0101 valsts, civilo un milit\u0101ro karogu, j\u016br\u0101 &#8211; k\u0101 civilo un milit\u0101ro karogu.<\/p>\n<p style=\"text-align: justify\">T\u0101tad m\u016bsdienu Bahreinas karogs izskat\u0101s \u0161\u0101di:<\/p>\n<p style=\"text-align: justify\"><span itemprop=\"image\" itemscope itemtype=\"https:\/\/schema.org\/ImageObject\"><img itemprop=\"url image\" loading=\"lazy\" decoding=\"async\" class=\"alignnone wp-image-3169\" src=\"\/wp-content\/uploads\/2021\/01\/flag-bahrain_1.png\" alt=\"Bahreinas karogs-1\" width=\"492\" height=\"295\" \/><meta itemprop=\"width\" content=\"492\"><meta itemprop=\"height\" content=\"295\"><\/span><\/p>\n<h2 style=\"text-align: justify\">Bahreinas v\u0113stures karogs<\/h2>\n<p style=\"text-align: justify\">Bahreinas Karalistes karoga gal\u012bg\u0101 versija tika pie\u0146emta 2002. gad\u0101.<\/p>\n<p style=\"text-align: justify\">Karoga 1. versijas bija vienkr\u0101sainas un piln\u012bgi sarkanas. Turpm\u0101k karogam s\u0101ka pievienot papildu kr\u0101sas, tas notika v\u0113sturisku notikumu ietekm\u0113.<\/p>\n<p style=\"text-align: justify\">Piln\u012bb\u0101 sarkanais karogs bija v\u0113sturisks atg\u0101din\u0101jums par agr\u012bno musulma\u0146u sektu Harijitovu, kam bija liela ietekme uz &quot;musulma\u0146u pasauli&quot; un uz &quot;Tuvajiem Austrumiem&quot; kopum\u0101.<\/p>\n<p style=\"text-align: justify\"><span itemprop=\"image\" itemscope itemtype=\"https:\/\/schema.org\/ImageObject\"><img itemprop=\"url image\" loading=\"lazy\" decoding=\"async\" class=\"alignnone wp-image-3170\" src=\"\/wp-content\/uploads\/2021\/01\/flag-bahrain_2.png\" width=\"500\" height=\"166\" alt=\"Bahreinas karogs-2\" \/><meta itemprop=\"width\" content=\"500\"><meta itemprop=\"height\" content=\"166\"><\/span><\/p>\n<p style=\"text-align: justify\">gados un devi\u0146padsmit\u0101 gadsimta 20. pus\u0113 starp Bahreinu un Angliju tika pan\u0101kts milit\u0101rs pamiers. Agr\u0101k briti iebruka Bahrein\u0101, lai reinkarn\u0113tu karalisti britu kolonij\u0101. K\u0101 z\u012bme tam, k\u0101 v\u0113lam\u0101s pasaules z\u012bme, karogam tika uzkl\u0101ta balta vertik\u0101la josla. Starp citu, v\u0113l\u0101k briti koloniz\u0113s Bahreinu, tas notiks 70. gadu pirmaj\u0101 pus\u0113 un gados, bet karoga dizains saglab\u0101jas, l\u012bdz \u0161\u012b pora paliks nemain\u012bga.<\/p>\n<p style=\"text-align: justify\"><span itemprop=\"image\" itemscope itemtype=\"https:\/\/schema.org\/ImageObject\"><img itemprop=\"url image\" loading=\"lazy\" decoding=\"async\" class=\"alignnone wp-image-3171\" src=\"\/wp-content\/uploads\/2021\/01\/flag-bahrain_3.png\" alt=\"Bahreinas-3 karogs\" width=\"472\" height=\"157\" \/><meta itemprop=\"width\" content=\"472\"><meta itemprop=\"height\" content=\"157\"><\/span><\/p>\n<p style=\"text-align: justify\">20.\u00a0gadsimta 30.\u00a0gadu pirmaj\u0101 pus\u0113, paliekot Lielbrit\u0101nijas programm\u0101, lai palielin\u0101tu karoga at\u0161\u0137ir\u012bgumu iesp\u0113jam\u0101 kaujas lauk\u0101 un pasaules politiskaj\u0101 kart\u0113, robe\u017ea starp sarkano un balto kr\u0101su ir izpl\u016bdusi un unikalit\u0101te ir izpl\u016bdusi. pievienots, ar zigzaga pievieno\u0161anas pal\u012bdz\u012bbu. Iepriek\u0161 sadal\u012bjums bija tikai vertik\u0101ls.<\/p>\n<p style=\"text-align: justify\"><span itemprop=\"image\" itemscope itemtype=\"https:\/\/schema.org\/ImageObject\"><img itemprop=\"url image\" loading=\"lazy\" decoding=\"async\" class=\"alignnone wp-image-3172\" src=\"\/wp-content\/uploads\/2021\/01\/flag-bahrain_4.png\" alt=\"Bahreinas-4 karogs\" width=\"417\" height=\"289\" \/><meta itemprop=\"width\" content=\"417\"><meta itemprop=\"height\" content=\"289\"><\/span><\/p>\n<p style=\"text-align: justify\">2002. gad\u0101 notiek p\u0113d\u0113j\u0101 redi\u0123\u0113\u0161ana &#8211; Bahreinas karogam tiek uzkl\u0101ti 5 balti tr\u012bsst\u016bri &#8211; isl\u0101ma stabu 5. z\u012bme. \u0160is notikums k\u013cuva par notikumu, kas izrais\u012bja neviennoz\u012bm\u012bgu pasaules sabiedr\u012bbas reakciju, vald\u012bba ir juridiski apstiprin\u0101jusi savu ap\u0146em\u0161anos iev\u0113rot \u0161ariatu (novecoju\u0161i pasaules k\u0101rt\u012bbas noteikumi, cilv\u0113ku likumi un reli\u0123iskie uzskati).<\/p>\n<p style=\"text-align: justify\"><span itemprop=\"image\" itemscope itemtype=\"https:\/\/schema.org\/ImageObject\"><img itemprop=\"url image\" loading=\"lazy\" decoding=\"async\" class=\"alignnone wp-image-3173\" src=\"\/wp-content\/uploads\/2021\/01\/flag-bahrain_5.png\" width=\"500\" height=\"300\" alt=\"Bahreinas-5 karogs\" \/><meta itemprop=\"width\" content=\"500\"><meta itemprop=\"height\" content=\"300\"><\/span><\/p>\n<h2 style=\"text-align: justify\">Bahreinas karoga apraksts<\/h2>\n<p style=\"text-align: justify\">Priv\u0101tais 3:5. Vizu\u0101li karogs ir sadal\u012bts liel\u0101 sarkan\u0101 pus\u0113 (vertik\u0101las sv\u012btras). Ir zigzaga l\u012bnija, ar joslas s\u0101kumu uz zigzaga brokast\u012bm un 4 beidzamiem trijst\u016bra st\u016briem &#8211; valsts lielo pils\u0113tu vienot\u012bba.<\/p>\n<h2 style=\"text-align: justify\">Karoga noz\u012bme un kr\u0101sa<\/h2>\n<ol style=\"text-align: justify\">\n<li>Sarkanais \u2013 ietekm\u012bga harid\u017e\u012btu sekta. \u0160\u012b seksta galven\u0101 reli\u0123isk\u0101 p\u0101rliec\u012bba ir savstarp\u0113ja pal\u012bdz\u012bba un vienl\u012bdz\u012bba visiem musulma\u0146iem.<\/li>\n<li>Balts (trijst\u016bri) &#8211; lojalit\u0101te isl\u0101mam un All\u0101ham.<\/li>\n<li>Balts &#8211; pamiers, gar\u012bgs un t\u012br\u012bbas pasaule.<\/li>\n<\/ol>\n<h2 style=\"text-align: justify\">Nespecializ\u0113ta inform\u0101cija par Bahreinu<\/h2>\n<table>\n<tbody>\n<tr style=\"text-align: justify\">\n<td>Ofici\u0101l\u0101 valoda<\/td>\n<td>ar\u0101bs<\/td>\n<\/tr>\n<tr style=\"text-align: justify\">\n<td>Kapit\u0101ls<\/td>\n<td>Manama<\/td>\n<\/tr>\n<tr style=\"text-align: justify\">\n<td>Teritorija<\/td>\n<td>766 km2<\/td>\n<\/tr>\n<tr style=\"text-align: justify\">\n<td>Popul\u0101cija<\/td>\n<td>1 505 003 cilv\u0113ki<\/td>\n<\/tr>\n<tr style=\"text-align: justify\">\n<td>Val\u016bta<\/td>\n<td>Bahreinas din\u0101rs<\/td>\n<\/tr>\n<tr>\n<td style=\"text-align: justify\">Telefona kods<\/td>\n<td style=\"text-align: justify\">+973<\/td>\n<\/tr>\n<\/tbody>\n<\/table>\n","protected":false},"excerpt":{"rendered":"<p>Bahreinas karogs s\u0101kotn\u0113ji bija sarkans, atg\u0101dinot par musulma\u0146u sektas Harid\u017e\u012btu sektas kr\u0101s\u0101m. 1820. gad\u0101., Kad l\u012bgums tika nosl\u0113gts kop\u0101 ar Lielbrit\u0101niju, karoga pamatn\u0113 par\u0101d\u012bj\u0101s balta vertik\u0101la josla, kas&#8230;<\/p>\n","protected":false},"author":1,"featured_media":5786,"comment_status":"open","ping_status":"open","sticky":false,"template":"","format":"standard","meta":{"footnotes":""},"categories":[2],"tags":[],"class_list":["post-1521","post","type-post","status-publish","format-standard","has-post-thumbnail","","category-zijas-karogi"],"aioseo_notices":[],"_links":{"self":[{"href":"https:\/\/flags-world.com\/lv\/wp-json\/wp\/v2\/posts\/1521","targetHints":{"allow":["GET"]}}],"collection":[{"href":"https:\/\/flags-world.com\/lv\/wp-json\/wp\/v2\/posts"}],"about":[{"href":"https:\/\/flags-world.com\/lv\/wp-json\/wp\/v2\/types\/post"}],"author":[{"embeddable":true,"href":"https:\/\/flags-world.com\/lv\/wp-json\/wp\/v2\/users\/1"}],"replies":[{"embeddable":true,"href":"https:\/\/flags-world.com\/lv\/wp-json\/wp\/v2\/comments?post=1521"}],"version-history":[{"count":0,"href":"https:\/\/flags-world.com\/lv\/wp-json\/wp\/v2\/posts\/1521\/revisions"}],"wp:featuredmedia":[{"embeddable":true,"href":"https:\/\/flags-world.com\/lv\/wp-json\/wp\/v2\/media\/5786"}],"wp:attachment":[{"href":"https:\/\/flags-world.com\/lv\/wp-json\/wp\/v2\/media?parent=1521"}],"wp:term":[{"taxonomy":"category","embeddable":true,"href":"https:\/\/flags-world.com\/lv\/wp-json\/wp\/v2\/categories?post=1521"},{"taxonomy":"post_tag","embeddable":true,"href":"https:\/\/flags-world.com\/lv\/wp-json\/wp\/v2\/tags?post=1521"}],"curies":[{"name":"wp","href":"https:\/\/api.w.org\/{rel}","templated":true}]}}