{"id":1519,"date":"2021-01-04T17:18:10","date_gmt":"2021-01-04T14:18:10","guid":{"rendered":"https:\/\/flags-world.com\/lv\/2021\/01\/04\/azerbaidnas-karogs-foto-krsas-un-nozmes\/"},"modified":"2021-01-04T17:18:10","modified_gmt":"2021-01-04T14:18:10","slug":"azerbaidnas-karogs-foto-krsas-un-nozmes","status":"publish","type":"post","link":"https:\/\/flags-world.com\/lv\/azerbaidnas-karogs-foto-krsas-un-nozmes\/","title":{"rendered":"Azerbaid\u017e\u0101nas karogs: foto, kr\u0101sas un noz\u012bmes"},"content":{"rendered":"<p style=\"text-align: justify\">Azerbaid\u017e\u0101nas karogs tika svin\u012bgi pie\u0146emts 1991. gada 5. febru\u0101r\u012b. Karogs ir tr\u012bskr\u0101su audums, horizont\u0101li izvietotas zilas, za\u013cas un sarkanas sv\u012btras. Sarkan\u0101s joslas karoga centr\u0101 ir asto\u0146staru zvaigznes un pusm\u0113ness. Abi att\u0113li balti. Azerbaid\u017e\u0101nas konstit\u016bcijas solidarit\u0101te, zil\u0101 kr\u0101sa uz karoga ir tradicion\u0101l\u0101 turku tautu kr\u0101sa un simboliz\u0113 &#8211; turku, sarkan\u0101 &#8211; progresu, za\u013c\u0101 &#8211; isl\u0101mu. Pusm\u0113ness nor\u0101da uz pieder\u012bbu isl\u0101ma reli\u0123ijai, asto\u0146staru zvaigzne apz\u012bm\u0113 asto\u0146as turku tautu nozares.<\/p>\n<blockquote>\n<p style=\"text-align: justify\">\u0160ai valstij ir personiskas at\u0161\u0137ir\u012bbas z\u012bmes. Starp tiem un Azerbaid\u017e\u0101nai, kam ir person\u012bgais karogs, himna un \u0123erbonis. Vismaz k\u0101da valsts simbolikas \u013caunpr\u0101t\u012bga izmanto\u0161ana tiek sod\u012bta juridiskaj\u0101 jom\u0101.<\/p>\n<\/blockquote>\n<p style=\"text-align: justify\">\u0160\u0101di izskat\u0101s m\u016bsdienu Azerbaid\u017e\u0101nas karogs: foto<\/p>\n<p style=\"text-align: justify\"><span itemprop=\"image\" itemscope itemtype=\"https:\/\/schema.org\/ImageObject\"><img itemprop=\"url image\" loading=\"lazy\" decoding=\"async\" class=\"alignnone wp-image-3185\" src=\"\/wp-content\/uploads\/2021\/01\/flag-azerbaijan_1.png\" width=\"500\" height=\"250\" alt=\"Azerbaid\u017e\u0101nas karogs-1\" \/><meta itemprop=\"width\" content=\"500\"><meta itemprop=\"height\" content=\"250\"><\/span><\/p>\n<h2 style=\"text-align: justify\">Azerbaid\u017e\u0101nas karoga v\u0113sture<\/h2>\n<p style=\"text-align: justify\">Azerbaid\u017e\u0101nas ofici\u0101l\u0101 statusa karogs pie\u0146emts 1918. gad\u0101. S\u0101kum\u0101 vi\u0146\u0161 p\u0101rst\u0101v\u0113ja Azerbaid\u017e\u0101nas Demokr\u0101tisko Republiku (ADR), bet t\u0101 past\u0101v\u0113ja tikai 2 gadus. Kuras beig\u0101s valsts k\u013cuva par br\u012bvvalsti, bet tr\u012bskr\u0101sa nemain\u012bj\u0101s. Karoga diena Azerbaid\u017e\u0101n\u0101 tiek svin\u0113ta 9. novembr\u012b no 2009. gada.<\/p>\n<p style=\"text-align: justify\">Daudzkr\u0101sainas tr\u012bskr\u0101sas rad\u012bt\u0101jam ir iev\u0113rojams filozofs un azerbaid\u017e\u0101\u0146u Dr. Ali Beks Huseinzade. S\u0101kotn\u0113ji t\u012bmeklis ar valsti. Simboli izvirz\u012bja Baku j\u016bras stacij\u0101, taj\u0101 laik\u0101, kad tika tur\u0113ts ang\u013cu \u0123ener\u0101lis Tomsons.<\/p>\n<p style=\"text-align: justify\">Azerbaid\u017e\u0101nas karoga v\u0113stur\u0113 bija daudz ros\u012bgu notikumu. T\u0101tad, ADR sabrukuma beig\u0101s da\u017ei azerbaid\u017e\u0101\u0146i uzzin\u0101ja Eirop\u0101. Vi\u0146u vid\u016b Gulmameds Bagirovs. Svin\u012bg\u0101s dien\u0101s pie vi\u0146a bie\u017ei ierad\u0101s tautie\u0161i. Un vien\u0101 no \u0161iem notikumiem \u012bpa\u0161nieks tika p\u0101rcelts uz valsts karoga, l\u016bdzot vi\u0146u nog\u0101d\u0101t dzimten\u0113.<\/p>\n<p style=\"text-align: justify\">\u0160\u012b v\u0113lme tika izteikta p\u0113c gadu desmitiem, bet uzreiz Bagirovs, uzskait\u012bjis laul\u0101t\u0101 viduk\u013ca karogu, atved vi\u0146u uz Azerbaid\u017e\u0101nu. V\u0113l\u0101k muzeju aizpild\u012bs Tricolor.<\/p>\n<p style=\"text-align: justify\">80. gadu beig\u0101s karogs tika izmantots topo\u0161\u0101s valsts kust\u012bbas masveida akcij\u0101s. Vi\u0146\u0161 bija ar\u012b iecelts parlamenta strukt\u016br\u0101.<\/p>\n<p style=\"text-align: justify\">\u0160is izk\u0101rtojums izskat\u0101s \u0161\u0101di:<\/p>\n<p style=\"text-align: justify\"><span itemprop=\"image\" itemscope itemtype=\"https:\/\/schema.org\/ImageObject\"><img itemprop=\"url image\" loading=\"lazy\" decoding=\"async\" class=\"alignnone size-full wp-image-3186\" src=\"\/wp-content\/uploads\/2021\/01\/flag-azerbaijan_2.png\" width=\"500\" height=\"312\" alt=\"Azerbaid\u017e\u0101nas karogs-2\" \/><meta itemprop=\"width\" content=\"500\"><meta itemprop=\"height\" content=\"312\"><\/span><\/p>\n<h2 style=\"text-align: justify\">Apraksts karogs Azerbaid\u017e\u0101na<\/h2>\n<p style=\"text-align: justify\">Karogs ir tr\u012bskr\u0101sains un salok\u0101ms no 3 vien\u0101da izm\u0113ra sloksn\u0113m. Audekla centr\u0101 ir att\u0113lots asto\u0146staru pusm\u0113ness un zvaigzne. M\u0113nesis saglab\u0101 zvaigzni ar saviem padomiem.<\/p>\n<h2 style=\"text-align: justify\">Azerbaid\u017e\u0101nas karoga kr\u0101sas<\/h2>\n<p style=\"text-align: justify\">Galven\u0101s karoga kr\u0101sas 3:<\/p>\n<ol>\n<li style=\"text-align: justify\">Zils ir turku n\u0101cijas iemiesojums &#8211; Azerbaid\u017e\u0101nas galven\u0101 popul\u0101cija.<\/li>\n<li style=\"text-align: justify\">Sarkan\u0101 kr\u0101sa uzsver demokr\u0101tisko neatkar\u012bbu republik\u0101.<\/li>\n<li style=\"text-align: justify\">Za\u013c\u0161 \u2013 saka par isl\u0101mu. \u0160\u012b reli\u0123ija ir apstiprin\u0101ta nor\u0101d\u012btaj\u0101 valst\u012b.<\/li>\n<\/ol>\n<h2 style=\"text-align: justify\">Azerbaid\u017e\u0101nas karoga noz\u012bme<\/h2>\n<p style=\"text-align: justify\">\u0160eit zil\u0101s kr\u0101sas noz\u012bmei ir visdzi\u013c\u0101k\u0101s saknes. Faktiski vis\u0101m turku taut\u0101m vi\u0146\u0161 simboliz\u0113 Visumu, bag\u0101t\u012bbu un br\u012bv\u012bbu. Sazinoties ar turku mitolo\u0123iju, \u0161eit ir zils &#8211; v\u012bri\u0161\u0137\u0101 s\u0101kuma un bezgal\u012bgo debesu z\u012bme.<\/p>\n<p style=\"text-align: justify\">Par reli\u0123iju saka pusm\u0113ness: vi\u0146\u0161 nes ar savu uztic\u012bbu isl\u0101mam. Zvaigzne ir da\u017e\u0101du turku tautu atzaru vienot\u012bbas z\u012bme. 2. Debesu sp\u012bduma apz\u012bm\u0113jums &#8211; 8 burti, no kuriem v\u0101rds &quot;Azerbaid\u017e\u0101na&quot; att\u012bst\u0101s ar\u0101bu valod\u0101.<\/p>\n<p style=\"text-align: justify\">Asto\u0146staru zvaigznes sak\u0146u simboli atst\u0101j pag\u0101nism\u0101. \u0160is ir viens no dzirdamajiem dievi\u0161\u0137ajiem t\u0113liem.<\/p>\n<p style=\"text-align: justify\">Azerbaid\u017e\u0101nas karogs &#8211; un vienot\u012bbas br\u012bv\u012bbas iemiesojums un harmonisks isl\u0101ma trad\u012bciju pinums ar m\u016bsdienu realit\u0101ti.<\/p>\n<h2>Alternat\u012bvie Azerbaid\u017e\u0101nas karogi<\/h2>\n<p><span itemprop=\"image\" itemscope itemtype=\"https:\/\/schema.org\/ImageObject\"><img itemprop=\"url image\" loading=\"lazy\" decoding=\"async\" class=\"alignnone wp-image-4932 size-large\" src=\"\/wp-content\/uploads\/2021\/01\/flag-azerbaijan_3.png\" width=\"500\" height=\"250\" alt=\"\" \/><meta itemprop=\"width\" content=\"500\"><meta itemprop=\"height\" content=\"250\"><\/span><\/p>\n<p>Azerbaid\u017e\u0101nas Padomju Soci\u0101listisk\u0101s Republikas karogs \u2013 pie\u0146emts 1952. gada 7. oktobr\u012b un atcelts 1991. gada 5. febru\u0101r\u012b. Malu attiec\u012bba 1:2. <span itemprop=\"image\" itemscope itemtype=\"https:\/\/schema.org\/ImageObject\"><img itemprop=\"url image\" loading=\"lazy\" decoding=\"async\" class=\"alignnone size-large wp-image-4933\" src=\"\/wp-content\/uploads\/2021\/01\/flag-azerbaijan_4.png\" width=\"500\" height=\"333\" alt=\"Azerbaid\u017e\u0101nas dienvidu karogs\" \/><meta itemprop=\"width\" content=\"500\"><meta itemprop=\"height\" content=\"333\"><\/span><\/p>\n<p>Dienvidazerbaid\u017e\u0101nas nacion\u0101l\u0101s atmodas karogs, kas dibin\u0101ts 1995. Vi\u0146a l\u012bderis \u010canganla, Mahmudali Babakhan Ogly<\/p>\n<h2 style=\"text-align: justify\">Nespecializ\u0113ta inform\u0101cija par Azerbaid\u017e\u0101nu<\/h2>\n<table>\n<tbody>\n<tr style=\"text-align: justify\">\n<td>Ofici\u0101l\u0101 valoda<\/td>\n<td>Azerbaid\u017e\u0101\u0146u<\/td>\n<\/tr>\n<tr style=\"text-align: justify\">\n<td>Kapit\u0101ls<\/td>\n<td>Baku<\/td>\n<\/tr>\n<tr style=\"text-align: justify\">\n<td>Teritorija<\/td>\n<td>86 600 km2<\/td>\n<\/tr>\n<tr style=\"text-align: justify\">\n<td>Popul\u0101cija<\/td>\n<td>10 073 200 cilv\u0113ku<\/td>\n<\/tr>\n<tr style=\"text-align: justify\">\n<td>Val\u016bta<\/td>\n<td>Azerbaid\u017e\u0101nas manats (AZN, kods 944)<\/td>\n<\/tr>\n<tr>\n<td style=\"text-align: justify\">Telefona kods<\/td>\n<td style=\"text-align: justify\">++994<\/td>\n<\/tr>\n<\/tbody>\n<\/table>\n","protected":false},"excerpt":{"rendered":"<p>Azerbaid\u017e\u0101nas karogs tika svin\u012bgi pie\u0146emts 1991. gada 5. febru\u0101r\u012b. Karogs ir tr\u012bskr\u0101su audums, horizont\u0101li izvietotas zilas, za\u013cas un sarkanas sv\u012btras. Sarkan\u0101s joslas karoga centr\u0101 ir asto\u0146staru zvaigznes un&#8230;<\/p>\n","protected":false},"author":1,"featured_media":5784,"comment_status":"open","ping_status":"open","sticky":false,"template":"","format":"standard","meta":{"footnotes":""},"categories":[2],"tags":[],"class_list":["post-1519","post","type-post","status-publish","format-standard","has-post-thumbnail","","category-zijas-karogi"],"aioseo_notices":[],"_links":{"self":[{"href":"https:\/\/flags-world.com\/lv\/wp-json\/wp\/v2\/posts\/1519","targetHints":{"allow":["GET"]}}],"collection":[{"href":"https:\/\/flags-world.com\/lv\/wp-json\/wp\/v2\/posts"}],"about":[{"href":"https:\/\/flags-world.com\/lv\/wp-json\/wp\/v2\/types\/post"}],"author":[{"embeddable":true,"href":"https:\/\/flags-world.com\/lv\/wp-json\/wp\/v2\/users\/1"}],"replies":[{"embeddable":true,"href":"https:\/\/flags-world.com\/lv\/wp-json\/wp\/v2\/comments?post=1519"}],"version-history":[{"count":0,"href":"https:\/\/flags-world.com\/lv\/wp-json\/wp\/v2\/posts\/1519\/revisions"}],"wp:featuredmedia":[{"embeddable":true,"href":"https:\/\/flags-world.com\/lv\/wp-json\/wp\/v2\/media\/5784"}],"wp:attachment":[{"href":"https:\/\/flags-world.com\/lv\/wp-json\/wp\/v2\/media?parent=1519"}],"wp:term":[{"taxonomy":"category","embeddable":true,"href":"https:\/\/flags-world.com\/lv\/wp-json\/wp\/v2\/categories?post=1519"},{"taxonomy":"post_tag","embeddable":true,"href":"https:\/\/flags-world.com\/lv\/wp-json\/wp\/v2\/tags?post=1519"}],"curies":[{"name":"wp","href":"https:\/\/api.w.org\/{rel}","templated":true}]}}