{"id":1518,"date":"2021-01-04T17:18:10","date_gmt":"2021-01-04T14:18:10","guid":{"rendered":"https:\/\/flags-world.com\/lv\/2021\/01\/04\/austrijas-ungrijas-karogs-foto-un-vsture\/"},"modified":"2021-01-04T17:18:10","modified_gmt":"2021-01-04T14:18:10","slug":"austrijas-ungrijas-karogs-foto-un-vsture","status":"publish","type":"post","link":"https:\/\/flags-world.com\/lv\/austrijas-ungrijas-karogs-foto-un-vsture\/","title":{"rendered":"Austrijas-Ung\u0101rijas karogs: foto un v\u0113sture"},"content":{"rendered":"<p>Austrijas-Ung\u0101rijas karogs ir taisnst\u016brveida audums, kur\u0101 vienlaikus att\u0113lots Austrijas (kreis\u0101 puse) un Ung\u0101rijas karogs (labaj\u0101 pus\u0113). \u0160\u012bs divas da\u013cas ir vien\u0101das viena ar otru, t\u0101m ir vien\u0101di izm\u0113ri un m\u0113rogs.<\/p>\n<p>Vienot\u012bbas efekts tiek pan\u0101kts tikai uz pirmo 2 joslu r\u0113\u0137ina: sarkan\u0101 un balt\u0101. Pret\u0113j\u0101 gad\u012bjum\u0101 st\u0101vok\u013cu simboliem nav krusto\u0161an\u0101s punktu.<\/p>\n<p style=\"text-align: justify\">T\u0101 uzl\u0113ca Austrijas-Ung\u0101rijas karogs: foto<\/p>\n<p style=\"text-align: justify\"><span itemprop=\"image\" itemscope itemtype=\"https:\/\/schema.org\/ImageObject\"><img itemprop=\"url image\" loading=\"lazy\" decoding=\"async\" class=\"alignnone wp-image-3189\" src=\"\/wp-content\/uploads\/2021\/01\/austro-hungarian-flag_1.png\" width=\"500\" height=\"333\" alt=\"Austrijas-Ung\u0101rijas karogs-1\" \/><meta itemprop=\"width\" content=\"500\"><meta itemprop=\"height\" content=\"333\"><\/span><\/p>\n<h2 style=\"text-align: justify\">Austrijas-Ung\u0101rijas karoga v\u0113sture<\/h2>\n<p style=\"text-align: justify\">Austrija-Ung\u0101rija &#8211; daudznacion\u0101la vald\u012bba, kas uz m\u016bsdienu Eiropas pamata turpin\u0101j\u0101s l\u012bdz 1918. Pirm\u0101 un vien\u012bg\u0101 iesp\u0113ja ir paredz\u0113ta, lai apr\u0113\u0137in\u0101tu gal\u012bgo un t\u0101tad ar kuru ir pie\u0146emts sal\u012bdzin\u0101t imp\u0113riju. To periodiski d\u0113v\u0113 ar\u012b par Austrijas-Ung\u0101rijas civilo karogu politisk\u0101s sabiedr\u012bbas piln\u012bgas neviendab\u012bguma d\u0113\u013c (milz\u012bgs skaits da\u017e\u0101du tautu un kopienu nacion\u0101listisku sacel\u0161anos un citas).<\/p>\n<p style=\"text-align: justify\">Devi\u0146padsmit\u0101 gadsimta 60. gadu otraj\u0101 pus\u0113 Austrija un Ung\u0101rija praktiski s\u0101ka past\u0101v\u0113t k\u0101 vienota politisk\u0101 izgl\u012bt\u012bba, ta\u010du ar nosac\u012bjumu, ka p\u0113d\u0113j\u0101 saglab\u0101jas da\u017eas iesp\u0113jas. No \u0161\u012b br\u012b\u017ea jaun\u0101k\u0101s imp\u0113rijas karoga s\u0101kums!<\/p>\n<p style=\"text-align: justify\">Daudznacion\u0101l\u0101s valst\u012bs nav viegli atrast nespecializ\u0113tu, vienojo\u0161u konsolid\u0101cijas faktoru &#8211; t\u0101 tas notika ar karogu. Neatkar\u012bgi no t\u0101, k\u0101da civiliz\u0101cija cent\u0101s par\u0101d\u012bt savu noz\u012bmi, kas ir p\u0101raugusi atdz\u012bvin\u0101t\u0101s diskusij\u0101s un konfliktos. Turkl\u0101t iev\u0113l\u0113t\u0101 imp\u0113rijas karoga versija nav main\u012bjusies l\u012bdz pat imp\u0113rijas sabrukumam.<\/p>\n<h2 style=\"text-align: justify\">Apraksts<\/h2>\n<p style=\"text-align: justify\">Austrijas-Ung\u0101rijas karogs ir l\u012bdzv\u0113rt\u012bgs Ung\u0101rijas un Austrijas 2. karoga kl\u0101tb\u016btnei, ar vienlaic\u012bgu \u0123erbo\u0146a kl\u0101tb\u016btni (monofonisk\u0101 augstum\u0101 &#8211; virs centra). Ab\u0101m valst\u012bm ir nespecializ\u0113ta centr\u0101l\u0101 josla, kas atrodas uz karoga bez atdal\u012b\u0161anas &#8211; vienot\u012bbas un partner\u012bbas simbols. Ar\u012b kopum\u0101 \u0161\u012bs 2 valstis &#8211; c\u012b\u0146a par suverenit\u0101ti, kuras rezult\u0101t\u0101 rad\u0101s to nespecializ\u0113t\u0101 politisk\u0101 savien\u012bba un imp\u0113rijas izgl\u012bto\u0161ana.<\/p>\n<h2 style=\"text-align: justify\">Austrijas-Ung\u0101rijas karoga kr\u0101sas<\/h2>\n<ol>\n<li>Sarkans &#8211; simboliz\u0113 asinis;<\/li>\n<li>Balts &#8211; tautas t\u012br\u012bba;<\/li>\n<li>Za\u013c\u0161\u00a0\u2014 par\u0101da cer\u012bbu.<\/li>\n<\/ol>\n<h2>Karoga kr\u0101su noz\u012bme<\/h2>\n<ol>\n<li>Sarkans &#8211; izlieto asi\u0146u simbols imp\u0113rijas neatkar\u012bbai un suverenit\u0101tei (agr\u0101k &#8211; Austrijas un Ung\u0101rijas suverenit\u0101tei atsevi\u0161\u0137i, t\u0101pat k\u0101 divas kaimi\u0146valstis). No Austrijas puses sarkan\u0101 kr\u0101sa ir dubl\u0113ta un ir liel\u0101k\u0101 skait\u0101, kas uzsver ne vieglo Austrijas likteni, valsts v\u0113sturisk\u0101s un politisk\u0101s dz\u012bves laik\u0101.<\/li>\n<li>Balta &#8211; \u0161\u012b kr\u0101sa simboliz\u0113 2 valstis, nespecializ\u0113to b\u016bt\u012bbu, tautu dv\u0113seli un &#8211; politisk\u0101s piln\u012bbas c\u0113lumu un mor\u0101lo t\u012br\u012bbu.<\/li>\n<li>Za\u013c\u0161 (Ung\u0101rijas puse) &#8211; nesatricin\u0101ms uzticam\u012bbas simbols valsts n\u0101kotnei. Dedz\u012bba uz valstiskas idejas veido\u0161anos.<\/li>\n<\/ol>\n<h2 style=\"text-align: justify\">Nespecializ\u0113ta inform\u0101cija par Austriju-Ung\u0101riju<\/h2>\n<table>\n<tbody>\n<tr style=\"text-align: justify\">\n<td>Ofici\u0101l\u0101 valoda<\/td>\n<td>v\u0101cu un ung\u0101ru<\/td>\n<\/tr>\n<tr style=\"text-align: justify\">\n<td>Kapit\u0101ls<\/td>\n<td>V\u012bne un Budape\u0161ta<\/td>\n<\/tr>\n<tr style=\"text-align: justify\">\n<td>Teritorija<\/td>\n<td>676 615 km2<\/td>\n<\/tr>\n<tr style=\"text-align: justify\">\n<td>Popul\u0101cija<\/td>\n<td>52 749 900 cilv\u0113ku<\/td>\n<\/tr>\n<tr style=\"text-align: justify\">\n<td>Val\u016bta<\/td>\n<td>Guldena, Krona (no 1892.\u00a0gada)<\/td>\n<\/tr>\n<tr>\n<td style=\"text-align: justify\">Eksistences periods<\/td>\n<td style=\"text-align: justify\">1867. gada 15. marts &#8211; 1918. gada 12. novembris<\/td>\n<\/tr>\n<\/tbody>\n<\/table>\n","protected":false},"excerpt":{"rendered":"<p>Austrijas-Ung\u0101rijas karogs ir taisnst\u016brveida audums, kur\u0101 vienlaikus att\u0113lots Austrijas (kreis\u0101 puse) un Ung\u0101rijas karogs (labaj\u0101 pus\u0113). \u0160\u012bs divas da\u013cas ir vien\u0101das viena ar otru, t\u0101m ir vien\u0101di izm\u0113ri&#8230;<\/p>\n","protected":false},"author":1,"featured_media":5783,"comment_status":"open","ping_status":"open","sticky":false,"template":"","format":"standard","meta":{"footnotes":""},"categories":[3],"tags":[],"class_list":["post-1518","post","type-post","status-publish","format-standard","has-post-thumbnail","","category-eiropas-karogi"],"aioseo_notices":[],"_links":{"self":[{"href":"https:\/\/flags-world.com\/lv\/wp-json\/wp\/v2\/posts\/1518","targetHints":{"allow":["GET"]}}],"collection":[{"href":"https:\/\/flags-world.com\/lv\/wp-json\/wp\/v2\/posts"}],"about":[{"href":"https:\/\/flags-world.com\/lv\/wp-json\/wp\/v2\/types\/post"}],"author":[{"embeddable":true,"href":"https:\/\/flags-world.com\/lv\/wp-json\/wp\/v2\/users\/1"}],"replies":[{"embeddable":true,"href":"https:\/\/flags-world.com\/lv\/wp-json\/wp\/v2\/comments?post=1518"}],"version-history":[{"count":0,"href":"https:\/\/flags-world.com\/lv\/wp-json\/wp\/v2\/posts\/1518\/revisions"}],"wp:featuredmedia":[{"embeddable":true,"href":"https:\/\/flags-world.com\/lv\/wp-json\/wp\/v2\/media\/5783"}],"wp:attachment":[{"href":"https:\/\/flags-world.com\/lv\/wp-json\/wp\/v2\/media?parent=1518"}],"wp:term":[{"taxonomy":"category","embeddable":true,"href":"https:\/\/flags-world.com\/lv\/wp-json\/wp\/v2\/categories?post=1518"},{"taxonomy":"post_tag","embeddable":true,"href":"https:\/\/flags-world.com\/lv\/wp-json\/wp\/v2\/tags?post=1518"}],"curies":[{"name":"wp","href":"https:\/\/api.w.org\/{rel}","templated":true}]}}