{"id":1517,"date":"2021-01-04T17:18:10","date_gmt":"2021-01-04T14:18:10","guid":{"rendered":"https:\/\/flags-world.com\/lv\/2021\/01\/04\/austrijas-karogs-foto-un-vsture\/"},"modified":"2021-01-04T17:18:10","modified_gmt":"2021-01-04T14:18:10","slug":"austrijas-karogs-foto-un-vsture","status":"publish","type":"post","link":"https:\/\/flags-world.com\/lv\/austrijas-karogs-foto-un-vsture\/","title":{"rendered":"Austrijas karogs: foto un v\u0113sture"},"content":{"rendered":"<p style=\"text-align: justify\">Austrijas karogs &#8211; saska\u0146\u0101 ar m\u016bsdienu interpret\u0101ciju balt\u0101 kr\u0101sa personific\u0113 neatkar\u012bbu, ko Austrijas tauta izc\u012bn\u012bja c\u012b\u0146\u0101 ar monarhiju. Saska\u0146\u0101 ar citu versiju karoga balt\u0101 josla personific\u0113 Donavu. Vair\u0101kas reizes veidot\u0101 valsts tika pie\u0146emta k\u0101 ofici\u0101ls simbols un atcelta. P\u0113d\u0113jo reizi adopcija tika veikta 1945. gad\u0101. T\u0101pat k\u0101 daudziem karogiem, austrie\u0161u s\u0101nu attiec\u012bba ir 2:3.<\/p>\n<p style=\"text-align: justify\">Neat\u0146emams valsts simbols personific\u0113 t\u0101s identit\u0101ti un suverenit\u0101ti. Padara iedz\u012bvot\u0101ju apvien\u012bbas Ukrainu funkciju un t\u0101s identific\u0113\u0161anu ar noteiktu pa\u0161vald\u012bbas izgl\u012bt\u012bbu.<\/p>\n<p>T\u0101 \u0161odien izskat\u0101s Austrijas karogs: foto<\/p>\n<p style=\"text-align: justify\"><span itemprop=\"image\" itemscope itemtype=\"https:\/\/schema.org\/ImageObject\"><img itemprop=\"url image\" loading=\"lazy\" decoding=\"async\" class=\"alignnone wp-image-3192\" src=\"\/wp-content\/uploads\/2021\/01\/flag-of-austria_1.png\" width=\"500\" height=\"333\" alt=\"Austrijas karogs-1\" \/><meta itemprop=\"width\" content=\"500\"><meta itemprop=\"height\" content=\"333\"><\/span><\/p>\n<h2 style=\"text-align: justify\">Austrijas karoga v\u0113sture<\/h2>\n<p style=\"text-align: justify\">Eiropas. Pa\u0161vald\u012bbas simbols ir nog\u0101jis gr\u016btu ce\u013cu, lai vi\u0146u atz\u012btu par ofici\u0101lu un nestabilu.<\/p>\n<p style=\"text-align: justify\">Saska\u0146\u0101 ar le\u0123endu, \u0161\u0101da Austrijas z\u012bmes kr\u0101sojuma izcelsme ir saist\u012bta ar hercogu Leopoldu Babenbergu. Beidzoties dusm\u012bgajai Barona kaujai Akras laik\u0101 ar sarac\u0113niem XII gadsimta 90. gadu pirmaj\u0101 pus\u0113, vi\u0146a milit\u0101rais t\u0113rps bija pies\u016bcin\u0101ts ar asin\u012bm, zem jostas palika tikai sniegbalta josla. Kr\u0101su kombin\u0101ciju iespaidoja Leopolds, un vi\u0146\u0161 t\u0101s p\u0101rc\u0113la uz visp\u0101r\u0113ju standartu.<\/p>\n<p style=\"text-align: justify\">Karogs \u0161\u0137ita sav\u0101 m\u016bsdienu form\u0101 1918. gad\u0101, kad republika proklam\u0113ja Austriju. 1919 ofici\u0101li apstiprin\u0101ts. Beidzoties valsts iek\u013cau\u0161anai V\u0101cij\u0101 20.\u00a0gadsimta 30.\u00a0gadu otraj\u0101 pus\u0113, t\u0101 tika atcelta. Beig\u0101s 2. glob\u0101l\u0101 atkal atjaunota.<\/p>\n<blockquote>\n<p style=\"text-align: justify\">Valsts simbols, kas darbojas pa\u0161reiz\u0113j\u0101s amatpersonas priek\u0161\u0101, tika apstiprin\u0101ts 1984. gada 27. apr\u012bl\u012b.<\/p>\n<\/blockquote>\n<h2 style=\"text-align: justify\">Apraksts Austrijas karogs<\/h2>\n<p style=\"text-align: justify\">Austrijas valsts simbols att\u0113lots k\u0101 taisnst\u016brveida audums, kas saloc\u012bts no trim horizont\u0101l\u0101m izometrisk\u0101m sloksn\u0113m. Republikas likumdo\u0161an\u0101 Karoga proporcijas nav at\u013cautas, faktiski vismaz cik laiks ir 2:3. \u0160\u012b iemesla d\u0113\u013c ir pie\u013caujams piem\u0113rot da\u017e\u0101dus garumus un platumus.<\/p>\n<h2 style=\"text-align: justify\">Austrijas karoga kr\u0101sas<\/h2>\n<p>Austrijas karoga kr\u0101sas &#8211; Sarkans un Balts Sarkans. Uz audekla ir sarkana &#8211; aug\u0161\u0113j\u0101 un apak\u0161\u0113j\u0101 josla un balta &#8211; centr\u0101. \u0160\u0101du to\u0146u kombin\u0101cija \u0161\u0137ita dzi\u013c\u0101kajos viduslaikos.<\/p>\n<h2 style=\"text-align: justify\">Austrijas karoga kr\u0101su noz\u012bme<\/h2>\n<p style=\"text-align: justify\">Lai gan heraldikas trad\u012bcij\u0101s kr\u0101sai ir noteikta noz\u012bme:<\/p>\n<ul style=\"text-align: justify\">\n<li>Aug\u0161\u0113j\u0101 un apak\u0161\u0113j\u0101 sarkan\u0101s sv\u012btras asins z\u012bme, izlieti patrioti, kas c\u012bn\u0101s par Austrijas neatkar\u012bbu un br\u012bv\u012bbu.<\/li>\n<li>Balt\u0101 kr\u0101sa simboliz\u0113 br\u012bv\u012bbu, ko Austrijas iedz\u012bvot\u0101ji iekaroja, izmekl\u0113jot g\u0101\u0161anu \u0161aj\u0101 monarhisk\u0101 re\u017e\u012bma st\u0101vokl\u012b.<\/li>\n<\/ul>\n<p style=\"text-align: justify\">Saska\u0146\u0101 ar apstiprin\u0101to ofici\u0101lo versiju balt\u0101 sv\u012btra simboliz\u0113 Donavas upi, kas \u0161\u0137\u0113rso Austrijas Republikas reljefu no rietumiem uz austrumiem.<\/p>\n<blockquote>\n<p style=\"text-align: justify\">Austrijas karogs ir valsts z\u012bme par lielo pag\u0101tni, kr\u0101\u0161\u0146o \u012bstu un radinieku atn\u0101k\u0161anu.<\/p>\n<\/blockquote>\n<h2>Alternat\u012bvie Austrijas karogi<\/h2>\n<p><span itemprop=\"image\" itemscope itemtype=\"https:\/\/schema.org\/ImageObject\"><img itemprop=\"url image\" loading=\"lazy\" decoding=\"async\" class=\"alignnone wp-image-4926\" src=\"\/wp-content\/uploads\/2021\/01\/flag-of-austria_2.png\" width=\"500\" height=\"333\" alt=\"Austrijas imp\u0113rijas karogs\" \/><meta itemprop=\"width\" content=\"500\"><meta itemprop=\"height\" content=\"333\"><\/span><\/p>\n<p>\u0160is ir Austrijas imp\u0113rijas karogs<\/p>\n<p><span itemprop=\"image\" itemscope itemtype=\"https:\/\/schema.org\/ImageObject\"><img itemprop=\"url image\" loading=\"lazy\" decoding=\"async\" class=\"alignnone wp-image-4927 size-full\" src=\"\/wp-content\/uploads\/2021\/01\/flag-of-austria_3.png\" alt=\"Austrijas valsts karogs\" width=\"375\" height=\"250\" \/><meta itemprop=\"width\" content=\"375\"><meta itemprop=\"height\" content=\"250\"><\/span><\/p>\n<p>\u0160is ir Austrijas valsts karogs<\/p>\n<p><span itemprop=\"image\" itemscope itemtype=\"https:\/\/schema.org\/ImageObject\"><img itemprop=\"url image\" loading=\"lazy\" decoding=\"async\" class=\"alignnone size-full wp-image-4928\" src=\"\/wp-content\/uploads\/2021\/01\/flag-of-austria_1.gif\" alt=\"Aug\u0161austrijas karogs\" width=\"388\" height=\"260\" \/><meta itemprop=\"width\" content=\"388\"><meta itemprop=\"height\" content=\"260\"><\/span><\/p>\n<p>Aug\u0161austrijas karogs tika ofici\u0101li pie\u0146emts 1949. gada 25. apr\u012bl\u012b<\/p>\n<h2 style=\"text-align: justify\">Nespecializ\u0113ta inform\u0101cija par Austriju<\/h2>\n<table>\n<tbody>\n<tr style=\"text-align: justify\">\n<td>Ofici\u0101l\u0101 valoda<\/td>\n<td>v\u0101cu valoda; Re\u0123ion\u0101l\u0101s valodas: Gradish-horv\u0101tu, ung\u0101ru, slov\u0113\u0146u<\/td>\n<\/tr>\n<tr style=\"text-align: justify\">\n<td>Kapit\u0101ls<\/td>\n<td>V\u0113na<\/td>\n<\/tr>\n<tr style=\"text-align: justify\">\n<td>Teritorija<\/td>\n<td>83 879 km2<\/td>\n<\/tr>\n<tr style=\"text-align: justify\">\n<td>Popul\u0101cija<\/td>\n<td>8 923 507 cilv\u0113ki<\/td>\n<\/tr>\n<tr style=\"text-align: justify\">\n<td>Val\u016bta<\/td>\n<td>Eiro (EUR, kods 978)<\/td>\n<\/tr>\n<tr>\n<td style=\"text-align: justify\">Telefona kods<\/td>\n<td style=\"text-align: justify\">+43<\/td>\n<\/tr>\n<\/tbody>\n<\/table>\n","protected":false},"excerpt":{"rendered":"<p>Austrijas karogs &#8211; saska\u0146\u0101 ar m\u016bsdienu interpret\u0101ciju balt\u0101 kr\u0101sa personific\u0113 neatkar\u012bbu, ko Austrijas tauta izc\u012bn\u012bja c\u012b\u0146\u0101 ar monarhiju. Saska\u0146\u0101 ar citu versiju karoga balt\u0101 josla personific\u0113 Donavu. Vair\u0101kas&#8230;<\/p>\n","protected":false},"author":1,"featured_media":5782,"comment_status":"open","ping_status":"open","sticky":false,"template":"","format":"standard","meta":{"footnotes":""},"categories":[3],"tags":[],"class_list":["post-1517","post","type-post","status-publish","format-standard","has-post-thumbnail","","category-eiropas-karogi"],"aioseo_notices":[],"_links":{"self":[{"href":"https:\/\/flags-world.com\/lv\/wp-json\/wp\/v2\/posts\/1517","targetHints":{"allow":["GET"]}}],"collection":[{"href":"https:\/\/flags-world.com\/lv\/wp-json\/wp\/v2\/posts"}],"about":[{"href":"https:\/\/flags-world.com\/lv\/wp-json\/wp\/v2\/types\/post"}],"author":[{"embeddable":true,"href":"https:\/\/flags-world.com\/lv\/wp-json\/wp\/v2\/users\/1"}],"replies":[{"embeddable":true,"href":"https:\/\/flags-world.com\/lv\/wp-json\/wp\/v2\/comments?post=1517"}],"version-history":[{"count":0,"href":"https:\/\/flags-world.com\/lv\/wp-json\/wp\/v2\/posts\/1517\/revisions"}],"wp:featuredmedia":[{"embeddable":true,"href":"https:\/\/flags-world.com\/lv\/wp-json\/wp\/v2\/media\/5782"}],"wp:attachment":[{"href":"https:\/\/flags-world.com\/lv\/wp-json\/wp\/v2\/media?parent=1517"}],"wp:term":[{"taxonomy":"category","embeddable":true,"href":"https:\/\/flags-world.com\/lv\/wp-json\/wp\/v2\/categories?post=1517"},{"taxonomy":"post_tag","embeddable":true,"href":"https:\/\/flags-world.com\/lv\/wp-json\/wp\/v2\/tags?post=1517"}],"curies":[{"name":"wp","href":"https:\/\/api.w.org\/{rel}","templated":true}]}}