{"id":1514,"date":"2021-01-04T17:18:10","date_gmt":"2021-01-04T14:18:10","guid":{"rendered":"https:\/\/flags-world.com\/lv\/2021\/01\/04\/armnijas-karogs-krsa-un-nozme\/"},"modified":"2021-01-04T17:18:10","modified_gmt":"2021-01-04T14:18:10","slug":"armnijas-karogs-krsa-un-nozme","status":"publish","type":"post","link":"https:\/\/flags-world.com\/lv\/armnijas-karogs-krsa-un-nozme\/","title":{"rendered":"Arm\u0113nijas karogs: kr\u0101sa un noz\u012bme"},"content":{"rendered":"<p style=\"text-align: justify\">Arm\u0113nijas karogs tika pie\u0146emts 1990. gada 24. august\u0101, \u0161aj\u0101 laik\u0101 un atz\u012bm\u0113 karoga dienu. Kr\u0101sas, kas atrodas uz Arm\u0113nijas karoga &#8211; t\u0101s ir ruban\u012bdu dinastijas (Kilician karaliste) p\u0113d\u0113j\u0101 perioda kr\u0101sas. Sarkans, zils, k\u0101 ar\u012b dzeltens p\u0101rraida ska\u0146darba galveno simbolisko noz\u012bmi. L\u012bdz \u0161im \u0161tata simbols satur standarta taisnst\u016bra formu, ko piem\u0113ro vairumam \u0161tatu. Tiek skat\u012bta ar\u012b audekla garuma un platuma attiec\u012bba &#8211; 2:1. Tr\u012bskr\u0101su audums, kop\u0101 ar vien\u0101d\u0101m, atbilsto\u0161i horizont\u0101lo sv\u012btru izm\u0113ram: aug\u0161pus\u0113 &#8211; sarkans, centr\u0101 &#8211; zils, apak\u0161\u0101 &#8211; oran\u017es.<\/p>\n<p style=\"text-align: justify\">T\u0101tad Arm\u0113nijas karogs izskat\u0101s \u0161\u0101di: foto<\/p>\n<p style=\"text-align: justify\"><span itemprop=\"image\" itemscope itemtype=\"https:\/\/schema.org\/ImageObject\"><img itemprop=\"url image\" loading=\"lazy\" decoding=\"async\" class=\"alignnone size-full wp-image-4650\" src=\"\/wp-content\/uploads\/2021\/01\/armenian-flag_3.png\" width=\"500\" height=\"250\" alt=\"Arm\u0113nijas karogs-1\" \/><meta itemprop=\"width\" content=\"500\"><meta itemprop=\"height\" content=\"250\"><\/span><\/p>\n<p style=\"text-align: justify\">Eraguins (Arm.) &#8211; Arm\u0113nijas valsts karogs. Pa\u0161vald\u012bbas l\u012bmen\u012b apstiprin\u0101ts Arm\u0113nijas simbols. Iedzi\u013cinoties vi\u0146a konfigur\u0101cijas v\u0113stur\u0113 un gaid\u0101maj\u0101 izskat\u0101, ir pie\u013caujams paman\u012bt, cik \u013coti vi\u0146\u0161 ir main\u012bjies.<\/p>\n<h2 style=\"text-align: justify\">Arm\u0113nijas karoga v\u0113sture<\/h2>\n<p style=\"text-align: justify\">Bag\u0101taj\u0101 valsts v\u0113stur\u0113 arm\u0113\u0146iem ir pietiekami daudz slikta. \u0122imenes laikmetu dzi\u013cumos bijus\u012b vara paraugos att\u0113loja da\u017e\u0101dus dz\u012bvniekus, kas simboliz\u0113ja jebkuru joslu \u012bsum\u0101. Tie tika uzst\u0101d\u012bti uz Braai lauka pirms armijas kauju s\u0101kuma k\u0101 simbols.<\/p>\n<p style=\"text-align: justify\">Desmit gr\u0101du gadsimt\u0101, taj\u0101 laik\u0101, taj\u0101 laik\u0101, kad Arm\u0113nija drupin\u0101ja sav\u0101 starp\u0101 persie\u0161us un osma\u0146us, vi\u0146ai visp\u0101r nebija karoga. L\u012bdz tam laikam l\u012bdz tam laikam l\u012bdz bazn\u012bcas priesteris tais\u012bja sarkanza\u013cu un baltu tr\u012bskr\u0101su. Z\u012bm\u0113s \u0161is karogs apz\u012bm\u0113ja &quot;Sarkano sv\u0113tdienu&quot; (1. Lieldienu sv\u0113tdienu) un &quot;Lieldienu za\u013co sv\u0113tdienu&quot;.<\/p>\n<p style=\"text-align: justify\"><span itemprop=\"image\" itemscope itemtype=\"https:\/\/schema.org\/ImageObject\"><img itemprop=\"url image\" loading=\"lazy\" decoding=\"async\" class=\"alignnone size-full wp-image-4651\" src=\"\/wp-content\/uploads\/2021\/01\/armenian-flag_2.png\" width=\"500\" height=\"250\" alt=\"Arm\u0113nijas karogs-2\" \/><meta itemprop=\"width\" content=\"500\"><meta itemprop=\"height\" content=\"250\"><\/span><\/p>\n<p style=\"text-align: justify\">M\u016bsdienu tr\u012bskr\u0101sains tika atrasts valsts s\u0101kotn\u0113j\u0101 laik\u0101 1918. gad\u0101, taj\u0101 laik\u0101, taj\u0101 laik\u0101, kad par\u0101d\u012bj\u0101s Arm\u0113nijas 1. Republika. \u0160\u012bs ir Ruben\u012bdu dzimtas perioda apdares kr\u0101sas (XIII s\u0101kuma XIV BB Cilicijas somu vald\u012bba.). Bija priek\u0161likumi par ofici\u0101lu pie\u0146emt Varav\u012bksnes kr\u0101sas karogu, ta\u010du tie tika noraid\u012bti.<\/p>\n<p style=\"text-align: justify\">Divdesmit\u0101 gadsimta 20. gadu pirmaj\u0101 pus\u0113, Arm\u0113nijas PSR proklam\u0113\u0161anas beig\u0101s, tika izveidots jauns karogs, kas past\u0101v\u0113ja m\u0113nesi. Beig\u0101s republika tika ieviesta Kauk\u0101za PFSR, kurai ir sarkans taisnst\u016bris ar \u0101muru un sirpi zvaigzn\u012bt\u0113. Un zvaigznes puslok\u0101 bija uzraksts ZSFSR. Un \u0161\u012b karoga versija past\u0101v\u0113ja ilgu laiku, l\u012bdz 1936. gadam, taj\u0101 laik\u0101, taj\u0101 laik\u0101, taj\u0101 laik\u0101, taj\u0101 laik\u0101, kam\u0113r Arm\u0113nijas Republika jau bija person\u012bgais karogs.<\/p>\n<p style=\"text-align: justify\"><span itemprop=\"image\" itemscope itemtype=\"https:\/\/schema.org\/ImageObject\"><img itemprop=\"url image\" loading=\"lazy\" decoding=\"async\" class=\"alignnone size-full wp-image-4652\" src=\"\/wp-content\/uploads\/2021\/01\/armenian-flag_1.png\" width=\"500\" height=\"250\" alt=\"Arm\u0113nijas karogs-3\" \/><meta itemprop=\"width\" content=\"500\"><meta itemprop=\"height\" content=\"250\"><\/span><\/p>\n<p style=\"text-align: justify\">PSRS past\u0101v\u0113\u0161anas laik\u0101 Arm\u0113nija vair\u0101kas reizes main\u012bja karogu. Gal\u012bg\u0101 versija bija \u0161\u0101da: sarkans audekls zil\u0101s joslas vid\u016b (1\/4 no kop\u0113j\u0101 lauka) un kreisaj\u0101 pus\u0113 aug\u0161pus\u0113 &#8211; \u0101murs un sirpis un maz\u0101 zvaigzn\u012bte virs tiem.<\/p>\n<p><span itemprop=\"image\" itemscope itemtype=\"https:\/\/schema.org\/ImageObject\"><img itemprop=\"url image\" loading=\"lazy\" decoding=\"async\" class=\"alignnone size-full wp-image-4653\" src=\"\/wp-content\/uploads\/2021\/01\/armenian-flag_4.png\" width=\"500\" height=\"250\" alt=\"Arm\u0113nijas karogs-4\" \/><meta itemprop=\"width\" content=\"500\"><meta itemprop=\"height\" content=\"250\"><\/span><\/p>\n<ul>\n<li>1922. &#8211; 1937. gads<\/li>\n<\/ul>\n<p><span itemprop=\"image\" itemscope itemtype=\"https:\/\/schema.org\/ImageObject\"><img itemprop=\"url image\" loading=\"lazy\" decoding=\"async\" class=\"alignnone size-full wp-image-4654\" src=\"\/wp-content\/uploads\/2021\/01\/armenian-flag_5.png\" width=\"500\" height=\"250\" alt=\"Arm\u0113nijas karogs-5\" \/><meta itemprop=\"width\" content=\"500\"><meta itemprop=\"height\" content=\"250\"><\/span><\/p>\n<ul>\n<li>1937-1940<\/li>\n<\/ul>\n<p><span itemprop=\"image\" itemscope itemtype=\"https:\/\/schema.org\/ImageObject\"><img itemprop=\"url image\" loading=\"lazy\" decoding=\"async\" class=\"alignnone size-full wp-image-4655\" src=\"\/wp-content\/uploads\/2021\/01\/armenian-flag_6.png\" width=\"500\" height=\"250\" alt=\"Arm\u0113nijas karogs-6\" \/><meta itemprop=\"width\" content=\"500\"><meta itemprop=\"height\" content=\"250\"><\/span><\/p>\n<ul>\n<li>1940-1952<\/li>\n<\/ul>\n<p><span itemprop=\"image\" itemscope itemtype=\"https:\/\/schema.org\/ImageObject\"><img itemprop=\"url image\" loading=\"lazy\" decoding=\"async\" class=\"alignnone size-full wp-image-4656\" src=\"\/wp-content\/uploads\/2021\/01\/armenian-flag_7.png\" width=\"500\" height=\"250\" alt=\"Arm\u0113nijas karogs-7\" \/><meta itemprop=\"width\" content=\"500\"><meta itemprop=\"height\" content=\"250\"><\/span><\/p>\n<ul>\n<li>Arm\u0113nijas PSR karogs 1952-1990<\/li>\n<\/ul>\n<p style=\"text-align: justify\">Arm\u0113nijas neatkar\u012bbas dien\u0101, 1990. gada 23. august\u0101, notika stunda laika tr\u012bskr\u0101sas atgrie\u0161an\u0101s.<\/p>\n<p style=\"text-align: justify\"><span itemprop=\"image\" itemscope itemtype=\"https:\/\/schema.org\/ImageObject\"><img itemprop=\"url image\" loading=\"lazy\" decoding=\"async\" class=\"alignnone size-full wp-image-4657\" src=\"\/wp-content\/uploads\/2021\/01\/armenian-flag_8.png\" width=\"500\" height=\"250\" alt=\"Arm\u0113nijas karogs-8\" \/><meta itemprop=\"width\" content=\"500\"><meta itemprop=\"height\" content=\"250\"><\/span><\/p>\n<h2 style=\"text-align: justify\">Apraksts\u00a0Arm\u0113nijas karogs<\/h2>\n<p style=\"text-align: justify\">Izskat\u0101s p\u0113c Arm\u0113nijas karoga k\u0101 taisnst\u016bra auduma. T\u0101 sast\u0101v\u0101 tr\u012bs horizont\u0101l\u0101s sv\u012btras ir vien\u0101das garum\u0101 un platum\u0101. Aug\u0161\u0113j\u0101 sloksne &#8211; sarkana, vid\u0113ja &#8211; zila, apak\u0161\u0113j\u0101 &#8211; oran\u017ea. Karoga garuma un platuma attiec\u012bba &#8211; 1:2.<\/p>\n<h2 style=\"text-align: justify\">Karoga kr\u0101sas<\/h2>\n<p style=\"text-align: justify\">Ofici\u0101li uzst\u0101d\u012btas tr\u012bs karoga kr\u0101sas:<\/p>\n<ol>\n<li style=\"text-align: justify\">Sarkans;<\/li>\n<li style=\"text-align: justify\">Zils;<\/li>\n<li style=\"text-align: justify\">apels\u012bns.<\/li>\n<\/ol>\n<blockquote>\n<p style=\"text-align: justify\">Tos glab\u0101 Gosstandart. Ir gad\u012bjumi, taj\u0101 laik\u0101, laik\u0101, laik\u0101, laik\u0101, laik\u0101, kad to izmantoja ar melnajiem kr\u0101su ziediem.<\/p>\n<\/blockquote>\n<h2 style=\"text-align: justify\">Ko noz\u012bm\u0113 Arm\u0113nijas karoga kr\u0101sas<\/h2>\n<p style=\"text-align: justify\">Karoga kr\u0101su konstitucion\u0101l\u0101 noz\u012bme tiek noteikta \u0161\u0101di:<\/p>\n<ul style=\"text-align: justify\">\n<li>Sarkan\u0101 kr\u0101sa &#8211; Arm\u0113nijas augstienes z\u012bme, izdz\u012bvo\u0161ana arm\u0113\u0146u tautas c\u012b\u0146\u0101, neatkar\u012bba un krist\u012bg\u0101 tic\u012bba un Arm\u0113nijas br\u012bv\u012bba;<\/li>\n<li>Zils ir cilv\u0113ku likte\u0146a simbolika zem mier\u012bg\u0101m debes\u012bm;<\/li>\n<li>Oran\u017e\u0101 kr\u0101sa ir sloksnes simbols Ukrainas iedz\u012bvot\u0101ju talantu darbam.<\/li>\n<\/ul>\n<p style=\"text-align: justify\">Saska\u0146\u0101 ar neofici\u0101liem datiem kr\u0101su apz\u012bm\u0113jumiem ir cita interpret\u0101cija:<\/p>\n<ol style=\"text-align: justify\">\n<li>Sarkans \u2014 vi\u0146a upuri un arm\u0113\u0146u genoc\u012bds ir starp pusotra miljona nogalin\u0101tajiem;<\/li>\n<li>Zilas ir skaidras un mier\u012bgas Arm\u0113nijas debesis;<\/li>\n<li>Oran\u017es simbols arm\u0113\u0146u d\u0101mu un jaunu v\u012brie\u0161u drosmei.<\/li>\n<\/ol>\n<p style=\"text-align: justify\">Arm\u0113nijas karoga att\u012bst\u012bbas v\u0113sture ir \u013coti bag\u0101ta un sak\u0146ojas dzi\u013ci pag\u0101tn\u0113. Ja ieskat\u0101s dzi\u013ci laikmetos, pie\u013caujams, ka m\u016bsdienu valsts z\u012bmei nav nek\u0101da sakara ar Veco karogu, kur\u0101 arm\u0113\u0146i pirms c\u012b\u0146\u0101m c\u0113la mor\u0101li.<\/p>\n<h2 style=\"text-align: justify\">Nespecializ\u0113ta inform\u0101cija par Arm\u0113niju<\/h2>\n<table>\n<tbody>\n<tr>\n<td>Ofici\u0101l\u0101 valoda<\/td>\n<td>arm\u0113\u0146u<\/td>\n<\/tr>\n<tr>\n<td>Kapit\u0101ls<\/td>\n<td>Erev\u0101na<\/td>\n<\/tr>\n<tr>\n<td>Popul\u0101cija<\/td>\n<td>29 743 km2<\/td>\n<\/tr>\n<tr>\n<td>Teritorija<\/td>\n<td>2\u00a0986\u00a0100 cilv\u0113ku<\/td>\n<\/tr>\n<tr>\n<td>Val\u016bta<\/td>\n<td>Arm\u0113nijas drams (AMD, kods 51)<\/td>\n<\/tr>\n<tr>\n<td>Telefona kods<\/td>\n<td>+374<\/td>\n<\/tr>\n<\/tbody>\n<\/table>\n","protected":false},"excerpt":{"rendered":"<p>Arm\u0113nijas karogs tika pie\u0146emts 1990. gada 24. august\u0101, \u0161aj\u0101 laik\u0101 un atz\u012bm\u0113 karoga dienu. Kr\u0101sas, kas atrodas uz Arm\u0113nijas karoga &#8211; t\u0101s ir ruban\u012bdu dinastijas (Kilician karaliste) p\u0113d\u0113j\u0101&#8230;<\/p>\n","protected":false},"author":1,"featured_media":5778,"comment_status":"open","ping_status":"open","sticky":false,"template":"","format":"standard","meta":{"footnotes":""},"categories":[2],"tags":[],"class_list":["post-1514","post","type-post","status-publish","format-standard","has-post-thumbnail","","category-zijas-karogi"],"aioseo_notices":[],"_links":{"self":[{"href":"https:\/\/flags-world.com\/lv\/wp-json\/wp\/v2\/posts\/1514","targetHints":{"allow":["GET"]}}],"collection":[{"href":"https:\/\/flags-world.com\/lv\/wp-json\/wp\/v2\/posts"}],"about":[{"href":"https:\/\/flags-world.com\/lv\/wp-json\/wp\/v2\/types\/post"}],"author":[{"embeddable":true,"href":"https:\/\/flags-world.com\/lv\/wp-json\/wp\/v2\/users\/1"}],"replies":[{"embeddable":true,"href":"https:\/\/flags-world.com\/lv\/wp-json\/wp\/v2\/comments?post=1514"}],"version-history":[{"count":0,"href":"https:\/\/flags-world.com\/lv\/wp-json\/wp\/v2\/posts\/1514\/revisions"}],"wp:featuredmedia":[{"embeddable":true,"href":"https:\/\/flags-world.com\/lv\/wp-json\/wp\/v2\/media\/5778"}],"wp:attachment":[{"href":"https:\/\/flags-world.com\/lv\/wp-json\/wp\/v2\/media?parent=1514"}],"wp:term":[{"taxonomy":"category","embeddable":true,"href":"https:\/\/flags-world.com\/lv\/wp-json\/wp\/v2\/categories?post=1514"},{"taxonomy":"post_tag","embeddable":true,"href":"https:\/\/flags-world.com\/lv\/wp-json\/wp\/v2\/tags?post=1514"}],"curies":[{"name":"wp","href":"https:\/\/api.w.org\/{rel}","templated":true}]}}