{"id":1510,"date":"2021-01-04T17:18:09","date_gmt":"2021-01-04T14:18:09","guid":{"rendered":"https:\/\/flags-world.com\/lv\/2021\/01\/04\/angolas-karogs-nozme-un-krsas\/"},"modified":"2021-01-04T17:18:09","modified_gmt":"2021-01-04T14:18:09","slug":"angolas-karogs-nozme-un-krsas","status":"publish","type":"post","link":"https:\/\/flags-world.com\/lv\/angolas-karogs-nozme-un-krsas\/","title":{"rendered":"Angolas karogs: noz\u012bme un kr\u0101sas"},"content":{"rendered":"<p style=\"text-align: justify\">Angolas karogs tika pie\u0146emts 1975. gada 11. novembr\u012b, dr\u012bz p\u0113c neatkar\u012bbas valsts sa\u0146em\u0161anas no Portug\u0101les.<\/p>\n<p style=\"text-align: justify\"><span itemprop=\"image\" itemscope itemtype=\"https:\/\/schema.org\/ImageObject\"><img itemprop=\"url image\" loading=\"lazy\" decoding=\"async\" class=\"alignnone wp-image-3029\" src=\"\/wp-content\/uploads\/2021\/01\/flag-of-angola_1.png\" width=\"500\" height=\"333\" alt=\"Angolas karogs-1\" \/><meta itemprop=\"width\" content=\"500\"><meta itemprop=\"height\" content=\"333\"><\/span><\/p>\n<h2 style=\"text-align: justify\">Angolas v\u0113stures karogs<\/h2>\n<p style=\"text-align: justify\">Turkl\u0101t, neskatoties uz to, ka atbilde bija pat\u012bkama 70. gados, t\u0101 juridiski st\u0101j\u0101s sp\u0113k\u0101 XX gadsimta 90. gadu pirmaj\u0101 pus\u0113. Iepriek\u0161 karoga lieto\u0161ana tika izplat\u012bta visur, ta\u010du bez likum\u012bga, likum\u012bga sp\u0113ka.<\/p>\n<p>Angolas karogs ir sadal\u012bts 2 da\u013c\u0101s &#8211; sarkan\u0101 aug\u0161\u0113j\u0101 puse un meln\u0101 apak\u0161\u0113j\u0101 puse. Karoga centr\u0101 ir Dzelten\u0101s valsts \u0123erbonis, ko iesniedz zobrata da\u013ca, ma\u010dete un zvaigzne. Valsts \u0123erbon\u012b atz\u012bm\u0113tie priek\u0161meti noz\u012bm\u0113 valsts r\u016bpniec\u012bbas un lauksaimniec\u012bbas darbiniekus. Zobratu att\u0113lo str\u0101dnieku simbols, ma\u010dete noz\u012bm\u0113 zemniekus un valsts bru\u0146otu pretest\u012bbu, zvaigzne personific\u0113 starptautisko solidarit\u0101ti. Sarkanais karogs noz\u012bm\u0113 asinis, ko And\u017eelosa izl\u0113ja Nacion\u0101l\u0101s atbr\u012bvo\u0161anas kara laik\u0101 un valsts aizsardz\u012bbas period\u0101. Meln\u0101 kr\u0101sa ietver \u0100frikas kontinentu. Dzeltens noz\u012bm\u0113 miner\u0101lu bag\u0101t\u012bbu Angol\u0101. Angolas karogs uzst\u0101d\u012bts laik\u0101, kad valst\u012b atrad\u0101s marksistisk\u0101 vald\u012bba, k\u0101 ar\u012b k\u0101 rezult\u0101t\u0101 atg\u0101dina partijas simbolu.<\/p>\n<p style=\"text-align: justify\">Laik\u0101, kad bija Angola, Portug\u0101les province noz\u012bm\u0113, ka cillagologs Almeids Langhans sav\u0101 gr\u0101mat\u0101 iepaz\u012bstin\u0101ja ar priek\u0161likumu vis\u0101m aizj\u016bras provinc\u0113m ieviest rekl\u0101mkarogu, kura pamat\u0101 ir Portug\u0101le. Bet projekts netika atbalst\u012bts.<\/p>\n<p style=\"text-align: justify\"><span itemprop=\"image\" itemscope itemtype=\"https:\/\/schema.org\/ImageObject\"><img itemprop=\"url image\" loading=\"lazy\" decoding=\"async\" class=\"alignnone wp-image-3030\" src=\"\/wp-content\/uploads\/2021\/01\/flag-of-angola_2.png\" width=\"500\" height=\"333\" alt=\"Angolas karogs-2\" \/><meta itemprop=\"width\" content=\"500\"><meta itemprop=\"height\" content=\"333\"><\/span>.<\/p>\n<p style=\"text-align: justify\">M\u016bsdienu karogs saglab\u0101 nep\u0101rtraukt\u012bbu tautas kust\u012bbas karogam Angolas atbr\u012bvo\u0161anai (dibin\u0101ts 1956.\u00a0gad\u0101), kas \u013cauj piln\u012bb\u0101 atbr\u012bvot valsti no Portug\u0101les \u0101rpus telp\u0101m.<\/p>\n<p style=\"text-align: justify\">Turkl\u0101t piecstaru zvaigzne uz sabiedrisk\u0101s kust\u012bbas karoga (Amerikas v\u0113rt\u012bbu un kapit\u0101lisma z\u012bme &#8211; Amerika T\u0101 akt\u012bvi ie\u0146\u0113ma lomu revolucion\u0101rajos noska\u0146ojumos valst\u012b) tika aizst\u0101ta ar \u0101muru un komunistu Sirpi, &#8211; PSRS izdev\u0101s ieviest savu ietekmi uz republiku. Zvaigzne, joproj\u0101m saglab\u0101jusies uz karoga, bet jau ar krievu noz\u012bmes interpret\u0101ciju un neliel\u0101 m\u0113rog\u0101.<\/p>\n<p style=\"text-align: justify\">\u0160obr\u012bd Angolas Konstitucion\u0101l\u0101 komisija ved pie jauna karoga projekta izveides ar cit\u0101m kr\u0101s\u0101m un sauli centr\u0101:<\/p>\n<p style=\"text-align: justify\"><span itemprop=\"image\" itemscope itemtype=\"https:\/\/schema.org\/ImageObject\"><img itemprop=\"url image\" loading=\"lazy\" decoding=\"async\" class=\"alignnone wp-image-3031\" src=\"\/wp-content\/uploads\/2021\/01\/flag-of-angola_3.png\" width=\"500\" height=\"333\" alt=\"Angolas-3 karogs\" \/><meta itemprop=\"width\" content=\"500\"><meta itemprop=\"height\" content=\"333\"><\/span><\/p>\n<h2 style=\"text-align: justify\">Apraksts Angolas karogs<\/h2>\n<p style=\"text-align: justify\"><span itemprop=\"image\" itemscope itemtype=\"https:\/\/schema.org\/ImageObject\"><img itemprop=\"url image\" loading=\"lazy\" decoding=\"async\" class=\"alignnone wp-image-3032\" src=\"\/wp-content\/uploads\/2021\/01\/flag-of-angola_4.png\" width=\"500\" height=\"333\" alt=\"Angolas karogs-4\" \/><meta itemprop=\"width\" content=\"500\"><meta itemprop=\"height\" content=\"333\"><\/span><\/p>\n<p style=\"text-align: justify\">M\u016bsdienu Angolas karoga form\u0101ta proporcija ir 2:3. Kamera 2 horizont\u0101las, paral\u0113las sv\u012btras vis\u0101 karog\u0101.<\/p>\n<p style=\"text-align: justify\">Sirpja un \u0101mura viet\u0101 uz Angolas karoga ir citas z\u012bmes, kas l\u012bdzin\u0101s krievu z\u012bm\u0113m. SERP &#8211; aizst\u0101ts ar tehnolo\u0123isko p\u0101rnesumu &#8211; tehnolo\u0123isk\u0101 progresa un r\u016bpniec\u012bbas att\u012bst\u012bbas paz\u012bme. \u0100murs &#8211; ma\u010dete &#8211; drosmes, dedz\u012bbas un zemnieku uzvaras z\u012bme.<\/p>\n<blockquote>\n<p style=\"text-align: justify\">T\u0101pat ska\u0146darba aug\u0161gal\u0101 ir piecstaru zvaigzne &#8211; solidarit\u0101te ar starptautisko sabiedr\u012bbu un vair\u0101ku att\u012bst\u012bbas vektoru ap\u0146em\u0161an\u0101s politik\u0101.<\/p>\n<\/blockquote>\n<h2 style=\"text-align: justify\">Noz\u012bm\u0113 karogs Angola<\/h2>\n<ol style=\"text-align: justify\">\n<li>Dzelten\u0101 kr\u0101sa &#8211; labkl\u0101j\u012bba un labkl\u0101j\u012bba. Visi kompoz\u012bcijas elementi ir kr\u0101soti tie\u0161i \u0161aj\u0101 kr\u0101s\u0101.<\/li>\n<li>Sarkans &#8211; izlietas asinis z\u012bme p\u0113c iedz\u012bvot\u0101ju skaita Ukraina, zem Portug\u0101les koloni\u0101l\u0101s valdes. Ar\u012b \u0161\u012b ir asins z\u012bme, kas izpl\u016bst jau valsts atbr\u012bvo\u0161anas laik\u0101 no \u0101r\u0113jiem un iek\u0161\u0113jiem apspied\u0113jiem.<\/li>\n<li>Melns\u00a0\u2014 nespecializ\u0113ti cilv\u0113ki paraksta \u0100frikas kontinentu un \u0100frikas izcelsmi.<\/li>\n<\/ol>\n<h2 style=\"text-align: justify\">Nespecializ\u0113ta inform\u0101cija par Angolu<\/h2>\n<table>\n<tbody>\n<tr>\n<td>Ofici\u0101l\u0101 valoda<\/td>\n<td>portug\u0101\u013cu<\/td>\n<\/tr>\n<tr>\n<td>Kapit\u0101ls<\/td>\n<td>Luanda<\/td>\n<\/tr>\n<tr>\n<td>Teritorija<\/td>\n<td>1 246 700 km2<\/td>\n<\/tr>\n<tr>\n<td>Popul\u0101cija<\/td>\n<td>32 522 339 cilv\u0113ki<\/td>\n<\/tr>\n<tr>\n<td>Val\u016bta<\/td>\n<td>Kwanza (AOA, kods 973)<\/td>\n<\/tr>\n<tr>\n<td>Telefona kods<\/td>\n<td>+244<\/td>\n<\/tr>\n<\/tbody>\n<\/table>\n","protected":false},"excerpt":{"rendered":"<p>Angolas karogs tika pie\u0146emts 1975. gada 11. novembr\u012b, dr\u012bz p\u0113c neatkar\u012bbas valsts sa\u0146em\u0161anas no Portug\u0101les. Angolas v\u0113stures karogs Turkl\u0101t, neskatoties uz to, ka atbilde bija pat\u012bkama 70. gados,&#8230;<\/p>\n","protected":false},"author":1,"featured_media":5771,"comment_status":"open","ping_status":"open","sticky":false,"template":"","format":"standard","meta":{"footnotes":""},"categories":[5],"tags":[],"class_list":["post-1510","post","type-post","status-publish","format-standard","has-post-thumbnail","","category-frikas-valstu-karogi"],"aioseo_notices":[],"_links":{"self":[{"href":"https:\/\/flags-world.com\/lv\/wp-json\/wp\/v2\/posts\/1510","targetHints":{"allow":["GET"]}}],"collection":[{"href":"https:\/\/flags-world.com\/lv\/wp-json\/wp\/v2\/posts"}],"about":[{"href":"https:\/\/flags-world.com\/lv\/wp-json\/wp\/v2\/types\/post"}],"author":[{"embeddable":true,"href":"https:\/\/flags-world.com\/lv\/wp-json\/wp\/v2\/users\/1"}],"replies":[{"embeddable":true,"href":"https:\/\/flags-world.com\/lv\/wp-json\/wp\/v2\/comments?post=1510"}],"version-history":[{"count":0,"href":"https:\/\/flags-world.com\/lv\/wp-json\/wp\/v2\/posts\/1510\/revisions"}],"wp:featuredmedia":[{"embeddable":true,"href":"https:\/\/flags-world.com\/lv\/wp-json\/wp\/v2\/media\/5771"}],"wp:attachment":[{"href":"https:\/\/flags-world.com\/lv\/wp-json\/wp\/v2\/media?parent=1510"}],"wp:term":[{"taxonomy":"category","embeddable":true,"href":"https:\/\/flags-world.com\/lv\/wp-json\/wp\/v2\/categories?post=1510"},{"taxonomy":"post_tag","embeddable":true,"href":"https:\/\/flags-world.com\/lv\/wp-json\/wp\/v2\/tags?post=1510"}],"curies":[{"name":"wp","href":"https:\/\/api.w.org\/{rel}","templated":true}]}}