{"id":1506,"date":"2021-01-04T17:18:09","date_gmt":"2021-01-04T14:18:09","guid":{"rendered":"https:\/\/flags-world.com\/lv\/2021\/01\/04\/alrijas-karogs-nozme-un-krsas\/"},"modified":"2021-01-04T17:18:09","modified_gmt":"2021-01-04T14:18:09","slug":"alrijas-karogs-nozme-un-krsas","status":"publish","type":"post","link":"https:\/\/flags-world.com\/lv\/alrijas-karogs-nozme-un-krsas\/","title":{"rendered":"Al\u017e\u012brijas karogs: noz\u012bme un kr\u0101sas"},"content":{"rendered":"<p>Al\u017e\u012brijas karogs tika uzst\u0101d\u012bts 1962. gada 3. j\u016blij\u0101, p\u0113c tam ieg\u016bstot neatkar\u012bbu no Francijas. Al\u017e\u012brijas karogs sast\u0101v no 2 izometrisk\u0101m vertik\u0101l\u0101m sv\u012btr\u0101m, za\u013cas, k\u0101 ar\u012b baltas kr\u0101sas. Karoga centr\u0101 ir zvaigznes un sarkan\u0101 pusm\u0113ness att\u0113ls. Jebkurai Al\u017e\u012brijas karoga kr\u0101sai ir simboliska noz\u012bme.<\/p>\n<ol>\n<li>Balt\u0101 kr\u0101sa noz\u012bm\u0113 mieru un piekl\u0101j\u012bbu;<\/li>\n<li>Za\u013c\u0161 &#8211; noz\u012bm\u0113 dabisko skaistumu, cer\u012bbu un prieku;<\/li>\n<li>Sarkan\u0101 kr\u0101sa apz\u012bm\u0113 asinis, kas izlietas Al\u017e\u012brijas neatkar\u012bbas kara laik\u0101 (1954-1962).<\/li>\n<\/ol>\n<p>Za\u013co apz\u012bm\u0113 ar\u012b tradicion\u0101l\u0101 isl\u0101ma reli\u0123ijas z\u012bme.<\/p>\n<blockquote class=\"quote\"><p>Zvaigzne un pusm\u0113ness ir isl\u0101ma simboli.<\/p><\/blockquote>\n<p style=\"text-align: justify\">T\u0101tad Al\u017e\u012brijas karogs izskat\u0101s \u0161\u0101di: foto<\/p>\n<p style=\"text-align: justify\"><span itemprop=\"image\" itemscope itemtype=\"https:\/\/schema.org\/ImageObject\"><img itemprop=\"url image\" loading=\"lazy\" decoding=\"async\" class=\"alignnone wp-image-3053\" src=\"\/wp-content\/uploads\/2021\/01\/flag-of-algeria_1.png\" width=\"500\" height=\"333\" alt=\"Al\u017e\u012brijas karogs-1\" \/><meta itemprop=\"width\" content=\"500\"><meta itemprop=\"height\" content=\"333\"><\/span><\/p>\n<p style=\"text-align: justify\">Al\u017e\u012brija ir visliel\u0101k\u0101 vald\u012bba \u0100frik\u0101. K\u0101 katr\u0101 politiskaj\u0101 izgl\u012bt\u012bb\u0101 vi\u0146am ir person\u012bg\u0101s valsts z\u012bmes: himna, karogs un \u0123erbonis. Un, ja ar\u0101bu valoda, lai zin\u0101tu himnu, karogu un \u0123erboni ir saprotam\u0101k katram. Par p\u0113d\u0113jo no \u0161\u012bm z\u012bm\u0113m &#8211; karogu, t\u0101 ra\u0161an\u0101s v\u0113sturi, noz\u012bmi un atk\u0101psies m\u016bsu rakst\u0101.<\/p>\n<h2 style=\"text-align: justify\">V\u0113stures karogs Al\u017e\u012brija<\/h2>\n<p style=\"text-align: justify\">M\u016bsdienu Al\u017e\u012brijas teritorija l\u012bdz XX gadsimta otrajai pusei bija Francijas Republikas kolonija. Konkr\u0113ti, pamatojoties uz to, nevienai neatkar\u012bbas z\u012bmei nebija laika. Beidzoties s\u012bvajam karam pret fran\u010du armij\u0101m, tika nolemts sar\u012bkot referendumu, kur\u0101 tika izskat\u012bts jaut\u0101jums par kolonijas neatkar\u012bbu. Saska\u0146\u0101 ar vi\u0146a rezult\u0101tiem 1962. gada 1. j\u016blij\u0101 Al\u017e\u012brija k\u013cuva par br\u012bvvalsti. Un p\u0113c div\u0101m dien\u0101m tika apstiprin\u0101ts ofici\u0101lais valsts karogs.<\/p>\n<p style=\"text-align: justify\">Tiek uzskat\u012bts, ka valsts karogs ir tas pats audums, ko izmantoja pa\u0161vald\u012bbas atbr\u012bvo\u0161anas fronte valsts neatkar\u012bbas kara laik\u0101. Fronte tika organiz\u0113ta 20.\u00a0gadsimta 50.\u00a0gadu pirmaj\u0101 pus\u0113, vi\u0146u vad\u012bja komandieris, dzejnieks un zin\u0101tnieks Abdels Kadirs, kur\u0161 k\u013cuva par v\u0113l\u0101kajiem municip\u0101lajiem Al\u017e\u012brijas ce\u013cot\u0101jiem.<\/p>\n<h2 style=\"text-align: justify\">Apraksts<\/h2>\n<p style=\"text-align: justify\">Al\u017e\u012brijas karogs ir taisnst\u016brveida audekla form\u0101, sadal\u012bts div\u0101s vertik\u0101l\u0101s sv\u012btr\u0101s, kas ir l\u012bdz\u012bgas platum\u0101. Kreis\u0101 puse &#8211; za\u013ca, bet lab\u0101 &#8211; sniegbalta. Centr\u0101 ir sarkans pusm\u0113ness, kur\u0101 ir piecstaru zvaigzne nek\u0101 kr\u0101sas. Auduma malu attiec\u012bba ir 2:3.<\/p>\n<p style=\"text-align: justify\"><span itemprop=\"image\" itemscope itemtype=\"https:\/\/schema.org\/ImageObject\"><img itemprop=\"url image\" loading=\"lazy\" decoding=\"async\" class=\"alignnone wp-image-3054\" src=\"\/wp-content\/uploads\/2021\/01\/flag-of-algeria_2.png\" width=\"500\" height=\"333\" alt=\"Al\u017e\u012brijas karogs-2\" \/><meta itemprop=\"width\" content=\"500\"><meta itemprop=\"height\" content=\"333\"><\/span><\/p>\n<h2 style=\"text-align: justify\">Kr\u0101su karogs Al\u017e\u012brija<\/h2>\n<p style=\"text-align: justify\">Al\u017e\u012brijas karog\u0101 ir izmantotas tr\u012bs kr\u0101sas: za\u013cgana, sniegbalta un sarkana. Pirmais no tiem tiek uzskat\u012bts par labu reli\u0123ijas kr\u0101su liel\u0101kajai da\u013cai valsts iedz\u012bvot\u0101ju &#8211; musulma\u0146u. V\u0113l viena \u0161\u012bs kr\u0101sas interpret\u0101cija ir tic\u012bba uzvarai.<\/p>\n<ul>\n<li style=\"text-align: justify\">Gr\u012bns uzsver faktu, ka valsts neatkar\u012bbu izc\u0113la iebruc\u0113ji.<\/li>\n<li style=\"text-align: justify\">Balt\u0101 kr\u0101sa &#8211; t\u012br\u012bbas z\u012bme un s\u0113ras par miru\u0161ajiem, c\u012bnoties par piln\u012bbu.<\/li>\n<\/ul>\n<p style=\"text-align: justify\">Al\u017e\u012brij\u0101 tiek aicin\u0101ts uz drosmi, vad\u012bt karu par valsts atbr\u012bvo\u0161anu no koloni\u0101l\u0101s apspie\u0161anas.<\/p>\n<p style=\"text-align: justify\">Sarkan\u0101 kr\u0101sa ir br\u012bv\u012bbas noz\u012bmes apz\u012bm\u0113jums valstij.<\/p>\n<h2 style=\"text-align: justify\">Noz\u012bme karogs Al\u017e\u012brija<\/h2>\n<p style=\"text-align: justify\">Zvaigzne un pusm\u0113ness ir isl\u0101ma z\u012bmes, kuras s\u0101ka interpret\u0113t k\u0101 musulma\u0146us no 1950.\u00a0gada \u2013 60.\u00a0gadiem. Ir ar\u012b j\u0101atz\u012bm\u0113, ka pusm\u0113ness ar \u013coti \u013coti iegareniem ragiem ir neparasta Al\u017e\u012brijas z\u012bme. Vi\u0146ai, koordin\u0113jot no Al\u017e\u012brijas iedz\u012bvot\u0101ju viedok\u013ca, vajadz\u0113tu g\u016bt pan\u0101kumus gan cilv\u0113kiem, gan visai valstij. Turkl\u0101t al\u017e\u012brie\u0161u simbols nes laimi.<\/p>\n<p style=\"text-align: justify\">L\u012bdz\u012bgas z\u012bmes &#8211; zvaigzne un pusm\u0113ness, paties\u012bb\u0101, balts, tika izmantots Turcij\u0101 devi\u0146padsmitaj\u0101 gadsimt\u0101. \u0160obr\u012bd t\u0101da pati z\u012bme ar &quot;apa\u013cotu&quot; zvaigzni un pusm\u0113ness, bet uz sarkana fona att\u0113lota uz Turcijas Republikas karoga.<\/p>\n<p style=\"text-align: justify\">Al\u017e\u012brijas karogs ir neat\u0146emama valsts z\u012bme, kas atspogu\u013coja gan reli\u0123iju, gan pa\u0161vald\u012bbu v\u0113sturi un piln\u012bbu, noteikumus. Tie\u0161i pamatojoties uz to, t\u0101s slavenais sarkanais pusm\u0113ness ar zvaigzni atrodas ar\u012b valsts \u0123erbon\u012b. Un j\u016bras karogs gandr\u012bz atk\u0101rto st\u0101vokli, neskaitot \u0161\u0137\u0113rsotu enkuru p\u0101ri aug\u0161\u0113j\u0101 st\u016br\u012b pa kreisi.<\/p>\n<p style=\"text-align: justify\">Karoga veido\u0161ana:<\/p>\n<p style=\"text-align: justify\"><span itemprop=\"image\" itemscope itemtype=\"https:\/\/schema.org\/ImageObject\"><img itemprop=\"url image\" loading=\"lazy\" decoding=\"async\" class=\"alignnone wp-image-3055\" src=\"\/wp-content\/uploads\/2021\/01\/flag-of-algeria_3.png\" width=\"500\" height=\"343\" alt=\"Al\u017e\u012brijas karogs-3\" \/><meta itemprop=\"width\" content=\"500\"><meta itemprop=\"height\" content=\"343\"><\/span> <span itemprop=\"image\" itemscope itemtype=\"https:\/\/schema.org\/ImageObject\"><img itemprop=\"url image\" loading=\"lazy\" decoding=\"async\" class=\"alignnone wp-image-3056\" src=\"\/wp-content\/uploads\/2021\/01\/flag-of-algeria_4.png\" width=\"500\" height=\"333\" alt=\"Al\u017e\u012brijas karogs-4\" \/><meta itemprop=\"width\" content=\"500\"><meta itemprop=\"height\" content=\"333\"><\/span><\/p>\n<h2 style=\"text-align: justify\">Nespecializ\u0113ta inform\u0101cija par Al\u017e\u012briju<\/h2>\n<table>\n<tbody>\n<tr style=\"text-align: justify\">\n<td>Ofici\u0101l\u0101 valoda<\/td>\n<td>ar\u0101bu, berberu<\/td>\n<\/tr>\n<tr style=\"text-align: justify\">\n<td>Kapit\u0101ls<\/td>\n<td>Al\u017e\u012brija<\/td>\n<\/tr>\n<tr style=\"text-align: justify\">\n<td>Teritorija<\/td>\n<td>2 381 740 km2<\/td>\n<\/tr>\n<tr style=\"text-align: justify\">\n<td>Popul\u0101cija<\/td>\n<td>44 045 611 cilv\u0113ki<\/td>\n<\/tr>\n<tr style=\"text-align: justify\">\n<td>Val\u016bta<\/td>\n<td>Al\u017e\u012brijas din\u0101rs<\/td>\n<\/tr>\n<tr>\n<td style=\"text-align: justify\">Telefona kods<\/td>\n<td style=\"text-align: justify\">+213<\/td>\n<\/tr>\n<\/tbody>\n<\/table>\n","protected":false},"excerpt":{"rendered":"<p>Al\u017e\u012brijas karogs tika uzst\u0101d\u012bts 1962. gada 3. j\u016blij\u0101, p\u0113c tam ieg\u016bstot neatkar\u012bbu no Francijas. Al\u017e\u012brijas karogs sast\u0101v no 2 izometrisk\u0101m vertik\u0101l\u0101m sv\u012btr\u0101m, za\u013cas, k\u0101 ar\u012b baltas kr\u0101sas. Karoga&#8230;<\/p>\n","protected":false},"author":1,"featured_media":5766,"comment_status":"open","ping_status":"open","sticky":false,"template":"","format":"standard","meta":{"footnotes":""},"categories":[5],"tags":[],"class_list":["post-1506","post","type-post","status-publish","format-standard","has-post-thumbnail","","category-frikas-valstu-karogi"],"aioseo_notices":[],"_links":{"self":[{"href":"https:\/\/flags-world.com\/lv\/wp-json\/wp\/v2\/posts\/1506","targetHints":{"allow":["GET"]}}],"collection":[{"href":"https:\/\/flags-world.com\/lv\/wp-json\/wp\/v2\/posts"}],"about":[{"href":"https:\/\/flags-world.com\/lv\/wp-json\/wp\/v2\/types\/post"}],"author":[{"embeddable":true,"href":"https:\/\/flags-world.com\/lv\/wp-json\/wp\/v2\/users\/1"}],"replies":[{"embeddable":true,"href":"https:\/\/flags-world.com\/lv\/wp-json\/wp\/v2\/comments?post=1506"}],"version-history":[{"count":0,"href":"https:\/\/flags-world.com\/lv\/wp-json\/wp\/v2\/posts\/1506\/revisions"}],"wp:featuredmedia":[{"embeddable":true,"href":"https:\/\/flags-world.com\/lv\/wp-json\/wp\/v2\/media\/5766"}],"wp:attachment":[{"href":"https:\/\/flags-world.com\/lv\/wp-json\/wp\/v2\/media?parent=1506"}],"wp:term":[{"taxonomy":"category","embeddable":true,"href":"https:\/\/flags-world.com\/lv\/wp-json\/wp\/v2\/categories?post=1506"},{"taxonomy":"post_tag","embeddable":true,"href":"https:\/\/flags-world.com\/lv\/wp-json\/wp\/v2\/tags?post=1506"}],"curies":[{"name":"wp","href":"https:\/\/api.w.org\/{rel}","templated":true}]}}