{"id":1505,"date":"2021-01-04T17:18:09","date_gmt":"2021-01-04T14:18:09","guid":{"rendered":"https:\/\/flags-world.com\/lv\/2021\/01\/04\/albnijas-karogi-foto-un-vsture\/"},"modified":"2021-01-04T17:18:09","modified_gmt":"2021-01-04T14:18:09","slug":"albnijas-karogi-foto-un-vsture","status":"publish","type":"post","link":"https:\/\/flags-world.com\/lv\/albnijas-karogi-foto-un-vsture\/","title":{"rendered":"Alb\u0101nijas karogi: foto un v\u0113sture"},"content":{"rendered":"<p style=\"text-align: justify\">Alb\u0101nijas karog\u0101 ir taisnst\u016bra formas audekls ar proporcij\u0101m no 5 l\u012bdz 7. Uz sarkana fona ir melns divgalvains \u0113rglis. Karog\u0101 ir \u012bpa\u0161v\u0101rds &quot;Flameur Skanderbeg&quot;, kas ieg\u016bts par godu Republikas valsts varonim &#8211; Skanderbergam.<\/p>\n<blockquote class=\"quote\"><p>Alb\u0101nija ir neliela vald\u012bba Balk\u0101nos, kuru piemin ne tik bie\u017ei. Jo aizraujo\u0161\u0101k, k\u0101ds karogs personific\u0113 \u0161o valsti.<\/p><\/blockquote>\n<h2 style=\"text-align: justify\">V\u0113sture Alb\u0101nijas karogi<\/h2>\n<p style=\"text-align: justify\">1. Alb\u0101nijas karoga piemin\u0113\u0161ana notiek ar\u012b piecpadsmitaj\u0101 gadsimt\u0101. Alb\u0101nis D\u017eord\u017es Kastritiss, kur\u0161 v\u0113l\u0101k k\u013cuva par valsts stendu, pateicoties c\u012b\u0146ai pret turkiem, uz saviem karogiem izmantoja divgalvain\u0101 tum\u0161\u0101 piek\u016bna att\u0113lu. Da\u017e\u0101s vari\u0101cij\u0101s virs Sokola tika att\u0113lota \u0137ivere (kas palika uz valsts \u0123erbo\u0146a).<\/p>\n<p style=\"text-align: justify\">1912. gad\u0101 Alb\u0101nija ieguva neatkar\u012bbu no Turcijas un k\u013cuva par br\u012bvu valsti. Uz sarkan\u0101 audekla s\u0101ka att\u0113lot tum\u0161o piek\u016bnu. Visa 20. gadsimta laik\u0101 da\u017e\u0101di elementi (imp\u0113rijas kronis, komunistisk\u0101 piecstaru zvaigzne, \u0101murs un sirpis) ir dat\u0113ti ar \u0161o tipu, kas bija saist\u012bts ar da\u017e\u0101diem notikumiem un t\u0101 laika dego\u0161o valsts politiku.<\/p>\n<h3>Alb\u0101nijas karogu fotoatt\u0113ls<\/h3>\n<p style=\"text-align: justify\"><span itemprop=\"image\" itemscope itemtype=\"https:\/\/schema.org\/ImageObject\"><img itemprop=\"url image\" loading=\"lazy\" decoding=\"async\" class=\"alignnone size-full wp-image-3059\" src=\"\/wp-content\/uploads\/2021\/01\/albanian-flags_3.png\" alt=\"Alb\u0101nijas karogs-1\" width=\"300\" height=\"194\" \/><meta itemprop=\"width\" content=\"300\"><meta itemprop=\"height\" content=\"194\"><\/span><\/p>\n<ul>\n<li style=\"text-align: justify\">Alb\u0101nijas karogs 1912-1914<\/li>\n<\/ul>\n<p style=\"text-align: justify\"><span itemprop=\"image\" itemscope itemtype=\"https:\/\/schema.org\/ImageObject\"><img itemprop=\"url image\" loading=\"lazy\" decoding=\"async\" class=\"alignnone size-full wp-image-3060\" src=\"\/wp-content\/uploads\/2021\/01\/albanian-flags_1.png\" alt=\"Alb\u0101nijas karogs-2\" width=\"300\" height=\"214\" \/><meta itemprop=\"width\" content=\"300\"><meta itemprop=\"height\" content=\"214\"><\/span><\/p>\n<ul>\n<li style=\"text-align: justify\">Alb\u0101nijas karogs 1914-1920<\/li>\n<\/ul>\n<p style=\"text-align: justify\"><span itemprop=\"image\" itemscope itemtype=\"https:\/\/schema.org\/ImageObject\"><img itemprop=\"url image\" loading=\"lazy\" decoding=\"async\" class=\"alignnone size-full wp-image-3061\" src=\"\/wp-content\/uploads\/2021\/01\/albanian-flags_5.png\" alt=\"Alb\u0101nijas karogs-3\" width=\"300\" height=\"214\" \/><meta itemprop=\"width\" content=\"300\"><meta itemprop=\"height\" content=\"214\"><\/span><\/p>\n<ul>\n<li style=\"text-align: justify\">1917-1918 (Korkas br\u012bv\u0101 Alb\u0101nijas Republika (Francijas okup\u0101cija))<\/li>\n<\/ul>\n<p style=\"text-align: justify\"><span itemprop=\"image\" itemscope itemtype=\"https:\/\/schema.org\/ImageObject\"><img itemprop=\"url image\" loading=\"lazy\" decoding=\"async\" class=\"alignnone size-full wp-image-3062\" src=\"\/wp-content\/uploads\/2021\/01\/albanian-flags_4.png\" alt=\"Alb\u0101nijas karogs-4\" width=\"300\" height=\"200\" \/><meta itemprop=\"width\" content=\"300\"><meta itemprop=\"height\" content=\"200\"><\/span><\/p>\n<ul>\n<li style=\"text-align: justify\">Alb\u0101nijas karogs 1920. gada 20. janv\u0101ris &#8211; 1929. gada 8. augusts<\/li>\n<\/ul>\n<p style=\"text-align: justify\"><span itemprop=\"image\" itemscope itemtype=\"https:\/\/schema.org\/ImageObject\"><img itemprop=\"url image\" loading=\"lazy\" decoding=\"async\" class=\"alignnone size-full wp-image-3063\" src=\"\/wp-content\/uploads\/2021\/01\/albanian-flags_2.png\" alt=\"Alb\u0101nijas karogs-5\" width=\"300\" height=\"200\" \/><meta itemprop=\"width\" content=\"300\"><meta itemprop=\"height\" content=\"200\"><\/span><\/p>\n<ul>\n<li style=\"text-align: justify\">Alb\u0101nijas karogs 1929. gada 8. augusts &#8211; 1934. g<\/li>\n<\/ul>\n<p style=\"text-align: justify\"><span itemprop=\"image\" itemscope itemtype=\"https:\/\/schema.org\/ImageObject\"><img itemprop=\"url image\" loading=\"lazy\" decoding=\"async\" class=\"alignnone size-full wp-image-3064\" src=\"\/wp-content\/uploads\/2021\/01\/albanian-flags_6.png\" alt=\"Alb\u0101nijas karogs-6\" width=\"300\" height=\"200\" \/><meta itemprop=\"width\" content=\"300\"><meta itemprop=\"height\" content=\"200\"><\/span><\/p>\n<ul>\n<li style=\"text-align: justify\">Alb\u0101nijas karogs 1934 \u2013 1939. gada 3. j\u016bnijs<\/li>\n<\/ul>\n<p style=\"text-align: justify\"><span itemprop=\"image\" itemscope itemtype=\"https:\/\/schema.org\/ImageObject\"><img itemprop=\"url image\" loading=\"lazy\" decoding=\"async\" class=\"alignnone size-full wp-image-3065\" src=\"\/wp-content\/uploads\/2021\/01\/albanian-flags_9.png\" alt=\"Alb\u0101nijas karogs-7\" width=\"300\" height=\"200\" \/><meta itemprop=\"width\" content=\"300\"><meta itemprop=\"height\" content=\"200\"><\/span><\/p>\n<ul>\n<li style=\"text-align: justify\">Alb\u0101nijas karogs 1939. gada 3. j\u016bnijs &#8211; 1943. gada 20. oktobris (Alb\u0101nijas karogs It\u0101lijas okup\u0101cijas laik\u0101)<\/li>\n<\/ul>\n<p style=\"text-align: justify\"><span itemprop=\"image\" itemscope itemtype=\"https:\/\/schema.org\/ImageObject\"><img itemprop=\"url image\" loading=\"lazy\" decoding=\"async\" class=\"alignnone size-full wp-image-3066\" src=\"\/wp-content\/uploads\/2021\/01\/albanian-flags_7.png\" alt=\"Alb\u0101nijas karogs-8\" width=\"300\" height=\"200\" \/><meta itemprop=\"width\" content=\"300\"><meta itemprop=\"height\" content=\"200\"><\/span><\/p>\n<ul>\n<li style=\"text-align: justify\">1939. gada 3. j\u016bnijs &#8211; 1943. gada 20. oktobris (It\u0101lijas kara\u013ca gubernatora karogs)<\/li>\n<\/ul>\n<p style=\"text-align: justify\"><span itemprop=\"image\" itemscope itemtype=\"https:\/\/schema.org\/ImageObject\"><img itemprop=\"url image\" loading=\"lazy\" decoding=\"async\" class=\"alignnone size-full wp-image-3067\" src=\"\/wp-content\/uploads\/2021\/01\/albanian-flags_8.png\" alt=\"Alb\u0101nijas karogs-9\" width=\"300\" height=\"150\" \/><meta itemprop=\"width\" content=\"300\"><meta itemprop=\"height\" content=\"150\"><\/span><\/p>\n<ul>\n<li style=\"text-align: justify\">1943. gada 20. oktobris &#8211; 1944. gada 10. oktobris<\/li>\n<\/ul>\n<p style=\"text-align: justify\"><span itemprop=\"image\" itemscope itemtype=\"https:\/\/schema.org\/ImageObject\"><img itemprop=\"url image\" loading=\"lazy\" decoding=\"async\" class=\"alignnone size-full wp-image-3068\" src=\"\/wp-content\/uploads\/2021\/01\/albanian-flags_10.png\" alt=\"Alb\u0101nijas karogs-10\" width=\"300\" height=\"200\" \/><meta itemprop=\"width\" content=\"300\"><meta itemprop=\"height\" content=\"200\"><\/span><\/p>\n<ul>\n<li style=\"text-align: justify\">1944. gada 10. oktobris &#8211; 1946. gada 7. marts<\/li>\n<\/ul>\n<p style=\"text-align: justify\"><span itemprop=\"image\" itemscope itemtype=\"https:\/\/schema.org\/ImageObject\"><img itemprop=\"url image\" loading=\"lazy\" decoding=\"async\" class=\"alignnone size-full wp-image-3069\" src=\"\/wp-content\/uploads\/2021\/01\/albanian-flags_11.png\" alt=\"Alb\u0101nijas karogs-11\" width=\"300\" height=\"214\" \/><meta itemprop=\"width\" content=\"300\"><meta itemprop=\"height\" content=\"214\"><\/span><\/p>\n<ul>\n<li style=\"text-align: justify\">1946. gada 7. marts &#8211; 1992. gada 7. apr\u012blis<\/li>\n<\/ul>\n<blockquote>\n<p style=\"text-align: justify\">1992. gada 7. apr\u012bl\u012b karogs ir ieguvis pa\u0161reiz\u0113jo formu.<\/p>\n<\/blockquote>\n<h2 style=\"text-align: justify\">Alb\u0101nijas karoga v\u0113sture<\/h2>\n<p style=\"text-align: justify\">Alb\u0101nijas karogs parasti tiek att\u0113lots k\u0101 tum\u0161a divgalvaina piek\u016bna att\u0113ls uz sarkana audekla, kam ir standarta taisnst\u016bra forma ar malu attiec\u012bbu 5:7. Neskaitot \u0161o, \u0161\u0137iet versija, kur ir komunistu zvaigzne (novecojusi) vai \u0137ivere (tautas). Alb\u0101nijas \u0123erbonis un karogs gandr\u012bz neat\u0161\u0137iras viens no otra.<\/p>\n<h2 style=\"text-align: justify\">Kr\u0101su Alb\u0101nijas karogi<\/h2>\n<p style=\"text-align: justify\">K\u0101 jau zi\u0146ots, uz karoga ir tikai sarkana kr\u0101sa, pateicoties (kas ir ofici\u0101li apstiprin\u0101ta CMYK form\u0101t\u0101) un gai\u0161i tum\u0161a kr\u0101sa.<\/p>\n<p>Sarkano karogu apz\u012bm\u0113 alb\u0101\u0146u patriotu asinis, ko vi\u0146i izl\u0113ja kar\u0101 pret paverdzin\u0101t\u0101jiem (turku). Divgalvainais \u0113rglis karoga centr\u0101 nor\u0101da uz alb\u0101\u0146u izcelsmi, k\u0101 no \u0113rg\u013ca p\u0113cn\u0101c\u0113jiem. Saska\u0146\u0101 ar citu versiju, \u0113rglis ir \u0146emts no Bizantijas imp\u0113rijas \u0123erbo\u0146a. Divgalvainais melnais \u0113rglis uz sarkana fona eksist\u0113ja k\u0101 karu karogs pret turkiem.<\/p>\n<h2 style=\"text-align: justify\">Noz\u012bm\u0113 kr\u0101sas Alb\u0101nijas karogi<\/h2>\n<p style=\"text-align: justify\">Alb\u0101nijas karoga kr\u0101sas nav saist\u012btas ar heraldisk\u0101m v\u0113rt\u012bb\u0101m, lai gan bie\u017ei tiek teikts, ka sarkano fonu parasti apz\u012bm\u0113 asinis, ko alb\u0101\u0146i izl\u0113ju\u0161i par savu br\u012bv\u012bbu. Bet s\u0101kum\u0101 \u0161aj\u0101 gad\u012bjum\u0101 kr\u0101sas attaisno valsts tap\u0161anas v\u0113sture. Sarkan\u0101 pane\u013ca kr\u0101sa ir drosm\u012bga, drosm\u012bga, sp\u0113ks un gods no Ukrainas iedz\u012bvot\u0101ju puses un v\u0113las aizsarg\u0101t savu br\u012bv\u012bbu.<\/p>\n<p style=\"text-align: justify\">Kas attiecas uz tum\u0161o piek\u016bnu, tad vi\u0146\u0161 bija 15. gadsimta valsts drosminieka Joresa Kastrita (Skanderbega) z\u012bme, kas alb\u0101\u0146u tautu savienoja ar vienotu valsti un veiksm\u012bgi aizst\u0101v\u0113ja savu neatkar\u012bbu, person\u012bgi piedaloties vis\u0101s kauj\u0101s. Vi\u0146a vad\u012bt\u0101 armija vismaz ar gr\u016bt\u012bb\u0101m izm\u0113\u0123in\u0101ja da\u017e\u0101das uzvaras un ne\u013c\u0101va turkiem sagr\u0101bt alb\u0101\u0146u zemes. Tie\u0161i vi\u0146a \u0137ivere periodiski tiek att\u0113lota virs piek\u016bna un joproj\u0101m fiks\u0113ta valsts \u0123erbon\u012b. Skanderbegas \u0123erbon\u012b ir divas versijas par piek\u016bna izcelsmi.<\/p>\n<p style=\"text-align: justify\">Viens no vi\u0146iem &#8211; slavenais &#8211; saka, ka visi alb\u0101\u0146i c\u0113lu\u0161ies no kalnu \u0113rg\u013ciem, bet valsts valdnieks &#8211; tie\u0161s gan\u0101mpulka vado\u0146a p\u0113cn\u0101c\u0113js. Tas ir balst\u012bts uz liel\u0101ko alb\u0101\u0146u tautas pasaku si\u017eetu. Nu, valsts nosaukums alb\u0101\u0146u valod\u0101 izklaus\u0101s k\u0101 &quot;Skipper&quot;. Tulkojum\u0101 krievu valod\u0101 nor\u0101da: &quot;Orlovas valsts&quot;.<\/p>\n<p style=\"text-align: justify\">Otr\u0101 versija ir ticam\u0101ka: piek\u016bnu alb\u0101\u0146us adopt\u0113ja bizantie\u0161i, jo tas bija tie\u0161i uz Bizantijas imp\u0113rijas \u0123erbo\u0146a.<\/p>\n<p style=\"text-align: justify\">Alb\u0101nijas karogs ir pieejams uz tum\u0161a piek\u016bna uz sarkana auduma. \u0160\u0101du simbolu izv\u0113li pamato Alb\u0101nijas valsts sare\u017e\u0123\u012btais st\u0101sts.<\/p>\n<h2 style=\"text-align: justify\">Nespecializ\u0113ta inform\u0101cija par Alb\u0101niju<\/h2>\n<table>\n<tbody>\n<tr style=\"text-align: justify\">\n<td>Ofici\u0101l\u0101 valoda<\/td>\n<td>alb\u0101nis<\/td>\n<\/tr>\n<tr style=\"text-align: justify\">\n<td>Kapit\u0101ls<\/td>\n<td>Tir\u0101na<\/td>\n<\/tr>\n<tr style=\"text-align: justify\">\n<td>Popul\u0101cija<\/td>\n<td>2\u00a0876\u00a0591 cilv\u0113ks<\/td>\n<\/tr>\n<tr style=\"text-align: justify\">\n<td>Teritorija<\/td>\n<td>28 748 km2<\/td>\n<\/tr>\n<tr style=\"text-align: justify\">\n<td>Val\u016bta<\/td>\n<td>l\u012bga<\/td>\n<\/tr>\n<tr>\n<td style=\"text-align: justify\">Telefona kods<\/td>\n<td style=\"text-align: justify\">+355<\/td>\n<\/tr>\n<\/tbody>\n<\/table>\n","protected":false},"excerpt":{"rendered":"<p>Alb\u0101nijas karog\u0101 ir taisnst\u016bra formas audekls ar proporcij\u0101m no 5 l\u012bdz 7. Uz sarkana fona ir melns divgalvains \u0113rglis. Karog\u0101 ir \u012bpa\u0161v\u0101rds &quot;Flameur Skanderbeg&quot;, kas ieg\u016bts par godu&#8230;<\/p>\n","protected":false},"author":1,"featured_media":5765,"comment_status":"open","ping_status":"open","sticky":false,"template":"","format":"standard","meta":{"footnotes":""},"categories":[3],"tags":[],"class_list":["post-1505","post","type-post","status-publish","format-standard","has-post-thumbnail","","category-eiropas-karogi"],"aioseo_notices":[],"_links":{"self":[{"href":"https:\/\/flags-world.com\/lv\/wp-json\/wp\/v2\/posts\/1505","targetHints":{"allow":["GET"]}}],"collection":[{"href":"https:\/\/flags-world.com\/lv\/wp-json\/wp\/v2\/posts"}],"about":[{"href":"https:\/\/flags-world.com\/lv\/wp-json\/wp\/v2\/types\/post"}],"author":[{"embeddable":true,"href":"https:\/\/flags-world.com\/lv\/wp-json\/wp\/v2\/users\/1"}],"replies":[{"embeddable":true,"href":"https:\/\/flags-world.com\/lv\/wp-json\/wp\/v2\/comments?post=1505"}],"version-history":[{"count":0,"href":"https:\/\/flags-world.com\/lv\/wp-json\/wp\/v2\/posts\/1505\/revisions"}],"wp:featuredmedia":[{"embeddable":true,"href":"https:\/\/flags-world.com\/lv\/wp-json\/wp\/v2\/media\/5765"}],"wp:attachment":[{"href":"https:\/\/flags-world.com\/lv\/wp-json\/wp\/v2\/media?parent=1505"}],"wp:term":[{"taxonomy":"category","embeddable":true,"href":"https:\/\/flags-world.com\/lv\/wp-json\/wp\/v2\/categories?post=1505"},{"taxonomy":"post_tag","embeddable":true,"href":"https:\/\/flags-world.com\/lv\/wp-json\/wp\/v2\/tags?post=1505"}],"curies":[{"name":"wp","href":"https:\/\/api.w.org\/{rel}","templated":true}]}}