{"id":1504,"date":"2021-01-04T17:18:09","date_gmt":"2021-01-04T14:18:09","guid":{"rendered":"https:\/\/flags-world.com\/lv\/2021\/01\/04\/afganistnas-karogs-foto-un-vsture\/"},"modified":"2021-01-04T17:18:09","modified_gmt":"2021-01-04T14:18:09","slug":"afganistnas-karogs-foto-un-vsture","status":"publish","type":"post","link":"https:\/\/flags-world.com\/lv\/afganistnas-karogs-foto-un-vsture\/","title":{"rendered":"Afganist\u0101nas karogs: foto un v\u0113sture"},"content":{"rendered":"<p style=\"text-align: justify\">Afganist\u0101nas valsts karogs ir taisnst\u016brveida audums, kas sast\u0101v no trim vien\u0101da platuma vertik\u0101l\u0101m sv\u012btr\u0101m: melnas, sarkanas un za\u013cas. Karoga centr\u0101 uz sarkan\u0101s sv\u012btras Afganist\u0101nas embl\u0113ma ir balta, kur\u0101 redzams templis ar Mihrabu un Minb\u0101ru, k\u0101 ar\u012b Shahad, musulma\u0146u reli\u0123ijas piekri\u0161ana, no aug\u0161as (&quot;Neviens Dievs, iz\u0146emot All\u0101hu un Muhamedu Vi\u0146a pravietis&quot;). Izmantoti ar\u012b karogi ar dzeltenu un melnu z\u012bmi. Karoga malu attiec\u012bba &#8211; 7:10.<\/p>\n<p style=\"text-align: justify\">T\u0101tad Afganist\u0101nas karogs izskat\u0101s \u0161\u0101di &#8211; foto:<\/p>\n<p style=\"text-align: justify\"><span itemprop=\"image\" itemscope itemtype=\"https:\/\/schema.org\/ImageObject\"><img itemprop=\"url image\" loading=\"lazy\" decoding=\"async\" class=\"alignnone wp-image-4595\" src=\"\/wp-content\/uploads\/2021\/01\/flag-of-afghanistan_1.png\" width=\"500\" height=\"333\" alt=\"Afganist\u0101nas karogs-1\" \/><meta itemprop=\"width\" content=\"500\"><meta itemprop=\"height\" content=\"333\"><\/span><\/p>\n<h2 style=\"text-align: justify\">Afganist\u0101nas karoga v\u0113sture<\/h2>\n<p style=\"text-align: justify\">Afganist\u0101nai ir viena no rekordv\u0113rt\u012bb\u0101m valsts simbolikas, tostarp karoga, mai\u0146ai. Tikai s\u0101kot ar 19. gadsimta s\u0101kumu, izmai\u0146as ir notiku\u0161as vair\u0101k nek\u0101 20 baneros. Varianti iev\u0113rojami at\u0161\u0137\u012br\u0101s viens no otra, un vienkr\u0101saini karogu veidi un tr\u012bs kr\u0101sas. T\u0101pat PSRS okup\u0101cijas laik\u0101 karogs s\u0101ka vair\u0101k l\u012bdzin\u0101ties soci\u0101listisk\u0101s nometnes valstu simbolam.<\/p>\n<p>Afganist\u0101nas karogs ofici\u0101li tika pie\u0146emts 2004. gada 4. janv\u0101r\u012b. \u0160\u012b karoga priek\u0161vakar\u0101 Afganist\u0101n\u0101 tas \u0101rk\u0101rt\u012bgi bie\u017ei main\u012bj\u0101s. Divdesmitaj\u0101 gadsimt\u0101 Afganist\u0101n\u0101 karogs main\u012bj\u0101s bie\u017e\u0101k nek\u0101 vis\u0101s cit\u0101s pasaules valst\u012bs. Biju\u0161ais karogs bija \u013coti l\u012bdz\u012bgs m\u016bsdienu karogam, ta\u010du tam bija citas proporcijas. Iepriek\u0161\u0113jie Afganist\u0101nas karogi izmantoja l\u012bdz\u012bgu kr\u0101su sh\u0113mu, bet da\u017e\u0101d\u0101s kombin\u0101cij\u0101s.<\/p>\n<blockquote>\n<p style=\"text-align: justify\">M\u016bsdienu skat\u012bjums tika likum\u012bgi pie\u0146emts 2013. gad\u0101!<\/p>\n<\/blockquote>\n<p style=\"text-align: justify\">Turkl\u0101t ir j\u0101pie\u0161\u0137ir, ka da\u017e\u0101m pag\u0101tnes karoga versij\u0101m ir iesp\u0113ja izklied\u0113t, lai at\u0161\u0137irtos no m\u016bsdienu piem\u0113ra. Piem\u0113ram, viena no valsts simbolikas z\u012bm\u0113m 70. gados un izc\u0113l\u0101s ar visu Afganist\u0101nas Republikas izveides gada kl\u0101tb\u016btni.<\/p>\n<p><span itemprop=\"image\" itemscope itemtype=\"https:\/\/schema.org\/ImageObject\"><img itemprop=\"url image\" loading=\"lazy\" decoding=\"async\" class=\"alignnone wp-image-4597\" src=\"\/wp-content\/uploads\/2021\/01\/flag-of-afghanistan_2.png\" width=\"500\" height=\"333\" alt=\"Afganist\u0101nas karogs-2\" \/><meta itemprop=\"width\" content=\"500\"><meta itemprop=\"height\" content=\"333\"><\/span><\/p>\n<ul>\n<li>Afganist\u0101nas karogs 1931-1973<\/li>\n<\/ul>\n<p><span itemprop=\"image\" itemscope itemtype=\"https:\/\/schema.org\/ImageObject\"><img itemprop=\"url image\" loading=\"lazy\" decoding=\"async\" class=\"alignnone wp-image-4598\" src=\"\/wp-content\/uploads\/2021\/01\/flag-of-afghanistan_5.png\" width=\"500\" height=\"333\" alt=\"Afganist\u0101nas karogs-3\" \/><meta itemprop=\"width\" content=\"500\"><meta itemprop=\"height\" content=\"333\"><\/span><\/p>\n<ul>\n<li>Afganist\u0101nas karogs 1973-1974<\/li>\n<\/ul>\n<p><span itemprop=\"image\" itemscope itemtype=\"https:\/\/schema.org\/ImageObject\"><img itemprop=\"url image\" loading=\"lazy\" decoding=\"async\" class=\"alignnone wp-image-4915\" src=\"\/wp-content\/uploads\/2021\/01\/flag-of-afghanistan_3.png\" width=\"500\" height=\"250\" alt=\"Afganist\u0101nas veter\u0101nu karogs\" \/><meta itemprop=\"width\" content=\"500\"><meta itemprop=\"height\" content=\"250\"><\/span><\/p>\n<ul>\n<li>Afganist\u0101nas veter\u0101nu karogs<\/li>\n<\/ul>\n<p style=\"text-align: justify\">Ar\u012b 2004. gada karoga piem\u0113r\u0101 ir neatkar\u012bbas datums no Anglijas, Kas m\u016bsdienu piem\u0113r\u0101 vairs nav &#8211; \u0161aj\u0101 un tur ir vien\u012bg\u0101 at\u0161\u0137ir\u012bba.<\/p>\n<p style=\"text-align: justify\"><span itemprop=\"image\" itemscope itemtype=\"https:\/\/schema.org\/ImageObject\"><img itemprop=\"url image\" loading=\"lazy\" decoding=\"async\" class=\"alignnone wp-image-4599\" src=\"\/wp-content\/uploads\/2021\/01\/flag-of-afghanistan_4.png\" width=\"500\" height=\"250\" alt=\"Afganist\u0101nas karogs-4\" \/><meta itemprop=\"width\" content=\"500\"><meta itemprop=\"height\" content=\"250\"><\/span><\/p>\n<p style=\"text-align: justify\">Par st\u0101vokli ir nemain\u012bgas diskusijas saist\u012bb\u0101 ar karoga veido\u0161anu, nevar izsl\u0113gt, ka dr\u012bzum\u0101 Afganist\u0101na, v\u0113l viena karoga mai\u0146a.<\/p>\n<h2 style=\"text-align: justify\">Apraksts<\/h2>\n<p style=\"text-align: justify\">M\u016bsdienu Afganist\u0101nas karogs izskat\u0101s k\u0101 audekls ar malu attiec\u012bbu 2:3. Uz auduma ir pie\u013caujams paman\u012bt tr\u012bs proporcion\u0101las vertik\u0101las sv\u012btras. Centr\u0101 ir v\u0113l viens valsts simbolisms &#8211; \u0123erbonis ar uzrakstu un mo\u0161eju ar\u0101bu valod\u0101 &quot;Visaugst\u0101k\u0101&quot;.<\/p>\n<h2 style=\"text-align: justify\">Afganist\u0101nas karoga kr\u0101sas un to noz\u012bme<\/h2>\n<p style=\"text-align: justify\">Uz Afganist\u0101nas karoga ir \u0161\u0101das kr\u0101sas &#8211; tas ir:<\/p>\n<ol style=\"text-align: justify\">\n<li>Melns &#8211; liecina par cie\u0146u vi\u0146u reli\u0123iskaj\u0101m sakn\u0113m;<\/li>\n<li>Sarkana &#8211; centr\u0101l\u0101 kr\u0101sa, kas noz\u012bm\u0113 kara\u013ca autorit\u0101tes aizie\u0161anu (pag\u0101tnes relikts &#8211; pa\u0161laik Afganist\u0101n\u0101 nav Kunga titula);<\/li>\n<li>Za\u013c\u0161 \u2014 cer\u012bba, bag\u0101t\u012bba un veiksme \u2014 kr\u0101su v\u0113rt\u012bba.<\/li>\n<\/ol>\n<p style=\"text-align: justify\">Past\u0101v le\u0123enda, ka za\u013c\u0101 kr\u0101sa simboliz\u0113 val\u016btas koka lapu kr\u0101su, tie\u0161i uz \u0161\u012b za\u013c\u0101 nokr\u0101sa ir tik nestandarta un nav l\u012bdz\u012bga cit\u0101m za\u013caj\u0101m kr\u0101s\u0101m citos pasaules \u0161tatos.<\/p>\n<h2 style=\"text-align: justify\">Nespecializ\u0113ta inform\u0101cija par Afganist\u0101nu<\/h2>\n<table>\n<tbody>\n<tr>\n<td>Ofici\u0101l\u0101 valoda<\/td>\n<td>Pu\u0161ta un Dari<\/td>\n<\/tr>\n<tr>\n<td>Kapit\u0101ls<\/td>\n<td>Kabula<\/td>\n<\/tr>\n<tr>\n<td>Teritorija<\/td>\n<td>652 864 km2<\/td>\n<\/tr>\n<tr>\n<td>Popul\u0101cija<\/td>\n<td>32 225 560 cilv\u0113ki.<\/td>\n<\/tr>\n<tr>\n<td>Val\u016bta<\/td>\n<td>afg\u0101\u0146i<\/td>\n<\/tr>\n<tr>\n<td>Telefona kods<\/td>\n<td>+93<\/td>\n<\/tr>\n<\/tbody>\n<\/table>\n","protected":false},"excerpt":{"rendered":"<p>Afganist\u0101nas valsts karogs ir taisnst\u016brveida audums, kas sast\u0101v no trim vien\u0101da platuma vertik\u0101l\u0101m sv\u012btr\u0101m: melnas, sarkanas un za\u013cas. Karoga centr\u0101 uz sarkan\u0101s sv\u012btras Afganist\u0101nas embl\u0113ma ir balta, kur\u0101&#8230;<\/p>\n","protected":false},"author":1,"featured_media":5763,"comment_status":"open","ping_status":"open","sticky":false,"template":"","format":"standard","meta":{"footnotes":""},"categories":[2],"tags":[],"class_list":["post-1504","post","type-post","status-publish","format-standard","has-post-thumbnail","","category-zijas-karogi"],"aioseo_notices":[],"_links":{"self":[{"href":"https:\/\/flags-world.com\/lv\/wp-json\/wp\/v2\/posts\/1504","targetHints":{"allow":["GET"]}}],"collection":[{"href":"https:\/\/flags-world.com\/lv\/wp-json\/wp\/v2\/posts"}],"about":[{"href":"https:\/\/flags-world.com\/lv\/wp-json\/wp\/v2\/types\/post"}],"author":[{"embeddable":true,"href":"https:\/\/flags-world.com\/lv\/wp-json\/wp\/v2\/users\/1"}],"replies":[{"embeddable":true,"href":"https:\/\/flags-world.com\/lv\/wp-json\/wp\/v2\/comments?post=1504"}],"version-history":[{"count":0,"href":"https:\/\/flags-world.com\/lv\/wp-json\/wp\/v2\/posts\/1504\/revisions"}],"wp:featuredmedia":[{"embeddable":true,"href":"https:\/\/flags-world.com\/lv\/wp-json\/wp\/v2\/media\/5763"}],"wp:attachment":[{"href":"https:\/\/flags-world.com\/lv\/wp-json\/wp\/v2\/media?parent=1504"}],"wp:term":[{"taxonomy":"category","embeddable":true,"href":"https:\/\/flags-world.com\/lv\/wp-json\/wp\/v2\/categories?post=1504"},{"taxonomy":"post_tag","embeddable":true,"href":"https:\/\/flags-world.com\/lv\/wp-json\/wp\/v2\/tags?post=1504"}],"curies":[{"name":"wp","href":"https:\/\/api.w.org\/{rel}","templated":true}]}}