{"id":5036,"date":"2021-08-11T14:34:37","date_gmt":"2021-08-11T11:34:37","guid":{"rendered":"https:\/\/flags-world.com\/it\/2021\/08\/11\/bandiera-svizzera-significato-e-colori\/"},"modified":"2021-08-11T14:34:37","modified_gmt":"2021-08-11T11:34:37","slug":"bandiera-svizzera-significato-e-colori","status":"publish","type":"post","link":"https:\/\/flags-world.com\/it\/bandiera-svizzera-significato-e-colori\/","title":{"rendered":"Bandiera Svizzera: significato e colori"},"content":{"rendered":"<p style=\"text-align: justify\">Svizzera &#8211; un paese con una storia secolare e molto interessante. Questa \u00e8 una nazione con costumi e cultura che risalgono al passato da molti secoli. Questo territorio \u00e8 sopravvissuto a varie fasi, guerre e periodi storici negli anni che sono entrati nella storia. La bandiera svizzera \u00e8 uno dei quattro caratteri: lo stemma, il motto che in latino significa &quot;uno per tutti e tutti per uno&quot; e l&apos;inno, noto come &quot;Salmo svizzero&quot;.<\/p>\n<p><span itemprop=\"image\" itemscope itemtype=\"https:\/\/schema.org\/ImageObject\"><img itemprop=\"url image\" loading=\"lazy\" decoding=\"async\" class=\"alignnone wp-image-5038\" src=\"\/wp-content\/uploads\/2021\/08\/flag-of-switzerland_1.png\" width=\"500\" height=\"272\" alt=\"Bandiera della Svizzera\" \/><meta itemprop=\"width\" content=\"500\"><meta itemprop=\"height\" content=\"272\"><\/span><\/p>\n<p style=\"text-align: justify\">Una delle versioni ufficiali deriva dallo stemma, Switz. Un&apos;altra parte degli storici converge nell&apos;opinione che l&apos;origine sia obbligata a &quot;diecimila cavalieri&quot; (i tempi delle crociate). Colore approvato solo nel 2007. La forma quadrata \u00e8 associata alla storia. Il simbolismo fu ampiamente utilizzato nel 1339 durante la battaglia di Lupin. Da questi tempi, \u00e8 stato deciso. La legge sulla forma rettangolare fu accettata solo nel 1953.<\/p>\n<h2 style=\"text-align: justify\">Che aspetto ha la bandiera della Svizzera<\/h2>\n<p style=\"text-align: justify\">La bandiera della Svizzera \u00e8 rappresentata da una forma quadrata di panno rosso con una croce bianca diritta al centro, le cui estremit\u00e0 non toccano i bordi. Lunghezza Croci su 1\/6 in pi\u00f9 di larghezza. Approvato ufficialmente il 12 dicembre 1889 e non \u00e8 cambiato da allora. Fu consacrata da una croce d&apos;argento nel periodo in cui si svolgevano le battaglie per la protezione delle truppe e dei guerrieri del Sacro Romano Impero Germanico.<\/p>\n<h2 style=\"text-align: justify\">Significato colori\u00a0bandiera della Svizzera<\/h2>\n<p style=\"text-align: justify\">Composto da sfondo rosso e una croce al centro di 4 denti. \u00c8 uno dei pochi con un rapporto 1: 1, cio\u00e8 ha una forma quadrata. Molti secoli fa, coloro che sono conosciuti come confederati indossavano la croce svizzera per attirare l&apos;attenzione sul campo di battaglia nelle guerre. Cos\u00ec, nel 1339, fu documentata come la prima croce vista in guerra.<\/p>\n<blockquote>\n<p style=\"text-align: justify\">In passato era un altro. Aveva tre strisce orizzontali di verde, rosso e giallo. Il centro ha anche un testo con la scritta Repubblica Gelvescent in francese. Questa opzione corrisponde agli anni 1798 e 1803.<\/p>\n<\/blockquote>\n<p style=\"text-align: justify\">Diamo un&apos;occhiata al significato della bandiera svizzera. \u00c8 molto semplice e attira l&apos;attenzione sul fatto che \u00e8 facile da riconoscere. La Costituzione non specifica se ogni stendardo abbia un significato speciale, ma possiamo conoscerlo nella storia:<\/p>\n<ol style=\"text-align: justify\">\n<li>La Croce Bianca simboleggia la neutralit\u00e0, che il Paese in passato ha dimostrato durante conflitti storici, come la seconda o la prima guerra mondiale;<\/li>\n<li>Il colore rosso non ha un valore specifico, ma pu\u00f2 essere attribuito a molti pi\u00f9 elementi diversi della storia di questo paese.<\/li>\n<\/ol>\n<p style=\"text-align: justify\">Se credi in qualche fonte, l&apos;origine della bandiera nazionale ha una connessione con Unheralded, Uri e Schwartz. Furono costretti a fondersi insieme per confrontarsi con i grafici degli Asburgo, che colpirono il loro potere e cercarono di rafforzare la situazione in Europa, conquistando nuove terre.<\/p>\n<p><span itemprop=\"image\" itemscope itemtype=\"https:\/\/schema.org\/ImageObject\"><img itemprop=\"url image\" loading=\"lazy\" decoding=\"async\" class=\"alignnone wp-image-5037\" src=\"\/wp-content\/uploads\/2021\/08\/flag-of-switzerland_2.png\" width=\"500\" height=\"278\" alt=\"bandiera svizzera\" \/><meta itemprop=\"width\" content=\"500\"><meta itemprop=\"height\" content=\"278\"><\/span><\/p>\n<h2 style=\"text-align: justify\">Il significato bandiera della Svizzera<\/h2>\n<p style=\"text-align: justify\">Il Cantone di Svitto nelle montagne Helvescent Dall&apos;inizio del XIII secolo ha una bandiera rossa con una croce bianca nell&apos;angolo in alto a destra. Il nome &quot;Svizzera&quot; (in Svizzera tedesca) deriva da questo cantone. Nel 1338, la sua alleanza con i Cantoni Uri e Unterwald segn\u00f2 l&apos;origine della Confederazione Elvetica.<\/p>\n<p style=\"text-align: justify\">Pronti ad intervenire in battaglia a Lamina (1339), i soldati indossavano croci bianche sulle divise. Per loro, la libert\u00e0 della nazione non era meno importante della liberazione della Terra Santa. La Croce federale (Eidgenossen Cr\u00fcitz) serviva per unire vari cantoni che aderivano alla Confederazione Svizzera. Nel 1513 erano tredici. Nel 1516 fu firmato un accordo di pace a tempo indeterminato con la Francia. Il simbolo quadrato \u00e8 stato ufficialmente decorato nel 1889.<\/p>\n<h2 style=\"text-align: justify\">Cosa \u00e8 mostrato sulla bandiera della Svizzera<\/h2>\n<p style=\"text-align: justify\">Che aspetto ha la bandiera svizzera? Questo \u00e8 un quadrato rosso con una croce bianca al centro (vedi foto). Il colore di sfondo \u00e8 stato dichiarato un simbolo di protezione della Convenzione di Ginevra (1864). Simbolo di forma rettangolare &#8211; shopping.<\/p>\n<p style=\"text-align: justify\">Bandiera Rossa nel mondo ha ancora il Vaticano. Il simbolismo svizzero ha dimensioni approvate dal governo (Risoluzione 1889). All&apos;inizio, il simbolo mostrato sulla tela era religioso. Attualmente punta all&apos;indipendenza del Paese e ricorda che la libert\u00e0 \u00e8 inviolabile.<\/p>\n<p style=\"text-align: justify\">Grazie alla forma quadrata, puoi appendere la tela su qualsiasi lato. La simmetria dell&apos;immagine rimane invariata. Ufficialmente, la configurazione del disegno non \u00e8 fissa ed \u00e8 stata modificata ripetutamente. Solo una soluzione di colore \u00e8 rimasta costante.<\/p>\n","protected":false},"excerpt":{"rendered":"<p>Svizzera &#8211; un paese con una storia secolare e molto interessante. Questa \u00e8 una nazione con costumi e cultura che risalgono al passato da molti secoli. Questo territorio&#8230;<\/p>\n","protected":false},"author":1,"featured_media":5929,"comment_status":"open","ping_status":"open","sticky":false,"template":"","format":"standard","meta":{"footnotes":""},"categories":[3],"tags":[],"class_list":["post-5036","post","type-post","status-publish","format-standard","has-post-thumbnail","","category-bandiere-europa"],"aioseo_notices":[],"_links":{"self":[{"href":"https:\/\/flags-world.com\/it\/wp-json\/wp\/v2\/posts\/5036","targetHints":{"allow":["GET"]}}],"collection":[{"href":"https:\/\/flags-world.com\/it\/wp-json\/wp\/v2\/posts"}],"about":[{"href":"https:\/\/flags-world.com\/it\/wp-json\/wp\/v2\/types\/post"}],"author":[{"embeddable":true,"href":"https:\/\/flags-world.com\/it\/wp-json\/wp\/v2\/users\/1"}],"replies":[{"embeddable":true,"href":"https:\/\/flags-world.com\/it\/wp-json\/wp\/v2\/comments?post=5036"}],"version-history":[{"count":0,"href":"https:\/\/flags-world.com\/it\/wp-json\/wp\/v2\/posts\/5036\/revisions"}],"wp:featuredmedia":[{"embeddable":true,"href":"https:\/\/flags-world.com\/it\/wp-json\/wp\/v2\/media\/5929"}],"wp:attachment":[{"href":"https:\/\/flags-world.com\/it\/wp-json\/wp\/v2\/media?parent=5036"}],"wp:term":[{"taxonomy":"category","embeddable":true,"href":"https:\/\/flags-world.com\/it\/wp-json\/wp\/v2\/categories?post=5036"},{"taxonomy":"post_tag","embeddable":true,"href":"https:\/\/flags-world.com\/it\/wp-json\/wp\/v2\/tags?post=5036"}],"curies":[{"name":"wp","href":"https:\/\/api.w.org\/{rel}","templated":true}]}}