{"id":1612,"date":"2021-01-04T17:18:15","date_gmt":"2021-01-04T14:18:15","guid":{"rendered":"https:\/\/flags-world.com\/it\/2021\/01\/04\/bandiere-monaco-significato-e-colori\/"},"modified":"2021-01-04T17:18:15","modified_gmt":"2021-01-04T14:18:15","slug":"bandiere-monaco-significato-e-colori","status":"publish","type":"post","link":"https:\/\/flags-world.com\/it\/bandiere-monaco-significato-e-colori\/","title":{"rendered":"Bandiere Monaco: significato e colori"},"content":{"rendered":"<p style=\"text-align: justify\">Monaco (Principato di Monaco) &#8211; la citt\u00e0 del governo, situata nel sud della Francia. Questo paese nano ha un terreno di poco pi\u00f9 di 2 chilometri quadrati o 200 ettari, con una popolazione di circa 40mila persone. Il Principato \u00e8 a disposizione dello Stato associato alla Francia.<\/p>\n<p style=\"text-align: justify\">Quindi la moderna bandiera di Monaco sembra:<\/p>\n<p style=\"text-align: justify\"><span itemprop=\"image\" itemscope itemtype=\"https:\/\/schema.org\/ImageObject\"><img itemprop=\"url image\" loading=\"lazy\" decoding=\"async\" class=\"alignnone size-full wp-image-3715\" src=\"\/wp-content\/uploads\/2021\/01\/flags-of-monaco_1.png\" width=\"500\" height=\"400\" alt=\"Bandiera di Monaco-1\" \/><meta itemprop=\"width\" content=\"500\"><meta itemprop=\"height\" content=\"400\"><\/span><\/p>\n<h2 style=\"text-align: justify\">Bandiere storiche di Monaco<\/h2>\n<p style=\"text-align: justify\">La storia del paese si conta dal XIII secolo, all&apos;epoca, all&apos;epoca, all&apos;epoca in cui si costitu\u00ec la famiglia regnante dei Grimaldi. Da allora, durante il VII secolo, Monaco \u00e8 gestita da rappresentanti di questo cognome. Da questo periodo fino al XVIII secolo, le principesse furono raffigurate da rombi rossi e bianchi.<\/p>\n<p style=\"text-align: justify\"><span itemprop=\"image\" itemscope itemtype=\"https:\/\/schema.org\/ImageObject\"><img itemprop=\"url image\" loading=\"lazy\" decoding=\"async\" class=\"alignnone size-full wp-image-3717\" src=\"\/wp-content\/uploads\/2021\/01\/flags-of-monaco_2.png\" width=\"500\" height=\"333\" alt=\"Bandiera di Monaco-2\" \/><meta itemprop=\"width\" content=\"500\"><meta itemprop=\"height\" content=\"333\"><\/span><\/p>\n<p style=\"text-align: justify\">Nella prima met\u00e0 degli anni &apos;40 del XVII secolo, il territorio divenne un protettorato della Francia e da ora come simbologia ufficiale \u00e8 stata utilizzata la bandiera francese.<\/p>\n<blockquote>\n<p style=\"text-align: justify\">Dal 1814, un design laconico con 2 colori contrastanti ha cambiato le varianti del passato e lo stato finale sotto forma di segno comunale ha preso nell&apos;aprile 1881.<\/p>\n<\/blockquote>\n<p style=\"text-align: justify\">Negli anni e nella quarantesima met\u00e0 del XX secolo, l&apos;esercito italiano invase Monaco e l&apos;amministrazione nazista fu organizzata nel paese. In un breve periodo, il principato inizi\u00f2 ad essere utilizzato come 2a bandiera &#8211; Italiano.<\/p>\n<p style=\"text-align: justify\"><span itemprop=\"image\" itemscope itemtype=\"https:\/\/schema.org\/ImageObject\"><img itemprop=\"url image\" loading=\"lazy\" decoding=\"async\" class=\"alignnone size-full wp-image-3718\" src=\"\/wp-content\/uploads\/2021\/01\/flags-of-monaco_3.png\" width=\"500\" height=\"333\" alt=\"Bandiera di Monaco-3\" \/><meta itemprop=\"width\" content=\"500\"><meta itemprop=\"height\" content=\"333\"><\/span><\/p>\n<p style=\"text-align: justify\">Alla fine del rovesciamento di Mussolini e dell&apos;occupazione tedesca, fu usato il segno della Germania fascista.<\/p>\n<p style=\"text-align: justify\"><span itemprop=\"image\" itemscope itemtype=\"https:\/\/schema.org\/ImageObject\"><img itemprop=\"url image\" loading=\"lazy\" decoding=\"async\" class=\"alignnone size-full wp-image-3719\" src=\"\/wp-content\/uploads\/2021\/01\/flags-of-monaco_4.png\" width=\"500\" height=\"300\" alt=\"Bandiera di Monaco-4\" \/><meta itemprop=\"width\" content=\"500\"><meta itemprop=\"height\" content=\"300\"><\/span><\/p>\n<p style=\"text-align: justify\">Alla fine del decotto del paese nel 1945, fu restaurata un&apos;insegna, adottata come ufficiale nella prima met\u00e0 degli anni &apos;80 del XIX secolo.<\/p>\n<h2 style=\"text-align: justify\">Descrizione<\/h2>\n<p style=\"text-align: justify\">Il simbolo comunale di Monaco \u00e8 un panno in forma rettangolare con le proporzioni dei lati da 4 a 5. Consiste di 2 strisce orizzontali della stessa dimensione per larghezza.<\/p>\n<p style=\"text-align: justify\">La striscia superiore ha i colori del colore rosso (rosso) e quella inferiore &#8211; bianco.<\/p>\n<h2 style=\"text-align: justify\">Colori bandiera di Monaco<\/h2>\n<p style=\"text-align: justify\">Il simbolismo ufficiale del principato ha due colori:<\/p>\n<ol>\n<li style=\"text-align: justify\">Rosso;<\/li>\n<li style=\"text-align: justify\">bianco.<\/li>\n<\/ol>\n<h2 style=\"text-align: justify\">Significato dei colori e del segno della bandiera<\/h2>\n<p style=\"text-align: justify\">Il colore bianco \u00e8 quasi sempre (in coordinamento con l&apos;antica araldica) simboleggiato con purezza e (rosso) rosso &#8211; con coraggio e coraggio dei difensori del paese.<\/p>\n<p style=\"text-align: justify\">Il disegno della combinazione di colore rosso e bianco \u00e8 storicamente associato allo stemma dei principi della famiglia regnante dei Grimaldi (dal 1339).<\/p>\n<p style=\"text-align: justify\"><span itemprop=\"image\" itemscope itemtype=\"https:\/\/schema.org\/ImageObject\"><img itemprop=\"url image\" loading=\"lazy\" decoding=\"async\" class=\"alignnone size-full wp-image-3720\" src=\"\/wp-content\/uploads\/2021\/01\/flags-of-monaco_5.png\" width=\"500\" height=\"480\" alt=\"Bandiera di Monaco-5\" \/><meta itemprop=\"width\" content=\"500\"><meta itemprop=\"height\" content=\"480\"><\/span><\/p>\n<h2 style=\"text-align: justify\">Altre bandiere<\/h2>\n<p style=\"text-align: justify\">Nel principato, l&apos;ideale reale \u00e8 ufficialmente accettato e utilizzato.<\/p>\n<p style=\"text-align: justify\"><span itemprop=\"image\" itemscope itemtype=\"https:\/\/schema.org\/ImageObject\"><img itemprop=\"url image\" loading=\"lazy\" decoding=\"async\" class=\"alignnone size-full wp-image-3721\" src=\"\/wp-content\/uploads\/2021\/01\/flags-of-monaco_6.png\" width=\"500\" height=\"400\" alt=\"Bandiera di Monaco-6\" \/><meta itemprop=\"width\" content=\"500\"><meta itemprop=\"height\" content=\"400\"><\/span><\/p>\n<h2 style=\"text-align: justify\">Bandiere simili di secondi paesi<\/h2>\n<p style=\"text-align: justify\">Per analogia con Monaco, il colore rosso e bianco ha la bandiera dell&apos;Indonesia. La differenza consiste solo nelle proporzioni: Monaco ha 4 a 5, e l&apos;Indonesia ha 2 a 3.<\/p>\n<p style=\"text-align: justify\"><span itemprop=\"image\" itemscope itemtype=\"https:\/\/schema.org\/ImageObject\"><img itemprop=\"url image\" loading=\"lazy\" decoding=\"async\" class=\"alignnone size-full wp-image-3722\" src=\"\/wp-content\/uploads\/2021\/01\/flags-of-monaco_7.png\" width=\"500\" height=\"333\" alt=\"Bandiera di Monaco-7\" \/><meta itemprop=\"width\" content=\"500\"><meta itemprop=\"height\" content=\"333\"><\/span><\/p>\n<p style=\"text-align: justify\">Nel 1945, all&apos;epoca in cui l&apos;Indonesia si liber\u00f2 dall&apos;Olanda, fu presa un&apos;immagine come simbolismo di stato simile a Monk. Le proteste del principato non hanno potuto costringere l&apos;Indonesia a cambiarlo, poich\u00e9 \u00e8 stato dimostrato che storicamente \u00e8 un antico monaco.<\/p>\n<p style=\"text-align: justify\">La somiglianza \u00e8 anche con la bandiera della Polonia, ma i colori sono mostrati al contrario: rosso in basso e bianco, rispettivamente sopra. E le proporzioni qui, senza contare questo da 2 a 3.<\/p>\n<p style=\"text-align: justify\"><span itemprop=\"image\" itemscope itemtype=\"https:\/\/schema.org\/ImageObject\"><img itemprop=\"url image\" loading=\"lazy\" decoding=\"async\" class=\"alignnone size-full wp-image-3723\" src=\"\/wp-content\/uploads\/2021\/01\/flags-of-monaco_8.png\" width=\"500\" height=\"312\" alt=\"Bandiera di Monaco-8\" \/><meta itemprop=\"width\" content=\"500\"><meta itemprop=\"height\" content=\"312\"><\/span><\/p>\n<p style=\"text-align: justify\">Simili somiglianze sono disponibili con l&apos;apparente Austria\u00a0e Boemia, la regione storica dell&apos;Europa centrale, attualmente parte della Repubblica Ceca.<\/p>\n<p style=\"text-align: justify\"><span itemprop=\"image\" itemscope itemtype=\"https:\/\/schema.org\/ImageObject\"><img itemprop=\"url image\" loading=\"lazy\" decoding=\"async\" class=\"alignnone size-full wp-image-3724\" src=\"\/wp-content\/uploads\/2021\/01\/flags-of-monaco_9.png\" width=\"500\" height=\"330\" alt=\"Bandiera di Monaco-9\" \/><meta itemprop=\"width\" content=\"500\"><meta itemprop=\"height\" content=\"330\"><\/span><\/p>\n<h2 style=\"text-align: justify\">Informazioni non specializzate su Monaco<\/h2>\n<table>\n<tbody>\n<tr>\n<td>Lingua ufficiale<\/td>\n<td>francese<\/td>\n<\/tr>\n<tr>\n<td>Capitale<\/td>\n<td>Monaco<\/td>\n<\/tr>\n<tr>\n<td>Territorio<\/td>\n<td>2.02 km2<\/td>\n<\/tr>\n<tr>\n<td>Popolazione<\/td>\n<td>37 863 persone<\/td>\n<\/tr>\n<tr>\n<td>Valuta<\/td>\n<td>Euro (EUR, codice 978)<\/td>\n<\/tr>\n<tr>\n<td>Prefisso telefonico<\/td>\n<td>+377<\/td>\n<\/tr>\n<\/tbody>\n<\/table>\n","protected":false},"excerpt":{"rendered":"<p>Monaco (Principato di Monaco) &#8211; la citt\u00e0 del governo, situata nel sud della Francia. Questo paese nano ha un terreno di poco pi\u00f9 di 2 chilometri quadrati o&#8230;<\/p>\n","protected":false},"author":1,"featured_media":5966,"comment_status":"open","ping_status":"open","sticky":false,"template":"","format":"standard","meta":{"footnotes":""},"categories":[3],"tags":[],"class_list":["post-1612","post","type-post","status-publish","format-standard","has-post-thumbnail","","category-bandiere-europa"],"aioseo_notices":[],"_links":{"self":[{"href":"https:\/\/flags-world.com\/it\/wp-json\/wp\/v2\/posts\/1612","targetHints":{"allow":["GET"]}}],"collection":[{"href":"https:\/\/flags-world.com\/it\/wp-json\/wp\/v2\/posts"}],"about":[{"href":"https:\/\/flags-world.com\/it\/wp-json\/wp\/v2\/types\/post"}],"author":[{"embeddable":true,"href":"https:\/\/flags-world.com\/it\/wp-json\/wp\/v2\/users\/1"}],"replies":[{"embeddable":true,"href":"https:\/\/flags-world.com\/it\/wp-json\/wp\/v2\/comments?post=1612"}],"version-history":[{"count":0,"href":"https:\/\/flags-world.com\/it\/wp-json\/wp\/v2\/posts\/1612\/revisions"}],"wp:featuredmedia":[{"embeddable":true,"href":"https:\/\/flags-world.com\/it\/wp-json\/wp\/v2\/media\/5966"}],"wp:attachment":[{"href":"https:\/\/flags-world.com\/it\/wp-json\/wp\/v2\/media?parent=1612"}],"wp:term":[{"taxonomy":"category","embeddable":true,"href":"https:\/\/flags-world.com\/it\/wp-json\/wp\/v2\/categories?post=1612"},{"taxonomy":"post_tag","embeddable":true,"href":"https:\/\/flags-world.com\/it\/wp-json\/wp\/v2\/tags?post=1612"}],"curies":[{"name":"wp","href":"https:\/\/api.w.org\/{rel}","templated":true}]}}