{"id":1611,"date":"2021-01-04T17:18:15","date_gmt":"2021-01-04T14:18:15","guid":{"rendered":"https:\/\/flags-world.com\/fi\/2021\/01\/04\/moldovan-lippu-varit-ja-merkitys\/"},"modified":"2021-01-04T17:18:15","modified_gmt":"2021-01-04T14:18:15","slug":"moldovan-lippu-varit-ja-merkitys","status":"publish","type":"post","link":"https:\/\/flags-world.com\/fi\/moldovan-lippu-varit-ja-merkitys\/","title":{"rendered":"Moldovan lippu: v\u00e4rit ja merkitys"},"content":{"rendered":"<p style=\"text-align: justify\">Moldovan tasavalta &#8211; hallitus sijaitsee Kaakkois-Euroopassa.<\/p>\n<p style=\"text-align: justify\">Joten Moldovan moderni lippu n\u00e4ytt\u00e4\u00e4:<\/p>\n<p style=\"text-align: justify\"><span itemprop=\"image\" itemscope itemtype=\"https:\/\/schema.org\/ImageObject\"><img itemprop=\"url image\" loading=\"lazy\" decoding=\"async\" class=\"alignnone size-full wp-image-4750\" src=\"\/wp-content\/uploads\/2021\/01\/flag-moldova_1.png\" width=\"500\" height=\"250\" alt=\"Moldovan lippu-1\" \/><meta itemprop=\"width\" content=\"500\"><meta itemprop=\"height\" content=\"250\"><\/span><\/p>\n<h2 style=\"text-align: justify\">Historiallinen lippu Moldova<\/h2>\n<p style=\"text-align: justify\">Nykyaikaisen Moldovan alueella 1300- ja 800-luvuilla oli Moldovan ruhtinaskunta.<\/p>\n<p style=\"text-align: justify\">Kultaisen lauman taantuman lopussa prinsessa joutui alun perin riippuvaiseksi Unkarista, mutta 1300-luvulla se vapautui. Noihin aikoihin h\u00e4r\u00e4np\u00e4\u00e4 oli Moldanin p\u00e4\u00e4merkki, ja punainen v\u00e4ri vallitsi muihin v\u00e4reihin n\u00e4hden. Ehk\u00e4 t\u00e4ss\u00e4 tapahtumassa yksi ensimm\u00e4isist\u00e4 s\u00e4ilyneist\u00e4 lipunkuvista on punainen kangas h\u00e4rk\u00e4p\u00e4\u00e4ll\u00e4 (kiertue).<\/p>\n<p style=\"text-align: justify\"><span itemprop=\"image\" itemscope itemtype=\"https:\/\/schema.org\/ImageObject\"><img itemprop=\"url image\" loading=\"lazy\" decoding=\"async\" class=\"alignnone size-full wp-image-4751\" src=\"\/wp-content\/uploads\/2021\/01\/flag-moldova_2.png\" width=\"500\" height=\"333\" alt=\"Moldovan lippu-2\" \/><meta itemprop=\"width\" content=\"500\"><meta itemprop=\"height\" content=\"333\"><\/span><\/p>\n<p style=\"text-align: justify\">1600-luvun alussa, Iberian ruhtinaskunnan herran haudan hallituskauden aikana, k\u00e4ytti lippua, jossa oli samanlainen kuva matkan p\u00e4\u00e4st\u00e4, joka on sijoitettu valkoiseen renkaaseen, jonka p\u00e4\u00e4ll\u00e4 on risti. Itse uima-allas oli reunustettu kellert\u00e4v\u00e4ll\u00e4 kaistalla.<\/p>\n<p style=\"text-align: justify\"><span itemprop=\"image\" itemscope itemtype=\"https:\/\/schema.org\/ImageObject\"><img itemprop=\"url image\" loading=\"lazy\" decoding=\"async\" class=\"alignnone size-full wp-image-4752\" src=\"\/wp-content\/uploads\/2021\/01\/flag-moldova_3.png\" width=\"500\" height=\"291\" alt=\"Moldovan lippu-3\" \/><meta itemprop=\"width\" content=\"500\"><meta itemprop=\"height\" content=\"291\"><\/span><\/p>\n<p style=\"text-align: justify\">1800-luvulla Moldovan ruhtinaskunnan lippu muutti p\u00e4\u00e4v\u00e4rins\u00e4 punaisesta siniseksi. Toisin sanoen vuosina 1834-1859. Kyltiss\u00e4 oli n\u00e4kym\u00e4 sinisest\u00e4 paneelista, jonka vasemmassa yl\u00e4kulmassa oli 3 kahdeksansakaraista t\u00e4hte\u00e4 kolmion muodossa punaisella pohjalla. Oikeanpuoleisessa lipussa oli ruhtinaskunnan vaakuna, jossa h\u00e4r\u00e4np\u00e4\u00e4 oli keskeinen hahmo.<\/p>\n<p style=\"text-align: justify\"><span itemprop=\"image\" itemscope itemtype=\"https:\/\/schema.org\/ImageObject\"><img itemprop=\"url image\" loading=\"lazy\" decoding=\"async\" class=\"alignnone size-full wp-image-4753\" src=\"\/wp-content\/uploads\/2021\/01\/flag-moldova_4.png\" width=\"500\" height=\"334\" alt=\"Moldovan lippu-4\" \/><meta itemprop=\"width\" content=\"500\"><meta itemprop=\"height\" content=\"334\"><\/span><\/p>\n<p style=\"text-align: justify\">1800-luvun 50-luvun toisella puoliskolla t\u00e4t\u00e4 lippuvaihtoehtoa muutettiin: kolme t\u00e4hte\u00e4 on kuvattu yhdess\u00e4 j\u00e4rjestyksess\u00e4, ja vain h\u00e4r\u00e4n p\u00e4\u00e4 j\u00e4i vaakunan sijaan.<\/p>\n<p style=\"text-align: justify\"><span itemprop=\"image\" itemscope itemtype=\"https:\/\/schema.org\/ImageObject\"><img itemprop=\"url image\" loading=\"lazy\" decoding=\"async\" class=\"alignnone size-full wp-image-4754\" src=\"\/wp-content\/uploads\/2021\/01\/flag-moldova_5.png\" alt=\"Moldovan lippu-5\" width=\"298\" height=\"217\" \/><meta itemprop=\"width\" content=\"298\"><meta itemprop=\"height\" content=\"217\"><\/span><\/p>\n<p style=\"text-align: justify\">Moldovan ruhtinaskunnan olemassaolon rinnalla Ven\u00e4j\u00e4n federaatiossa oli toinen koulutus &#8211; Bessarabian maakunta. Sen perusteella tehdyll\u00e4 demokraattisella tasavallalla oli pari lippuvaihtoehtoa:<\/p>\n<p>Ensimm\u00e4inen koostui 2 v\u00e4rist\u00e4 (punainen ja sininen) ja h\u00e4rk\u00e4p\u00e4\u00e4st\u00e4;<\/p>\n<p style=\"text-align: justify\"><span itemprop=\"image\" itemscope itemtype=\"https:\/\/schema.org\/ImageObject\"><img itemprop=\"url image\" loading=\"lazy\" decoding=\"async\" class=\"alignnone size-full wp-image-4755\" src=\"\/wp-content\/uploads\/2021\/01\/flag-moldova_1.jpg\" alt=\"Moldovan lippu-6\" width=\"450\" height=\"226\" \/><meta itemprop=\"width\" content=\"450\"><meta itemprop=\"height\" content=\"226\"><\/span><\/p>\n<p>2. oli kolmiv\u00e4rinen ja oli 2 tyyppi\u00e4 &#8211; merkinn\u00f6ill\u00e4 &#8221;Demokraattinen ja vapaa Moldovan tasavalta&#8221; ja &#8221;Tilting of Region&#8221;;<\/p>\n<p style=\"text-align: justify\"><span itemprop=\"image\" itemscope itemtype=\"https:\/\/schema.org\/ImageObject\"><img itemprop=\"url image\" loading=\"lazy\" decoding=\"async\" class=\"alignnone size-full wp-image-4756\" src=\"\/wp-content\/uploads\/2021\/01\/flag-moldova_6.png\" width=\"500\" height=\"375\" alt=\"Moldovan lippu-7\" \/><meta itemprop=\"width\" content=\"500\"><meta itemprop=\"height\" content=\"375\"><\/span> <span itemprop=\"image\" itemscope itemtype=\"https:\/\/schema.org\/ImageObject\"><img itemprop=\"url image\" loading=\"lazy\" decoding=\"async\" class=\"alignnone size-full wp-image-4757\" src=\"\/wp-content\/uploads\/2021\/01\/flag-moldova_7.png\" width=\"500\" height=\"375\" alt=\"Moldovan lippu-8\" \/><meta itemprop=\"width\" content=\"500\"><meta itemprop=\"height\" content=\"375\"><\/span><\/p>\n<ul style=\"text-align: justify\">\n<li>Kolmas, t\u00e4t\u00e4 lukuun ottamatta, oli kolmiv\u00e4rinen, johon oli kiinnitetty merkint\u00e4 &#8221;RM&#8221; &#8211; Moldovan tasavalta.<\/li>\n<\/ul>\n<p style=\"text-align: justify\"><span itemprop=\"image\" itemscope itemtype=\"https:\/\/schema.org\/ImageObject\"><img itemprop=\"url image\" loading=\"lazy\" decoding=\"async\" class=\"alignnone size-full wp-image-4758\" src=\"\/wp-content\/uploads\/2021\/01\/flag-moldova_8.png\" width=\"500\" height=\"375\" alt=\"Moldovan lippu-9\" \/><meta itemprop=\"width\" content=\"500\"><meta itemprop=\"height\" content=\"375\"><\/span><\/p>\n<p style=\"text-align: justify\">Romanian saapumisen p\u00e4\u00e4tytty\u00e4 viimeksi mainitun lippu tuli viralliseksi tulevaisuudessa Ven\u00e4j\u00e4n historian ajanjaksolle.<\/p>\n<p style=\"text-align: justify\">Neuvostoliiton Moldovan muodostumisen my\u00f6t\u00e4 se sis\u00e4llytettiin sen vapaan koulutuksen oikeuksia koskevaan kokoonpanoon. Vuodesta 1925 l\u00e4htien Moldova otti henkil\u00f6kohtaisen virallisen lipun, joka oli olemassa vuoteen 1938 asti.<\/p>\n<p style=\"text-align: justify\"><span itemprop=\"image\" itemscope itemtype=\"https:\/\/schema.org\/ImageObject\"><img itemprop=\"url image\" loading=\"lazy\" decoding=\"async\" class=\"alignnone size-full wp-image-4759\" src=\"\/wp-content\/uploads\/2021\/01\/flag-moldova_9.png\" width=\"500\" height=\"250\" alt=\"Moldovan lippu-10\" \/><meta itemprop=\"width\" content=\"500\"><meta itemprop=\"height\" content=\"250\"><\/span><\/p>\n<p style=\"text-align: justify\">Vaihtoehdot Moldovan viralliselle symboliikalle vuosina 1938-1940 olivat samanlaisia kuin, ainoa ero, ett\u00e4 ukrainan ja latinankielisi\u00e4 kirjoituksia k\u00e4ytettiin ensimm\u00e4isess\u00e4 versiossa.<\/p>\n<p style=\"text-align: justify\"><span itemprop=\"image\" itemscope itemtype=\"https:\/\/schema.org\/ImageObject\"><img itemprop=\"url image\" loading=\"lazy\" decoding=\"async\" class=\"alignnone size-full wp-image-4760\" src=\"\/wp-content\/uploads\/2021\/01\/flag-moldova_10.png\" width=\"500\" height=\"250\" alt=\"Moldovan lippu-11\" \/><meta itemprop=\"width\" content=\"500\"><meta itemprop=\"height\" content=\"250\"><\/span><\/p>\n<p style=\"text-align: justify\">Toisessa versiossa latina korvattiin moldovaalla.<\/p>\n<p style=\"text-align: justify\"><span itemprop=\"image\" itemscope itemtype=\"https:\/\/schema.org\/ImageObject\"><img itemprop=\"url image\" loading=\"lazy\" decoding=\"async\" class=\"alignnone size-full wp-image-4761\" src=\"\/wp-content\/uploads\/2021\/01\/flag-moldova_11.png\" width=\"500\" height=\"250\" alt=\"Moldovan lippu-12\" \/><meta itemprop=\"width\" content=\"500\"><meta itemprop=\"height\" content=\"250\"><\/span><\/p>\n<p style=\"text-align: justify\">XX vuosisadan 20-luvun ensimm\u00e4isell\u00e4 puoliskolla, Ven\u00e4j\u00e4n liiton aluekokoonpanojen lopussa, Moldovan ASSR lakkautettiin, osa sen maastosta on liitetty Odessan alueeseen ja toinen osa siit\u00e4, liitetyist\u00e4 maista tuli Moldovan SSR:n perusta. Vuotta my\u00f6hemmin tasavalta oli henkil\u00f6kohtainen lippu.<\/p>\n<p style=\"text-align: justify\"><span itemprop=\"image\" itemscope itemtype=\"https:\/\/schema.org\/ImageObject\"><img itemprop=\"url image\" loading=\"lazy\" decoding=\"async\" class=\"alignnone size-full wp-image-4762\" src=\"\/wp-content\/uploads\/2021\/01\/flag-moldova_12.png\" width=\"500\" height=\"250\" alt=\"Moldovan lippu-13\" \/><meta itemprop=\"width\" content=\"500\"><meta itemprop=\"height\" content=\"250\"><\/span><\/p>\n<p style=\"text-align: justify\">1900-luvun 50-luvun ensimm\u00e4isell\u00e4 puoliskolla se korvattiin samantyyppisell\u00e4 kyltill\u00e4, jotka nimenomaan olivat per\u00e4isin muista Neuvostoliiton tasavalloista.<\/p>\n<p style=\"text-align: justify\"><span itemprop=\"image\" itemscope itemtype=\"https:\/\/schema.org\/ImageObject\"><img itemprop=\"url image\" loading=\"lazy\" decoding=\"async\" class=\"alignnone size-full wp-image-4763\" src=\"\/wp-content\/uploads\/2021\/01\/flag-moldova_13.png\" width=\"500\" height=\"250\" alt=\"Moldovan lippu-14\" \/><meta itemprop=\"width\" content=\"500\"><meta itemprop=\"height\" content=\"250\"><\/span><\/p>\n<p style=\"text-align: justify\">Viime vuosisadan 90. vuonna, Neuvostoliiton romahtamisen vaihteessa, Moldovan tasavalta korvasi vanhan lipun kolmiv\u00e4rill\u00e4 historiallisilla v\u00e4reill\u00e4.<\/p>\n<p style=\"text-align: justify\"><span itemprop=\"image\" itemscope itemtype=\"https:\/\/schema.org\/ImageObject\"><img itemprop=\"url image\" loading=\"lazy\" decoding=\"async\" class=\"alignnone size-full wp-image-4764\" src=\"\/wp-content\/uploads\/2021\/01\/flag-moldova_14.png\" width=\"500\" height=\"250\" alt=\"Moldovan lippu-15\" \/><meta itemprop=\"width\" content=\"500\"><meta itemprop=\"height\" content=\"250\"><\/span><\/p>\n<p style=\"text-align: justify\">Samanaikaisesti h\u00e4nelle tarjottiin k\u00e4ytt\u00e4\u00e4 muita ulkoasuja: Moldavian SSR:n vaakuna ja nouseva p\u00e4\u00e4, mutta ei hyv\u00e4ksytty.<\/p>\n<p style=\"text-align: justify\"><span itemprop=\"image\" itemscope itemtype=\"https:\/\/schema.org\/ImageObject\"><img itemprop=\"url image\" loading=\"lazy\" decoding=\"async\" class=\"alignnone size-full wp-image-4765\" src=\"\/wp-content\/uploads\/2021\/01\/flag-moldova_15.png\" width=\"500\" height=\"250\" alt=\"Moldovan lippu-16\" \/><meta itemprop=\"width\" content=\"500\"><meta itemprop=\"height\" content=\"250\"><\/span><\/p>\n<p style=\"text-align: justify\"><span itemprop=\"image\" itemscope itemtype=\"https:\/\/schema.org\/ImageObject\"><img itemprop=\"url image\" loading=\"lazy\" decoding=\"async\" class=\"alignnone size-full wp-image-4766\" src=\"\/wp-content\/uploads\/2021\/01\/flag-moldova_16.png\" alt=\"Moldovan lippu-17\" width=\"225\" height=\"113\" \/><meta itemprop=\"width\" content=\"225\"><meta itemprop=\"height\" content=\"113\"><\/span><\/p>\n<blockquote>\n<p style=\"text-align: justify\">Lopullinen versio kunnan lipusta hyv\u00e4ksyttiin marraskuussa 1990.<\/p>\n<\/blockquote>\n<h2 style=\"text-align: justify\">Kuvaus<\/h2>\n<p style=\"text-align: justify\">Moldovan lippu on suorakaiteen muotoinen, jonka sivut on s\u00e4\u00e4detty kesken\u00e4\u00e4n 1-2. Trikolori koostuu kuvan yhten\u00e4isist\u00e4 kaistaleista pystysuorassa. Puuta l\u00e4hemp\u00e4n\u00e4 oleva nauha &#8211; sininen (sininen) v\u00e4ri, jota seuraa keltainen nauha ja k\u00e4\u00e4nn\u00f6s puusta &#8211; punainen kaistale.<\/p>\n<p style=\"text-align: justify\">Keltaisen osan keskell\u00e4 yksitoikkoisella et\u00e4isyydell\u00e4 kaikista reunoista on kiinnitetty Moldovan tasavallan tunnus. Se on muodoltaan kilpi, joka sijaitsee kotkan rinnassa. H\u00e4nen nokassaan on Kultainen v\u00e4ritys risti. Lintujen kynsiss\u00e4 on maailma ja voiman merkkej\u00e4: kultainen valtikka ja vihre\u00e4 oliivinoksa.<\/p>\n<p style=\"text-align: justify\">Vaakunan kilvess\u00e4 on yl\u00e4- ja alaosa, joita edustavat punainen ja sininen v\u00e4ri. Kultaisen v\u00e4rin kilven keskell\u00e4 on piisonin p\u00e4\u00e4, jonka v\u00e4liin on piirretty kahdeksan s\u00e4teen t\u00e4hti. Oikean sieraimen varrella on viisi ateria ruusu ja vasen osoitetun puolikuun. K\u00e4det ja paneelien pituuden leveys korreloi 1 &#8211; 5.<\/p>\n<h2 style=\"text-align: justify\">V\u00e4rit Lippu Moldova<\/h2>\n<p style=\"text-align: justify\">Moldovan lipun alla k\u00e4ytet\u00e4\u00e4n kolmea p\u00e4\u00e4v\u00e4ri\u00e4: sininen, keltainen, punainen. Niiden lis\u00e4ksi v\u00e4ritys, vaakuna k\u00e4ytetty ruskea ja vihre\u00e4.<\/p>\n<h2 style=\"text-align: justify\">Merkitys V\u00e4rit Moldovan lippu<\/h2>\n<p style=\"text-align: justify\">Moldovan tasavallan virallisella merkill\u00e4 on k\u00e4ytettyjen v\u00e4rien heraldinen merkitys:<\/p>\n<ol style=\"text-align: justify\">\n<li>Sininen on taivaan v\u00e4ri ja maailman halu<\/li>\n<li>Keltainen &#8211; henkil\u00f6kohtaisesti aurinko ja vehn\u00e4kentti\u00e4<\/li>\n<li>Punainen &#8211; symboloi verenvuotoa.<\/li>\n<\/ol>\n<p style=\"text-align: justify\">Eagle, ett\u00e4 nokka on ristiriitaa todistaa kristilliselle uskolle ja muistuttaa asukkaiden roomalaisista juurista. Oliivihaara merkitsee rauhaa ja oikeutta, ja scepter on maan vapaa asema.<\/p>\n<h2 style=\"text-align: justify\">Muut Lippu<\/h2>\n<p style=\"text-align: justify\">Moldovan maan ensimm\u00e4isill\u00e4 pinnoilla on standardit, jotka eroavat vain paneelien p\u00e4\u00e4taustasta:<\/p>\n<ol style=\"text-align: justify\">\n<li>Presidentin &#8211; violetti;<\/li>\n<\/ol>\n<p style=\"text-align: justify\"><span itemprop=\"image\" itemscope itemtype=\"https:\/\/schema.org\/ImageObject\"><img itemprop=\"url image\" loading=\"lazy\" decoding=\"async\" class=\"alignnone size-full wp-image-4767\" src=\"\/wp-content\/uploads\/2021\/01\/flag-moldova_17.png\" width=\"500\" height=\"500\" alt=\"Moldovan lippu-18\" \/><meta itemprop=\"width\" content=\"500\"><meta itemprop=\"height\" content=\"500\"><\/span><\/p>\n<ul style=\"text-align: justify\">\n<li>Ensiesitys &#8211; sininen;<\/li>\n<\/ul>\n<p style=\"text-align: justify\"><span itemprop=\"image\" itemscope itemtype=\"https:\/\/schema.org\/ImageObject\"><img itemprop=\"url image\" loading=\"lazy\" decoding=\"async\" class=\"alignnone size-full wp-image-4768\" src=\"\/wp-content\/uploads\/2021\/01\/flag-moldova_18.png\" width=\"500\" height=\"500\" alt=\"Moldovan lippu-19\" \/><meta itemprop=\"width\" content=\"500\"><meta itemprop=\"height\" content=\"500\"><\/span><\/p>\n<ul style=\"text-align: justify\">\n<li>Eduskunnan puheenjohtaja &#8211; Red.<\/li>\n<\/ul>\n<p style=\"text-align: justify\"><span itemprop=\"image\" itemscope itemtype=\"https:\/\/schema.org\/ImageObject\"><img itemprop=\"url image\" loading=\"lazy\" decoding=\"async\" class=\"alignnone size-full wp-image-4769\" src=\"\/wp-content\/uploads\/2021\/01\/flag-moldova_19.png\" width=\"500\" height=\"500\" alt=\"Moldovan lippu 20\" \/><meta itemprop=\"width\" content=\"500\"><meta itemprop=\"height\" content=\"500\"><\/span><\/p>\n<p style=\"text-align: justify\">T\u00e4m\u00e4n lis\u00e4ksi muutamalla hallitusorganisaatiolla, t\u00e4t\u00e4 lukuun ottamatta, on henkil\u00f6kohtaiset Lippu, jotka ovat hyv\u00e4ksyneet parlamentin tai hallituksen vastaukset. Heid\u00e4n keskuudessaan:<\/p>\n<ul style=\"text-align: justify\">\n<li>Sotilaallinen laitos;<\/li>\n<\/ul>\n<p style=\"text-align: justify\"><span itemprop=\"image\" itemscope itemtype=\"https:\/\/schema.org\/ImageObject\"><img itemprop=\"url image\" loading=\"lazy\" decoding=\"async\" class=\"alignnone size-full wp-image-4770\" src=\"\/wp-content\/uploads\/2021\/01\/flag-moldova_20.png\" width=\"500\" height=\"333\" alt=\"Moldovan lippu-21\" \/><meta itemprop=\"width\" content=\"500\"><meta itemprop=\"height\" content=\"333\"><\/span><\/p>\n<ul style=\"text-align: justify\">\n<li>V\u00e4est\u00f6nsuojelun ja h\u00e4t\u00e4tilanteiden osasto;<\/li>\n<\/ul>\n<p style=\"text-align: justify\"><span itemprop=\"image\" itemscope itemtype=\"https:\/\/schema.org\/ImageObject\"><img itemprop=\"url image\" loading=\"lazy\" decoding=\"async\" class=\"alignnone size-full wp-image-4771\" src=\"\/wp-content\/uploads\/2021\/01\/flag-moldova_21.png\" width=\"500\" height=\"333\" alt=\"Moldovan lippu-22\" \/><meta itemprop=\"width\" content=\"500\"><meta itemprop=\"height\" content=\"333\"><\/span><\/p>\n<ul style=\"text-align: justify\">\n<li>Tulli;<\/li>\n<\/ul>\n<p style=\"text-align: justify\"><span itemprop=\"image\" itemscope itemtype=\"https:\/\/schema.org\/ImageObject\"><img itemprop=\"url image\" loading=\"lazy\" decoding=\"async\" class=\"alignnone size-full wp-image-4772\" src=\"\/wp-content\/uploads\/2021\/01\/flag-moldova_22.png\" width=\"500\" height=\"333\" alt=\"Moldovan lippu-23\" \/><meta itemprop=\"width\" content=\"500\"><meta itemprop=\"height\" content=\"333\"><\/span><\/p>\n<ul style=\"text-align: justify\">\n<li>Rajaty\u00f6t;<\/li>\n<\/ul>\n<p style=\"text-align: justify\"><span itemprop=\"image\" itemscope itemtype=\"https:\/\/schema.org\/ImageObject\"><img itemprop=\"url image\" loading=\"lazy\" decoding=\"async\" class=\"alignnone size-full wp-image-4773\" src=\"\/wp-content\/uploads\/2021\/01\/flag-moldova_23.png\" width=\"500\" height=\"333\" alt=\"Moldovan lippu-24\" \/><meta itemprop=\"width\" content=\"500\"><meta itemprop=\"height\" content=\"333\"><\/span><\/p>\n<ul style=\"text-align: justify\">\n<li>turvallisuus ja tiedot;<\/li>\n<\/ul>\n<p style=\"text-align: justify\"><span itemprop=\"image\" itemscope itemtype=\"https:\/\/schema.org\/ImageObject\"><img itemprop=\"url image\" loading=\"lazy\" decoding=\"async\" class=\"alignnone size-full wp-image-4774\" src=\"\/wp-content\/uploads\/2021\/01\/flag-moldova_24.png\" width=\"500\" height=\"240\" alt=\"Moldovan lippu-25\" \/><meta itemprop=\"width\" content=\"500\"><meta itemprop=\"height\" content=\"240\"><\/span><\/p>\n<ul style=\"text-align: justify\">\n<li>P\u00e4\u00e4asiallinen kunnallinen tarkastus kauheiden tuotantolaitosten teknisest\u00e4 valvonnasta.<\/li>\n<\/ul>\n<p style=\"text-align: justify\"><span itemprop=\"image\" itemscope itemtype=\"https:\/\/schema.org\/ImageObject\"><img itemprop=\"url image\" loading=\"lazy\" decoding=\"async\" class=\"alignnone size-full wp-image-4775\" src=\"\/wp-content\/uploads\/2021\/01\/flag-moldova_25.png\" width=\"500\" height=\"333\" alt=\"Moldovan lippu-26\" \/><meta itemprop=\"width\" content=\"500\"><meta itemprop=\"height\" content=\"333\"><\/span><\/p>\n<p style=\"text-align: justify\">Tiedoksesi! Nykyinen Moldovan alue sis\u00e4lt\u00e4\u00e4 vapaan Gagauzian muodostelman h\u00e4nen merkkill\u00e4\u00e4n ja tunnustamattoman hallituksen &#8211; Transnistrian tasavalta. PMR:n lippu on sama kuin Moldovan SSR:n lippu.<\/p>\n<p style=\"text-align: justify\"><span itemprop=\"image\" itemscope itemtype=\"https:\/\/schema.org\/ImageObject\"><img itemprop=\"url image\" loading=\"lazy\" decoding=\"async\" class=\"alignnone size-full wp-image-4776\" src=\"\/wp-content\/uploads\/2021\/01\/flag-moldova_26.png\" width=\"500\" height=\"250\" alt=\"Moldovan lippu-27\" \/><meta itemprop=\"width\" content=\"500\"><meta itemprop=\"height\" content=\"250\"><\/span><\/p>\n<h2 style=\"text-align: justify\">Mielenkiintoisia faktoja lipusta<\/h2>\n<ul style=\"text-align: justify\">\n<li>Vuoteen 2010 asti kasvo- ja k\u00e4\u00e4nteispuolueilla ei ollut peilikuvaa. Toisin sanoen vaakuna on kuvattu vain etuosassa. Vuonna 2010 valtion lippulaki totesi, ett\u00e4 vaakuna on esill\u00e4 sek\u00e4 paneelin etu- ett\u00e4 kiert\u00e4v\u00e4ss\u00e4 osassa.<\/li>\n<\/ul>\n<p style=\"text-align: justify\"><span itemprop=\"image\" itemscope itemtype=\"https:\/\/schema.org\/ImageObject\"><img itemprop=\"url image\" loading=\"lazy\" decoding=\"async\" class=\"alignnone size-full wp-image-4777\" src=\"\/wp-content\/uploads\/2021\/01\/flag-moldova_27.png\" width=\"500\" height=\"250\" alt=\"Moldovan lippu-28\" \/><meta itemprop=\"width\" content=\"500\"><meta itemprop=\"height\" content=\"250\"><\/span> <span itemprop=\"image\" itemscope itemtype=\"https:\/\/schema.org\/ImageObject\"><img itemprop=\"url image\" loading=\"lazy\" decoding=\"async\" class=\"alignnone size-full wp-image-4778\" src=\"\/wp-content\/uploads\/2021\/01\/flag-moldova_28.png\" width=\"500\" height=\"250\" alt=\"Moldovan lippu-29\" \/><meta itemprop=\"width\" content=\"500\"><meta itemprop=\"height\" content=\"250\"><\/span><\/p>\n<ol style=\"text-align: justify\">\n<li>Moldovan valtion lipulla on historiallinen perusta &#8211; kolmiv\u00e4ri otettiin k\u00e4ytt\u00f6\u00f6n tuolloin, kun Ranskassa pidettiin vallankumous (1848 g.). Ranskalaisen kyltin j\u00e4ljitelm\u00e4n tarkoituksena oli todistaa, ett\u00e4 ihmiset pit\u00e4v\u00e4t tasavaltalaisia n\u00e4kemyksi\u00e4. Toisen kankaan ero oli siin\u00e4, ett\u00e4 Ranskan lipun valkoinen on korvattu keltaisella.<\/li>\n<li>Moldovan lippu osuu yhteen romanian kanssa, jolla on etuoikeus t\u00e4llaiseen merkint\u00e4\u00e4n. Erona on se, ett\u00e4 vaakuna on kuvattu Moldovan versiossa, ja t\u00e4t\u00e4 osapuolten suhdetta lukuun ottamatta s\u00e4ilyy sama kuin Ven\u00e4j\u00e4n vaihtoehto &#8211; 1:2, kun taas Romanian &#8211; 2:3, kuten useimmissa maissa. Sattumia on saatavilla, t\u00e4t\u00e4 lukuun ottamatta ja Andorran ja T\u0161adin lippujen kanssa. Ne eroavat j\u00e4lleen osapuolten suhteiden ja Andorran suhteen, paitsi ett\u00e4 k\u00e4ytet\u00e4\u00e4n h\u00e4nen maansa viimeisint\u00e4 vaakunaa.<\/li>\n<\/ol>\n<h2 style=\"text-align: justify\">Erikoistunutta tietoa Moldovasta<\/h2>\n<table>\n<tbody>\n<tr style=\"text-align: justify\">\n<td>Virallinen kieli<\/td>\n<td>moldava, romania, ven\u00e4j\u00e4 (etnisten ryhmien v\u00e4lisen viestinn\u00e4n virallinen kieli)<\/td>\n<\/tr>\n<tr style=\"text-align: justify\">\n<td>Iso alkukirjain<\/td>\n<td>Kishinev<\/td>\n<\/tr>\n<tr style=\"text-align: justify\">\n<td>Alue<\/td>\n<td>33 846 km2<\/td>\n<\/tr>\n<tr style=\"text-align: justify\">\n<td>V\u00e4est\u00f6<\/td>\n<td>3\u00a0550\u00a0900 ihmist\u00e4<\/td>\n<\/tr>\n<tr style=\"text-align: justify\">\n<td>Valuutta<\/td>\n<td>Moldovan lei (MDL, koodi 498)<\/td>\n<\/tr>\n<tr>\n<td style=\"text-align: justify\">Puhelinkoodi<\/td>\n<td style=\"text-align: justify\">+373<\/td>\n<\/tr>\n<\/tbody>\n<\/table>\n","protected":false},"excerpt":{"rendered":"<p>Moldovan tasavalta &#8211; hallitus sijaitsee Kaakkois-Euroopassa. Joten Moldovan moderni lippu n\u00e4ytt\u00e4\u00e4: Historiallinen lippu Moldova Nykyaikaisen Moldovan alueella 1300- ja 800-luvuilla oli Moldovan ruhtinaskunta. Kultaisen lauman taantuman lopussa prinsessa&#8230;<\/p>\n","protected":false},"author":1,"featured_media":5453,"comment_status":"open","ping_status":"open","sticky":false,"template":"","format":"standard","meta":{"footnotes":""},"categories":[3],"tags":[],"class_list":["post-1611","post","type-post","status-publish","format-standard","has-post-thumbnail","","category-euroopan-lippu"],"aioseo_notices":[],"_links":{"self":[{"href":"https:\/\/flags-world.com\/fi\/wp-json\/wp\/v2\/posts\/1611","targetHints":{"allow":["GET"]}}],"collection":[{"href":"https:\/\/flags-world.com\/fi\/wp-json\/wp\/v2\/posts"}],"about":[{"href":"https:\/\/flags-world.com\/fi\/wp-json\/wp\/v2\/types\/post"}],"author":[{"embeddable":true,"href":"https:\/\/flags-world.com\/fi\/wp-json\/wp\/v2\/users\/1"}],"replies":[{"embeddable":true,"href":"https:\/\/flags-world.com\/fi\/wp-json\/wp\/v2\/comments?post=1611"}],"version-history":[{"count":0,"href":"https:\/\/flags-world.com\/fi\/wp-json\/wp\/v2\/posts\/1611\/revisions"}],"wp:featuredmedia":[{"embeddable":true,"href":"https:\/\/flags-world.com\/fi\/wp-json\/wp\/v2\/media\/5453"}],"wp:attachment":[{"href":"https:\/\/flags-world.com\/fi\/wp-json\/wp\/v2\/media?parent=1611"}],"wp:term":[{"taxonomy":"category","embeddable":true,"href":"https:\/\/flags-world.com\/fi\/wp-json\/wp\/v2\/categories?post=1611"},{"taxonomy":"post_tag","embeddable":true,"href":"https:\/\/flags-world.com\/fi\/wp-json\/wp\/v2\/tags?post=1611"}],"curies":[{"name":"wp","href":"https:\/\/api.w.org\/{rel}","templated":true}]}}