{"id":5223,"date":"2021-08-18T06:52:54","date_gmt":"2021-08-18T03:52:54","guid":{"rendered":"https:\/\/flags-world.com\/de\/2021\/08\/18\/flagge-von-schweden-farben-und-bedeutung\/"},"modified":"2021-08-18T06:52:54","modified_gmt":"2021-08-18T03:52:54","slug":"flagge-von-schweden-farben-und-bedeutung","status":"publish","type":"post","link":"https:\/\/flags-world.com\/de\/flagge-von-schweden-farben-und-bedeutung\/","title":{"rendered":"Flagge von Schweden: Farben und Bedeutung"},"content":{"rendered":"<p style=\"text-align: justify\">Die Flagge Schwedens kann zu Recht als eines der \u00e4ltesten Regierungssymbole bezeichnet werden. Historiker stellen fest, dass der genaue Zeitpunkt des Auftretens der aktuellen Version des staatlichen Verbots nicht definiert ist. In historischen Schriften wird das erste Auftauchen eines gelben Kreuzes auf einem blauen Tuch f\u00fcr das 16. Diese Symbolik wurde sowohl f\u00fcr friedliche Zwecke als auch f\u00fcr die Kennzeichnung der Truppen des schwedischen Staates auf dem Schlachtfeld aktiv genutzt. Das Bild wurde auf der Ausr\u00fcstung der Soldaten angebracht &#8211; Schilde, Umh\u00e4nge auf Ritterr\u00fcstungen oder Pferde.<\/p>\n<h2 style=\"text-align: justify\">Foto schwedische Flagge<\/h2>\n<p style=\"text-align: justify\">Foto der schwedischen Flagge unten.<\/p>\n<p><span itemprop=\"image\" itemscope itemtype=\"https:\/\/schema.org\/ImageObject\"><img itemprop=\"url image\" loading=\"lazy\" decoding=\"async\" class=\"alignnone wp-image-5225\" src=\"\/wp-content\/uploads\/2021\/08\/flag-of-sweden-colors-and-meaning_1.jpg\" alt=\"Flagge von Schweden\" width=\"500\" height=\"313\" \/><meta itemprop=\"width\" content=\"500\"><meta itemprop=\"height\" content=\"313\"><\/span><\/p>\n<p style=\"text-align: justify\">Dieses Staatssymbol ist seit seiner Einf\u00fchrung praktisch nicht ver\u00e4ndert worden. Dies bedeutet, dass Schweden es erfolgreich durch seine ganze Geschichte trug. Eine \u00e4hnliche Kombination von Farben ist in der Armee schwedischen Beddows verwendet, das Foto von denen ist unten dargestellt.<\/p>\n<p style=\"text-align: justify\">Wie man sehen kann, zeigen sich die Unterschiede nur in der Form &#8211; das Ende der Tafel ist nicht gerade, und die abgeschnittenen Dreiecke an den R\u00e4ndern und in der Mitte. Media Triangle kommt von einer geraden Linie in der Mitte des Banners.<\/p>\n<p style=\"text-align: justify\"><span itemprop=\"image\" itemscope itemtype=\"https:\/\/schema.org\/ImageObject\"><img itemprop=\"url image\" loading=\"lazy\" decoding=\"async\" class=\"alignnone wp-image-5226\" src=\"\/wp-content\/uploads\/2021\/08\/flag-of-sweden-colors-and-meaning_1.png\" width=\"500\" height=\"333\" alt=\"Schwedische Flagge\" \/><meta itemprop=\"width\" content=\"500\"><meta itemprop=\"height\" content=\"333\"><\/span><\/p>\n<h2 style=\"text-align: justify\">Geschichte der schwedischen Staatssymbolik<\/h2>\n<p style=\"text-align: justify\">Die offizielle Genehmigung der Flagge in ihrer modernen Form erfolgte 1821, davor wurde sie zwar verwendet, aber ihr Status wurde nicht offiziell festgelegt. Die alte schwedische Flagge wird bis heute verwendet.<\/p>\n<p style=\"text-align: justify\">In der Zeit von 1814 bis 1905 gab es eine schwedisch-norwegische Union, die aus einem schwedischen Staatssymbol bestand, das Unterschiede aufwies. Wie es aussieht, sehen Sie unten.<\/p>\n<p style=\"text-align: justify\">Der Unterschied zeigt sich folgenderma\u00dfen: in der oberen linken Ecke der Felder befindet sich die Symbolik der schwedisch-norwegischen Ulya. Auswirkungen auf die Verwendung einer alten Version Diese Norm wurde nicht zur Verf\u00fcgung gestellt &#8211; es wurde nur in den Angelegenheiten der Ulya verwendet.<\/p>\n<blockquote>\n<p style=\"text-align: justify\">Parallel dazu gab es eine alternative Norm f\u00fcr Zivilgerichte.<\/p>\n<\/blockquote>\n<h2 style=\"text-align: justify\">Welche Flagge von Schweden<\/h2>\n<p style=\"text-align: justify\">Die schwedische Gesetzgebung enth\u00e4lt klare Angaben zu Farbe und Gr\u00f6\u00dfe der Tafel. In der modernen Version sieht es aus wie ein rechteckiges Tuch, das das skandinavische Kreuz bildet, indem es 2 Quadrate und 2 Rechtecke um die Seiten der vertikalen Linie des Kreuzes bildet.<\/p>\n<p style=\"text-align: justify\">Die Pantone-Palette f\u00fcr die Bezeichnung der blauen und gelben Farben wird verwendet 301\u00b0C f\u00fcr Blau und 109\u00b0C f\u00fcr Gelb. Das Gesetz legt ein klares Verh\u00e4ltnis zwischen den Seiten der Flagge, der Breite der Felder und ihrer Gr\u00f6\u00dfe fest. Fotos der Staatssymbolik wurden oben gezeigt.<\/p>\n<h2 style=\"text-align: justify\">Tag der Staatsflagge in Schweden<\/h2>\n<p style=\"text-align: justify\">Der Feiertag der schwedischen Flagge ist im Staat installiert. Datum &#8211; 6. Juni. Gefeiert seit 1916. Seit 1983 ist er mit dem schwedischen Nationalfeiertag zusammengelegt worden.<\/p>\n<p style=\"text-align: justify\">Die Wahl des Tages f\u00fcr die Feierlichkeiten hat einen historischen Hintergrund: Im Jahr 1523 begann an diesem Tag die Unabh\u00e4ngigkeit des Staates nach der Wahl des K\u00f6nigs Gustav Wasa. Dar\u00fcber hinaus im Jahr 1809, am selben Tag, die Annahme des Landes der neuen Verfassung stattgefunden. Dieses Dokument hat die Rechte und Freiheiten der B\u00fcrger erheblich erweitert.<\/p>\n<p><span itemprop=\"image\" itemscope itemtype=\"https:\/\/schema.org\/ImageObject\"><img itemprop=\"url image\" loading=\"lazy\" decoding=\"async\" class=\"alignnone wp-image-5224\" src=\"\/wp-content\/uploads\/2021\/08\/flag-of-sweden-colors-and-meaning_2.png\" alt=\"Flagge von Schweden Foto\" width=\"498\" height=\"311\" \/><meta itemprop=\"width\" content=\"498\"><meta itemprop=\"height\" content=\"311\"><\/span><\/p>\n<p style=\"text-align: justify\">Zwei bedeutende Ereignisse in der Geschichte des Landes &#8211; ein guter Grund f\u00fcr diesen Feiertag. Einmal an diesem Tag in der Hauptstadt oder einer anderen schwedischen Stadt, werden Sie den nationalen Geschmack sp\u00fcren.<\/p>\n<h2 style=\"text-align: justify\">Farben der schwedischen Flagge<\/h2>\n<p style=\"text-align: justify\">Die Entschl\u00fcsselung der Bedeutung dieses Staatssymbols h\u00e4ngt weitgehend mit den Legenden zusammen. \u00dcberlegen Sie, was jeder Farbton bedeutet:<\/p>\n<ol style=\"text-align: justify\">\n<li>Die Farbe Blau steht f\u00fcr Wahrheit, Hingabe und Gerechtigkeit;<\/li>\n<li>Gelb wird f\u00fcr Gro\u00dfz\u00fcgigkeit verwendet;<\/li>\n<li>Die Verwendung des Kreuzes auf dem Tuch ist ein Spiegelbild der Religion in der Geschichte des Landes und seiner ersten K\u00f6nige.<\/li>\n<\/ol>\n<blockquote>\n<p style=\"text-align: justify\">Der Legende nach sah das Goldene Kreuz einen der ersten schwedischen Herrscher am Himmel &#8211; den heiligen K\u00f6nig Eric I. Er zog auch sein Bild auf die Flagge von Schweden, die von der gesehen beeindruckt.<\/p>\n<\/blockquote>\n<h2 style=\"text-align: justify\">Beschreibung der Flagge von Schweden<\/h2>\n<p style=\"text-align: justify\">Die Beschreibung der schwedischen Flagge kann durch Fotografie erfolgen. Das wichtigste Symbol des Landes ist gekennzeichnet durch:<\/p>\n<ul style=\"text-align: justify\">\n<li>Eine breite Aufnahme der rechteckigen Form eines ges\u00e4ttigten Blau;<\/li>\n<li>Skandinavisches Kreuz, das das Tuch kreuzt und es in 4 Teile teilt.<\/li>\n<\/ul>\n<p style=\"text-align: justify\">Die R\u00e4nder der Leinwand sind glatt, zus\u00e4tzliche Einfassung nein. Die R\u00e4nder des skandinavischen Kreuzes sind glatt. In der Version f\u00fcr die Armee, die freie Kante der Leinwand, auf der Seite befindet, besteht aus drei Dreiecken: auf der linken und rechten rechte rechteckige Dreiecke von Blau, zentriert &#8211; gelb. Die Spitzen der Dreiecke sind scharf.<\/p>\n","protected":false},"excerpt":{"rendered":"<p>Die Flagge Schwedens kann zu Recht als eines der \u00e4ltesten Regierungssymbole bezeichnet werden. Historiker stellen fest, dass der genaue Zeitpunkt des Auftretens der aktuellen Version des staatlichen Verbots&#8230;<\/p>\n","protected":false},"author":1,"featured_media":5504,"comment_status":"open","ping_status":"open","sticky":false,"template":"","format":"standard","meta":{"footnotes":""},"categories":[3],"tags":[],"class_list":["post-5223","post","type-post","status-publish","format-standard","has-post-thumbnail","","category-flaggen-von-europa"],"aioseo_notices":[],"_links":{"self":[{"href":"https:\/\/flags-world.com\/de\/wp-json\/wp\/v2\/posts\/5223","targetHints":{"allow":["GET"]}}],"collection":[{"href":"https:\/\/flags-world.com\/de\/wp-json\/wp\/v2\/posts"}],"about":[{"href":"https:\/\/flags-world.com\/de\/wp-json\/wp\/v2\/types\/post"}],"author":[{"embeddable":true,"href":"https:\/\/flags-world.com\/de\/wp-json\/wp\/v2\/users\/1"}],"replies":[{"embeddable":true,"href":"https:\/\/flags-world.com\/de\/wp-json\/wp\/v2\/comments?post=5223"}],"version-history":[{"count":0,"href":"https:\/\/flags-world.com\/de\/wp-json\/wp\/v2\/posts\/5223\/revisions"}],"wp:featuredmedia":[{"embeddable":true,"href":"https:\/\/flags-world.com\/de\/wp-json\/wp\/v2\/media\/5504"}],"wp:attachment":[{"href":"https:\/\/flags-world.com\/de\/wp-json\/wp\/v2\/media?parent=5223"}],"wp:term":[{"taxonomy":"category","embeddable":true,"href":"https:\/\/flags-world.com\/de\/wp-json\/wp\/v2\/categories?post=5223"},{"taxonomy":"post_tag","embeddable":true,"href":"https:\/\/flags-world.com\/de\/wp-json\/wp\/v2\/tags?post=5223"}],"curies":[{"name":"wp","href":"https:\/\/api.w.org\/{rel}","templated":true}]}}