{"id":1647,"date":"2021-01-04T17:18:18","date_gmt":"2021-01-04T14:18:18","guid":{"rendered":"https:\/\/flags-world.com\/de\/2021\/01\/04\/flagge-von-nordmazedonien-foto-und-farben\/"},"modified":"2021-01-04T17:18:18","modified_gmt":"2021-01-04T14:18:18","slug":"flagge-von-nordmazedonien-foto-und-farben","status":"publish","type":"post","link":"https:\/\/flags-world.com\/de\/flagge-von-nordmazedonien-foto-und-farben\/","title":{"rendered":"Flagge von Nordmazedonien: Foto und Farben"},"content":{"rendered":"<p style=\"text-align: justify\">Die Republik Nordmazedonien &#8211; Regierung auf der Balkanhalbinsel im s\u00fcd\u00f6stlichen Teil Europas, mit einer Fl\u00e4che von 25.3 Tausend. Km2, und eine Bev\u00f6lkerung von mehr als 2 Millionen. Menschen.<\/p>\n<p style=\"text-align: justify\">So sieht die moderne Flagge von Nordmazedonien aus:<\/p>\n<p style=\"text-align: justify\"><span itemprop=\"image\" itemscope itemtype=\"https:\/\/schema.org\/ImageObject\"><img itemprop=\"url image\" loading=\"lazy\" decoding=\"async\" class=\"alignnone size-full wp-image-4040\" src=\"\/wp-content\/uploads\/2021\/01\/flag-of-north-macedonia_1.png\" width=\"500\" height=\"250\" alt=\"Flagge von Nordmazedonien-1\" \/><meta itemprop=\"width\" content=\"500\"><meta itemprop=\"height\" content=\"250\"><\/span><\/p>\n<h2 style=\"text-align: justify\">Geschichte Flagge von Nordmazedonien<\/h2>\n<p style=\"text-align: justify\">Das Gebiet der heutigen Republik ist etwas mehr als ein Drittel der mazedonischen Regionen der T\u00fcrkei. In verschiedenen Epochen der Geschichte geh\u00f6rte dieses Gebiet zu verschiedenen Staaten. Am Anfang des zwanzigsten Jahrhunderts (1903 g.) Es gab eine Rebellion der Bev\u00f6lkerung gegen die osmanische IGA und gr\u00fcndete die 1. Republik auf dem Balkan (Republik Krusevo). Es ist ungew\u00f6hnlich, dass eine neue Formation nur 10 Tage existiert hat, aber es geschafft hat, die pers\u00f6nliche 1 offizielle Flagge zu akzeptieren.<\/p>\n<p style=\"text-align: justify\"><span itemprop=\"image\" itemscope itemtype=\"https:\/\/schema.org\/ImageObject\"><img itemprop=\"url image\" loading=\"lazy\" decoding=\"async\" class=\"alignnone size-full wp-image-4042\" src=\"\/wp-content\/uploads\/2021\/01\/flag-of-north-macedonia_2.png\" width=\"500\" height=\"277\" alt=\"Flagge von Nordmazedonien-2\" \/><meta itemprop=\"width\" content=\"500\"><meta itemprop=\"height\" content=\"277\"><\/span><\/p>\n<p style=\"text-align: justify\">Am Ende des Falles der Republik Mazedonien, schien es abh\u00e4ngig von Osman, dem K\u00f6nigreich der Serben, Kroaten und Slowenen zu sein. Von 1929 bis 1941 war sein Gebiet Teil Jugoslawiens mit den Rechten der Provinzen und wurde Warca Banovina genannt. F\u00fcr die 2. Welt wurde an ihrer Stelle die Freie Republik Mazedonien mit einer eigenen Symbolik gegr\u00fcndet.<\/p>\n<p style=\"text-align: justify\"><span itemprop=\"image\" itemscope itemtype=\"https:\/\/schema.org\/ImageObject\"><img itemprop=\"url image\" loading=\"lazy\" decoding=\"async\" class=\"alignnone size-full wp-image-4043\" src=\"\/wp-content\/uploads\/2021\/01\/flag-of-north-macedonia_3.png\" width=\"500\" height=\"277\" alt=\"Flagge von Nordmazedonien-3\" \/><meta itemprop=\"width\" content=\"500\"><meta itemprop=\"height\" content=\"277\"><\/span><\/p>\n<p style=\"text-align: justify\">Am Ende des Krieges wurde Jugoslawien nach dem Prinzip der F\u00f6deration organisiert, in der Mazedonien durch die Volksrepublik Mazedonien gegr\u00fcndet wurde. Das Zeichen dieser Zeit war die rote Flagge mit einem f\u00fcnfzackigen Stern in der Mitte.<\/p>\n<p style=\"text-align: justify\"><span itemprop=\"image\" itemscope itemtype=\"https:\/\/schema.org\/ImageObject\"><img itemprop=\"url image\" loading=\"lazy\" decoding=\"async\" class=\"alignnone size-full wp-image-4044\" src=\"\/wp-content\/uploads\/2021\/01\/flag-of-north-macedonia_4.png\" width=\"500\" height=\"250\" alt=\"Flagge von Nordmazedonien-4\" \/><meta itemprop=\"width\" content=\"500\"><meta itemprop=\"height\" content=\"250\"><\/span><\/p>\n<p style=\"text-align: justify\">Seit 1963 wurde die Volksrepublik in Sozialistische Republik umbenannt, und das Gemeindeschild erhielt ein neues Aussehen. In dieser Version wurde sie bis zum Zusammenbruch Jugoslawiens in den Jahren 1991-1992 weiter verwendet.<\/p>\n<p style=\"text-align: justify\"><span itemprop=\"image\" itemscope itemtype=\"https:\/\/schema.org\/ImageObject\"><img itemprop=\"url image\" loading=\"lazy\" decoding=\"async\" class=\"alignnone size-full wp-image-4045\" src=\"\/wp-content\/uploads\/2021\/01\/flag-of-north-macedonia_5.png\" width=\"500\" height=\"250\" alt=\"Flagge von Nordmazedonien-5\" \/><meta itemprop=\"width\" content=\"500\"><meta itemprop=\"height\" content=\"250\"><\/span><\/p>\n<p style=\"text-align: justify\">Die moderne Flagge wurde im Oktober 1995 angenommen.<\/p>\n<p style=\"text-align: justify\">Am Ende des Zusammenbruchs von Jugoslawien, fortan bis zur Erkl\u00e4rung des neuen Zeichens des Landes wurde &#8222;im Moment der Stern&#8220; dargestellt. Aufgrund von Protesten in Griechenland, an dessen Standort sich ein erweitertes K\u00f6nigsgrab mit einem \u00e4hnlichen Bild befand, ersetzte Mazedonien sechzehn Strahlensterne durch acht Strahlen.<\/p>\n<p style=\"text-align: justify\"><span itemprop=\"image\" itemscope itemtype=\"https:\/\/schema.org\/ImageObject\"><img itemprop=\"url image\" loading=\"lazy\" decoding=\"async\" class=\"alignnone size-full wp-image-4046\" src=\"\/wp-content\/uploads\/2021\/01\/flag-of-north-macedonia_6.png\" width=\"500\" height=\"250\" alt=\"Flagge von Nordmazedonien-6\" \/><meta itemprop=\"width\" content=\"500\"><meta itemprop=\"height\" content=\"250\"><\/span><\/p>\n<h2 style=\"text-align: justify\">Beschreibung<\/h2>\n<p style=\"text-align: justify\">Das Tuch hat eine rechteckige Form, mit den Proportionen der Seiten als 1 zu 2. Auf seinem roten Feld ist die Sonne gezeichnet, von der acht Ausdehnungsstrahlen zu den R\u00e4ndern des unspezialisierten Feldes kommen.<\/p>\n<h2 style=\"text-align: justify\">Farben der Flagge<\/h2>\n<p style=\"text-align: justify\">Nur zwei Farben werden auf dem offiziellen Zeichen der Republik Nordmazedonien verwendet:<\/p>\n<ol>\n<li style=\"text-align: justify\">Rot;<\/li>\n<li style=\"text-align: justify\">Gelb.<\/li>\n<\/ol>\n<h2 style=\"text-align: justify\">Bedeutung Farben Flagge von Nordmazedonien<\/h2>\n<p style=\"text-align: justify\">Die Symbolik des Landes verk\u00f6rpert die &#8222;Neue Sonne der Freiheit&#8220;, die in der Staatshymne von Nordmazedonien verherrlicht wird.<\/p>\n<ol style=\"text-align: justify\">\n<li>Die Sonne steht f\u00fcr Freiheit und Unabh\u00e4ngigkeit.<\/li>\n<li>Gelbe Farbe &#8211; Reichtum und Wohlstand.<\/li>\n<li>Freches Symbol &#8211; und roter Mut.<\/li>\n<\/ol>\n<h2 style=\"text-align: justify\">Andere Flaggen<\/h2>\n<p style=\"text-align: justify\">Im Juni 1944 wurde die 1. mazedonische Sto\u00dfbrigade organisiert, die aus ethnischen Mazedoniern zusammengesetzt war.<\/p>\n<h2 style=\"text-align: justify\">Interessante Fakten \u00fcber die Flagge<\/h2>\n<p style=\"text-align: justify\">Der in der Anfangszeit verwendete Jungfr\u00e4ulichkeitsstern wurde nach dem Ende, wie Griechenland w\u00e4hrend des Jahres, Nordmazedonien einer Wirtschaftsblockade unterworfen hat, ersetzt. Und trotzdem wird ein solcher Stern auf der Flagge von Mazedonien verwendet &#8211; Griechisch.<\/p>\n<p style=\"text-align: justify\"><span itemprop=\"image\" itemscope itemtype=\"https:\/\/schema.org\/ImageObject\"><img itemprop=\"url image\" loading=\"lazy\" decoding=\"async\" class=\"alignnone size-full wp-image-4047\" src=\"\/wp-content\/uploads\/2021\/01\/flag-of-north-macedonia_7.png\" width=\"500\" height=\"333\" alt=\"Flagge von Nordmazedonien-7\" \/><meta itemprop=\"width\" content=\"500\"><meta itemprop=\"height\" content=\"333\"><\/span><\/p>\n<h2 style=\"text-align: justify\">Nicht-spezialisierte Informationen \u00fcber Nord-Mazedonien<\/h2>\n<table>\n<tbody>\n<tr style=\"text-align: justify\">\n<td>Offizielle Sprache<\/td>\n<td>Mazedonisch, Albanisch<\/td>\n<\/tr>\n<tr style=\"text-align: justify\">\n<td>Hauptstadt<\/td>\n<td>Skopje<\/td>\n<\/tr>\n<tr style=\"text-align: justify\">\n<td>Territorium<\/td>\n<td>25 333 km2<\/td>\n<\/tr>\n<tr style=\"text-align: justify\">\n<td>Bev\u00f6lkerung<\/td>\n<td>2 073 702 Menschen<\/td>\n<\/tr>\n<tr style=\"text-align: justify\">\n<td>W\u00e4hrung<\/td>\n<td>Mazedonischer Denar<\/td>\n<\/tr>\n<tr>\n<td style=\"text-align: justify\">Telefonvorwahl<\/td>\n<td style=\"text-align: justify\">+389<\/td>\n<\/tr>\n<\/tbody>\n<\/table>\n","protected":false},"excerpt":{"rendered":"<p>Die Republik Nordmazedonien &#8211; Regierung auf der Balkanhalbinsel im s\u00fcd\u00f6stlichen Teil Europas, mit einer Fl\u00e4che von 25.3 Tausend. Km2, und eine Bev\u00f6lkerung von mehr als 2 Millionen. Menschen&#8230;.<\/p>\n","protected":false},"author":1,"featured_media":5489,"comment_status":"open","ping_status":"open","sticky":false,"template":"","format":"standard","meta":{"footnotes":""},"categories":[3],"tags":[],"class_list":["post-1647","post","type-post","status-publish","format-standard","has-post-thumbnail","","category-flaggen-von-europa"],"aioseo_notices":[],"_links":{"self":[{"href":"https:\/\/flags-world.com\/de\/wp-json\/wp\/v2\/posts\/1647","targetHints":{"allow":["GET"]}}],"collection":[{"href":"https:\/\/flags-world.com\/de\/wp-json\/wp\/v2\/posts"}],"about":[{"href":"https:\/\/flags-world.com\/de\/wp-json\/wp\/v2\/types\/post"}],"author":[{"embeddable":true,"href":"https:\/\/flags-world.com\/de\/wp-json\/wp\/v2\/users\/1"}],"replies":[{"embeddable":true,"href":"https:\/\/flags-world.com\/de\/wp-json\/wp\/v2\/comments?post=1647"}],"version-history":[{"count":0,"href":"https:\/\/flags-world.com\/de\/wp-json\/wp\/v2\/posts\/1647\/revisions"}],"wp:featuredmedia":[{"embeddable":true,"href":"https:\/\/flags-world.com\/de\/wp-json\/wp\/v2\/media\/5489"}],"wp:attachment":[{"href":"https:\/\/flags-world.com\/de\/wp-json\/wp\/v2\/media?parent=1647"}],"wp:term":[{"taxonomy":"category","embeddable":true,"href":"https:\/\/flags-world.com\/de\/wp-json\/wp\/v2\/categories?post=1647"},{"taxonomy":"post_tag","embeddable":true,"href":"https:\/\/flags-world.com\/de\/wp-json\/wp\/v2\/tags?post=1647"}],"curies":[{"name":"wp","href":"https:\/\/api.w.org\/{rel}","templated":true}]}}