{"id":1644,"date":"2021-01-04T17:18:18","date_gmt":"2021-01-04T14:18:18","guid":{"rendered":"https:\/\/flags-world.com\/de\/2021\/01\/04\/flagge-von-serbien-bedeutung-und-farben\/"},"modified":"2021-01-04T17:18:18","modified_gmt":"2021-01-04T14:18:18","slug":"flagge-von-serbien-bedeutung-und-farben","status":"publish","type":"post","link":"https:\/\/flags-world.com\/de\/flagge-von-serbien-bedeutung-und-farben\/","title":{"rendered":"Flagge von Serbien: Bedeutung und Farben"},"content":{"rendered":"<p style=\"text-align: justify\">Serbien ist ein au\u00dfergew\u00f6hnliches Land, das an der Kreuzung von Europa gelegen ist. Serbien ist nicht nur durch die Sch\u00f6nheit seiner eigenen Natur reich, sondern auch durch viele seiner revolution\u00e4ren, historischen und politischen Ereignisse, die sie pers\u00f6nlich begonnen haben, an deren Ende sie sie aber in ihren ganzen Boden zur\u00fcckgezogen haben.<\/p>\n<p style=\"text-align: justify\">Die moderne Flagge Serbiens sieht also wie folgt aus:<\/p>\n<p style=\"text-align: justify\"><span itemprop=\"image\" itemscope itemtype=\"https:\/\/schema.org\/ImageObject\"><img itemprop=\"url image\" loading=\"lazy\" decoding=\"async\" class=\"alignnone size-full wp-image-4136\" src=\"\/wp-content\/uploads\/2021\/01\/flag-of-serbia_1.png\" width=\"500\" height=\"333\" alt=\"Flagge von Serbien-1\" \/><meta itemprop=\"width\" content=\"500\"><meta itemprop=\"height\" content=\"333\"><\/span><\/p>\n<h2 style=\"text-align: justify\">Historische Flagge von Serbien<\/h2>\n<p style=\"text-align: justify\">Die 1. erhaltene Information \u00fcber die Flagge stammt aus der Zeit des Bestehens des K\u00f6nigreichs Serbien (1217-1346).) unter dem Herrscher Stefan Vladislav, zuerst.<\/p>\n<p style=\"text-align: justify\"><span itemprop=\"image\" itemscope itemtype=\"https:\/\/schema.org\/ImageObject\"><img itemprop=\"url image\" loading=\"lazy\" decoding=\"async\" class=\"alignnone size-full wp-image-4137\" src=\"\/wp-content\/uploads\/2021\/01\/flag-of-serbia_2.png\" width=\"500\" height=\"250\" alt=\"Flagge von Serbien-2\" \/><meta itemprop=\"width\" content=\"500\"><meta itemprop=\"height\" content=\"250\"><\/span><\/p>\n<p style=\"text-align: justify\">Zur Zeit der Gr\u00fcndung des serbisch-griechischen K\u00f6nigreichs (1346-1371.), hat das Land bereits 2. Zeichen (1339 g.), die sich im Laufe des Bestehens des Reiches teilweise \u00e4nderten.<\/p>\n<p style=\"text-align: justify\"><span itemprop=\"image\" itemscope itemtype=\"https:\/\/schema.org\/ImageObject\"><img itemprop=\"url image\" loading=\"lazy\" decoding=\"async\" class=\"alignnone size-full wp-image-4138\" src=\"\/wp-content\/uploads\/2021\/01\/flag-of-serbia_3.png\" width=\"500\" height=\"333\" alt=\"Flagge von Serbien-3\" \/><meta itemprop=\"width\" content=\"500\"><meta itemprop=\"height\" content=\"333\"><\/span><\/p>\n<p style=\"text-align: justify\">Nach dem Tod des letzten Monarchen fiel das Land in die Vasallenunterwerfung der T\u00fcrkei, und ab 1459. V\u00f6llig \u00fcberw\u00e4ltigt von Osmananov.<\/p>\n<p style=\"text-align: justify\"><span itemprop=\"image\" itemscope itemtype=\"https:\/\/schema.org\/ImageObject\"><img itemprop=\"url image\" loading=\"lazy\" decoding=\"async\" class=\"alignnone size-full wp-image-4139\" src=\"\/wp-content\/uploads\/2021\/01\/flag-of-serbia_4.png\" width=\"500\" height=\"333\" alt=\"Flagge von Serbien-4\" \/><meta itemprop=\"width\" content=\"500\"><meta itemprop=\"height\" content=\"333\"><\/span><\/p>\n<p style=\"text-align: justify\">Zun\u00e4chst, im 19. Jahrhundert in Serbien, der Kumpel am zweiten aufgetreten: 2. und 1. Nun traten die Partisanen unter verschiedenen Flaggen auf. Unter den erhaltenen Arten gibt es ein paar Optionen:<\/p>\n<p style=\"text-align: justify\"><span itemprop=\"image\" itemscope itemtype=\"https:\/\/schema.org\/ImageObject\"><img itemprop=\"url image\" loading=\"lazy\" decoding=\"async\" class=\"alignnone size-full wp-image-4140\" src=\"\/wp-content\/uploads\/2021\/01\/flag-of-serbia_6.png\" width=\"500\" height=\"483\" alt=\"Flagge von Serbien-5\" \/><meta itemprop=\"width\" content=\"500\"><meta itemprop=\"height\" content=\"483\"><\/span> <span itemprop=\"image\" itemscope itemtype=\"https:\/\/schema.org\/ImageObject\"><img itemprop=\"url image\" loading=\"lazy\" decoding=\"async\" class=\"alignnone size-full wp-image-4141\" src=\"\/wp-content\/uploads\/2021\/01\/flag-of-serbia_5.png\" width=\"500\" height=\"500\" alt=\"Flagge von Serbien-6\" \/><meta itemprop=\"width\" content=\"500\"><meta itemprop=\"height\" content=\"500\"><\/span><\/p>\n<p style=\"text-align: justify\"><span itemprop=\"image\" itemscope itemtype=\"https:\/\/schema.org\/ImageObject\"><img itemprop=\"url image\" loading=\"lazy\" decoding=\"async\" class=\"alignnone size-full wp-image-4142\" src=\"\/wp-content\/uploads\/2021\/01\/flag-of-serbia_7.png\" alt=\"Flagge von Serbien-7\" width=\"450\" height=\"324\" \/><meta itemprop=\"width\" content=\"450\"><meta itemprop=\"height\" content=\"324\"><\/span> <span itemprop=\"image\" itemscope itemtype=\"https:\/\/schema.org\/ImageObject\"><img itemprop=\"url image\" loading=\"lazy\" decoding=\"async\" class=\"alignnone size-full wp-image-4143\" src=\"\/wp-content\/uploads\/2021\/01\/flag-of-serbia_8.png\" width=\"500\" height=\"365\" alt=\"Flagge von Serbien-8\" \/><meta itemprop=\"width\" content=\"500\"><meta itemprop=\"height\" content=\"365\"><\/span> <span itemprop=\"image\" itemscope itemtype=\"https:\/\/schema.org\/ImageObject\"><img itemprop=\"url image\" loading=\"lazy\" decoding=\"async\" class=\"alignnone size-full wp-image-4144\" src=\"\/wp-content\/uploads\/2021\/01\/flag-of-serbia_9.png\" width=\"415\" height=\"500\" alt=\"Flagge von Serbien-9\" \/><meta itemprop=\"width\" content=\"415\"><meta itemprop=\"height\" content=\"500\"><\/span> <span itemprop=\"image\" itemscope itemtype=\"https:\/\/schema.org\/ImageObject\"><img itemprop=\"url image\" loading=\"lazy\" decoding=\"async\" class=\"alignnone size-full wp-image-4145\" src=\"\/wp-content\/uploads\/2021\/01\/flag-of-serbia_11.png\" width=\"500\" height=\"334\" alt=\"Flagge von Serbien-10\" \/><meta itemprop=\"width\" content=\"500\"><meta itemprop=\"height\" content=\"334\"><\/span><\/p>\n<p style=\"text-align: justify\">Der Kampf um die Unabh\u00e4ngigkeit brachte schlie\u00dflich gute Ergebnisse. In der ersten H\u00e4lfte der 30er Jahre des XIX Jahrhunderts, bekam Serbien freien Status, und nach 5 Jahren verabschiedete sie ihre Verfassung, die an der Stelle bezahlt wurde, um das offizielle Zeichen zu beschreiben.<\/p>\n<p style=\"text-align: justify\"><span itemprop=\"image\" itemscope itemtype=\"https:\/\/schema.org\/ImageObject\"><img itemprop=\"url image\" loading=\"lazy\" decoding=\"async\" class=\"alignnone size-full wp-image-4146\" src=\"\/wp-content\/uploads\/2021\/01\/flag-of-serbia_10.png\" width=\"500\" height=\"457\" alt=\"Flagge von Serbien-11\" \/><meta itemprop=\"width\" content=\"500\"><meta itemprop=\"height\" content=\"457\"><\/span><\/p>\n<p style=\"text-align: justify\">Zu diesem Zeitpunkt wurden andere Flaggen verwendet:<\/p>\n<ul style=\"text-align: justify\">\n<li>Rot-blau-wei\u00dfes Tuch mit einem Wappen in der Mitte und 3 Halbmonde \u00fcber ihm;<\/li>\n<li>\u00e4hnlich der Spitze mit 4 sechszackigen Sternen.<\/li>\n<\/ul>\n<p style=\"text-align: justify\"><span itemprop=\"image\" itemscope itemtype=\"https:\/\/schema.org\/ImageObject\"><img itemprop=\"url image\" loading=\"lazy\" decoding=\"async\" class=\"alignnone size-full wp-image-4147\" src=\"\/wp-content\/uploads\/2021\/01\/flag-of-serbia_12.png\" width=\"500\" height=\"333\" alt=\"Flagge von Serbien-12\" \/><meta itemprop=\"width\" content=\"500\"><meta itemprop=\"height\" content=\"333\"><\/span><\/p>\n<p style=\"text-align: justify\">Ende 1878, nach den Ergebnissen des russisch-t\u00fcrkischen Krieges, wurde Serbien international anerkannt und in naher Zukunft verk\u00fcndete das K\u00f6nigreich. Das Staatssymbol wurde ge\u00e4ndert, um dem Status des Landes zu entsprechen. In dieser Form bestand es bis zum Ende des Ersten Weltkriegs.<\/p>\n<p style=\"text-align: justify\"><span itemprop=\"image\" itemscope itemtype=\"https:\/\/schema.org\/ImageObject\"><img itemprop=\"url image\" loading=\"lazy\" decoding=\"async\" class=\"alignnone size-full wp-image-4148\" src=\"\/wp-content\/uploads\/2021\/01\/flag-of-serbia_13.png\" width=\"500\" height=\"333\" alt=\"Flagge von Serbien-13\" \/><meta itemprop=\"width\" content=\"500\"><meta itemprop=\"height\" content=\"333\"><\/span><\/p>\n<p style=\"text-align: justify\">Im Dezember 1918. Es wurde ein neuer Staat gegr\u00fcndet &#8211; das K\u00f6nigreich der Serben, Kroaten und Slowenen, das 1929. Es wurde in K\u00f6nigreich Jugoslawien umbenannt. In beiden F\u00e4llen war das offizielle Zeichen des Landes eine horizontale Trikolore.<\/p>\n<p style=\"text-align: justify\"><span itemprop=\"image\" itemscope itemtype=\"https:\/\/schema.org\/ImageObject\"><img itemprop=\"url image\" loading=\"lazy\" decoding=\"async\" class=\"alignnone size-full wp-image-4149\" src=\"\/wp-content\/uploads\/2021\/01\/flag-of-serbia_14.png\" width=\"500\" height=\"333\" alt=\"Flagge von Serbien-14\" \/><meta itemprop=\"width\" content=\"500\"><meta itemprop=\"height\" content=\"333\"><\/span><\/p>\n<p style=\"text-align: justify\">W\u00e4hrend der Besetzung Jugoslawiens wurde die Regierung der staatlichen Rettung geschaffen, die ein eigenes Symbol hatte.<\/p>\n<p style=\"text-align: justify\"><span itemprop=\"image\" itemscope itemtype=\"https:\/\/schema.org\/ImageObject\"><img itemprop=\"url image\" loading=\"lazy\" decoding=\"async\" class=\"alignnone size-full wp-image-4150\" src=\"\/wp-content\/uploads\/2021\/01\/flag-of-serbia_15.png\" width=\"500\" height=\"335\" alt=\"Flagge von Serbien-15\" \/><meta itemprop=\"width\" content=\"500\"><meta itemprop=\"height\" content=\"335\"><\/span><\/p>\n<p style=\"text-align: justify\">Am Ende des 2. Weltkrieges wurde auf diesem Gebiet die f\u00f6derale (sp\u00e4ter sozialistische) Volksrepublik Jugoslawien gegr\u00fcndet, deren Teil die Sozialistische Republik Serbien war, die eine eigene Symbolik hat.<\/p>\n<p style=\"text-align: justify\"><span itemprop=\"image\" itemscope itemtype=\"https:\/\/schema.org\/ImageObject\"><img itemprop=\"url image\" loading=\"lazy\" decoding=\"async\" class=\"alignnone size-full wp-image-4151\" src=\"\/wp-content\/uploads\/2021\/01\/flag-of-serbia_16.png\" width=\"500\" height=\"250\" alt=\"Flagge von Serbien-16\" \/><meta itemprop=\"width\" content=\"500\"><meta itemprop=\"height\" content=\"250\"><\/span><\/p>\n<p style=\"text-align: justify\">Der Zerfall Jugoslawiens im Jahr 1992. Er f\u00fchrte zur Schaffung der Allianz von 2 Staaten: Und Montenegro von Serbien, was ihre offizielle Zeichen genehmigt die Symbolik Version der 1918-1945 Zeitraum. Separat f\u00fcr sich, die Republik Serbien genehmigt die 2. Ansicht der Flagge, die \u00c4nderung der wei\u00dfen und roten Streifen.<\/p>\n<p style=\"text-align: justify\"><span itemprop=\"image\" itemscope itemtype=\"https:\/\/schema.org\/ImageObject\"><img itemprop=\"url image\" loading=\"lazy\" decoding=\"async\" class=\"alignnone size-full wp-image-4152\" src=\"\/wp-content\/uploads\/2021\/01\/flag-of-serbia_17.png\" width=\"500\" height=\"250\" alt=\"Flagge von Serbien-17\" \/><meta itemprop=\"width\" content=\"500\"><meta itemprop=\"height\" content=\"250\"><\/span><\/p>\n<p style=\"text-align: justify\">Die Union von Serbien und Montenegro hatte nicht eine lange Geschichte und im Jahr 2004 brach er zusammen, und Serbien erkl\u00e4rte gleichzeitig auf die Entwicklung eines separaten Landes. Zu diesem Zweck wurde ihre Symbolik ge\u00e4ndert &#8211; das Bild des Wappens wurde auf die Trikolore \u00fcbertragen.<\/p>\n<p style=\"text-align: justify\"><span itemprop=\"image\" itemscope itemtype=\"https:\/\/schema.org\/ImageObject\"><img itemprop=\"url image\" loading=\"lazy\" decoding=\"async\" class=\"alignnone size-full wp-image-4153\" src=\"\/wp-content\/uploads\/2021\/01\/flag-of-serbia_18.png\" width=\"500\" height=\"333\" alt=\"Flagge von Serbien-18\" \/><meta itemprop=\"width\" content=\"500\"><meta itemprop=\"height\" content=\"333\"><\/span><\/p>\n<p style=\"text-align: justify\">Die moderne Flagge des Landes wurde 2010 angenommen. Sie wiederholt praktisch die fr\u00fchere Version, mit einer teilweisen \u00c4nderung des Aussehens des Wappens.<\/p>\n<h2 style=\"text-align: justify\">Beschreibung<\/h2>\n<p style=\"text-align: justify\">Das Staatssymbol Serbiens ist ein rechteckiges Tuch, das aus drei gleichm\u00e4\u00dfigen horizontalen Streifen gefaltet ist:<\/p>\n<ol style=\"text-align: justify\">\n<li>Rot &#8211; oben;<\/li>\n<li>Blau &#8211; Mittel;<\/li>\n<li>Wei\u00df &#8211; unten.<\/li>\n<\/ol>\n<p style=\"text-align: justify\">In einem Abstand von 1\/7 der Flaggenl\u00e4nge von der Seite des Baumes geschrieben die Ansicht des kleinen Wappens von Serbien.<\/p>\n<p style=\"text-align: justify\"><span itemprop=\"image\" itemscope itemtype=\"https:\/\/schema.org\/ImageObject\"><img itemprop=\"url image\" loading=\"lazy\" decoding=\"async\" class=\"alignnone size-full wp-image-4154\" src=\"\/wp-content\/uploads\/2021\/01\/flag-of-serbia_19.png\" width=\"253\" height=\"500\" alt=\"Flagge von Serbien-19\" \/><meta itemprop=\"width\" content=\"253\"><meta itemprop=\"height\" content=\"500\"><\/span><\/p>\n<p style=\"text-align: justify\">Das kleine Wappen, das auf dem Schild dargestellt ist, besteht aus 2 wei\u00dfen Adlern mit offenen Schn\u00e4beln und geschwungenen Seiten. Sie sind auf einem Schild mit rotem Hintergrund abgebildet, \u00fcber dessen K\u00f6pfen sich die Krone befindet. Serbisches Kreuz, basierend auf dem Emblem, das im zentralen Teil des Wappens von Byzanz aus dem 13.<\/p>\n<p style=\"text-align: justify\"><span itemprop=\"image\" itemscope itemtype=\"https:\/\/schema.org\/ImageObject\"><img itemprop=\"url image\" loading=\"lazy\" decoding=\"async\" class=\"alignnone size-full wp-image-4155\" src=\"\/wp-content\/uploads\/2021\/01\/flag-of-serbia_20.png\" width=\"500\" height=\"500\" alt=\"Flagge von Serbien-20\" \/><meta itemprop=\"width\" content=\"500\"><meta itemprop=\"height\" content=\"500\"><\/span><\/p>\n<p style=\"text-align: justify\">Der Unterschied ist, dass das Symbol der &#8222;Ohio&#8220; und ein Kreuz sind in der serbischen Version von wei\u00df, und in byzantinischen &#8211; Gelb.<\/p>\n<p style=\"text-align: justify\"><span itemprop=\"image\" itemscope itemtype=\"https:\/\/schema.org\/ImageObject\"><img itemprop=\"url image\" loading=\"lazy\" decoding=\"async\" class=\"alignnone size-full wp-image-4156\" src=\"\/wp-content\/uploads\/2021\/01\/flag-of-serbia_21.png\" width=\"500\" height=\"281\" alt=\"Flagge von Serbien-21\" \/><meta itemprop=\"width\" content=\"500\"><meta itemprop=\"height\" content=\"281\"><\/span><\/p>\n<h2 style=\"text-align: justify\">Farben Flagge von Serbien<\/h2>\n<p style=\"text-align: justify\">Das offizielle Symbol Serbiens hat drei Hauptfarben: rot, blau, wei\u00df. Abgesehen davon, dass sie die gleichen zus\u00e4tzlichen T\u00f6ne f\u00fcr das Bild eines kleinen Wappens verwendet: Gelb, Schwarz.<\/p>\n<h2 style=\"text-align: justify\">Bedeutung Farben Flagge von Serbien<\/h2>\n<p style=\"text-align: justify\">Verwendet von den Farben der Flagge Farben genommen werden, um panslavyan T\u00f6ne zu berechnen, ohne Blick auf die Tatsache, dass die gleiche Farbpalette ist auch verf\u00fcgbar Niederlande. Die Farben angegeben:<\/p>\n<ol style=\"text-align: justify\">\n<li>Blau &#8211; symbolisiert die Ehrlichkeit und Keuschheit des serbischen Volkes;<\/li>\n<li>Rot &#8211; verk\u00f6rpert die Liebe und den Mut der Serben, die f\u00fcr die Einheit und die Liebe zu ihrem eigenen Land, k\u00e4mpften in allen Schlachten, die auf ihren harten Anteil fiel;<\/li>\n<li>Adel &#8211; und wei\u00dfes Weltzeichen.<\/li>\n<\/ol>\n<h2 style=\"text-align: justify\">Andere Flaggen<\/h2>\n<p style=\"text-align: justify\">Fahnen und Schilder f\u00fcr st\u00e4dtische Einrichtungen und verschiedene Institutionen werden in der Republik hergestellt. Unter ihnen:<\/p>\n<ul style=\"text-align: justify\">\n<li>Regierung<\/li>\n<\/ul>\n<p>Die Standarte des Pr\u00e4sidenten des Landes, (die Ansicht der Tafeln hat eine gro\u00dfe \u00c4hnlichkeit mit dem K\u00f6nig von K\u00f6nig Alexander dem Ersten);<\/p>\n<p style=\"text-align: justify\"><span itemprop=\"image\" itemscope itemtype=\"https:\/\/schema.org\/ImageObject\"><img itemprop=\"url image\" loading=\"lazy\" decoding=\"async\" class=\"alignnone size-full wp-image-4157\" src=\"\/wp-content\/uploads\/2021\/01\/flag-of-serbia_22.png\" width=\"500\" height=\"500\" alt=\"Flagge von Serbien-22\" \/><meta itemprop=\"width\" content=\"500\"><meta itemprop=\"height\" content=\"500\"><\/span><\/p>\n<ul>\n<li>Standarte des Pr\u00e4sidenten der Staatsversammlung der Republik,<\/li>\n<\/ul>\n<p style=\"text-align: justify\"><span itemprop=\"image\" itemscope itemtype=\"https:\/\/schema.org\/ImageObject\"><img itemprop=\"url image\" loading=\"lazy\" decoding=\"async\" class=\"alignnone size-full wp-image-4158\" src=\"\/wp-content\/uploads\/2021\/01\/flag-of-serbia_23.png\" width=\"500\" height=\"500\" alt=\"Flagge von Serbien-23\" \/><meta itemprop=\"width\" content=\"500\"><meta itemprop=\"height\" content=\"500\"><\/span><\/p>\n<ul style=\"text-align: justify\">\n<li>Armee<\/li>\n<\/ul>\n<p>Serbische Brigade der Landstreitkr\u00e4fte;<\/p>\n<p style=\"text-align: justify\"><span itemprop=\"image\" itemscope itemtype=\"https:\/\/schema.org\/ImageObject\"><img itemprop=\"url image\" loading=\"lazy\" decoding=\"async\" class=\"alignnone size-full wp-image-4159\" src=\"\/wp-content\/uploads\/2021\/01\/flag-of-serbia_1.jpg\" width=\"500\" height=\"243\" alt=\"Flagge von Serbien-24\" \/><meta itemprop=\"width\" content=\"500\"><meta itemprop=\"height\" content=\"243\"><\/span><\/p>\n<ul>\n<li>VVS-Brigade;<\/li>\n<\/ul>\n<p style=\"text-align: justify\"><span itemprop=\"image\" itemscope itemtype=\"https:\/\/schema.org\/ImageObject\"><img itemprop=\"url image\" loading=\"lazy\" decoding=\"async\" class=\"alignnone size-full wp-image-4160\" src=\"\/wp-content\/uploads\/2021\/01\/flag-of-serbia_2.jpg\" width=\"500\" height=\"243\" alt=\"Flagge von Serbien-25\" \/><meta itemprop=\"width\" content=\"500\"><meta itemprop=\"height\" content=\"243\"><\/span><\/p>\n<ul>\n<li>Milit\u00e4rpolizei;<\/li>\n<\/ul>\n<p style=\"text-align: justify\"><span itemprop=\"image\" itemscope itemtype=\"https:\/\/schema.org\/ImageObject\"><img itemprop=\"url image\" loading=\"lazy\" decoding=\"async\" class=\"alignnone size-full wp-image-4161\" src=\"\/wp-content\/uploads\/2021\/01\/flag-of-serbia_3.jpg\" width=\"500\" height=\"243\" alt=\"Flagge von Serbien-26\" \/><meta itemprop=\"width\" content=\"500\"><meta itemprop=\"height\" content=\"243\"><\/span><\/p>\n<ul>\n<li>Garde von Serbien;<\/li>\n<\/ul>\n<p style=\"text-align: justify\"><span itemprop=\"image\" itemscope itemtype=\"https:\/\/schema.org\/ImageObject\"><img itemprop=\"url image\" loading=\"lazy\" decoding=\"async\" class=\"alignnone size-full wp-image-4162\" src=\"\/wp-content\/uploads\/2021\/01\/flag-of-serbia_4.jpg\" width=\"500\" height=\"243\" alt=\"Flagge von Serbien-27\" \/><meta itemprop=\"width\" content=\"500\"><meta itemprop=\"height\" content=\"243\"><\/span><\/p>\n<ul>\n<li>Flussflotte der Armee des Landes;<\/li>\n<\/ul>\n<p style=\"text-align: justify\"><span itemprop=\"image\" itemscope itemtype=\"https:\/\/schema.org\/ImageObject\"><img itemprop=\"url image\" loading=\"lazy\" decoding=\"async\" class=\"alignnone size-full wp-image-4163\" src=\"\/wp-content\/uploads\/2021\/01\/flag-of-serbia_24.png\" width=\"500\" height=\"333\" alt=\"Flagge von Serbien-28\" \/><meta itemprop=\"width\" content=\"500\"><meta itemprop=\"height\" content=\"333\"><\/span><\/p>\n<ul>\n<li>Agentur f\u00fcr Informationssicherheit.<\/li>\n<\/ul>\n<p style=\"text-align: justify\"><span itemprop=\"image\" itemscope itemtype=\"https:\/\/schema.org\/ImageObject\"><img itemprop=\"url image\" loading=\"lazy\" decoding=\"async\" class=\"alignnone size-full wp-image-4164\" src=\"\/wp-content\/uploads\/2021\/01\/flag-of-serbia_5.jpg\" width=\"500\" height=\"498\" alt=\"Flagge von Serbien-29\" \/><meta itemprop=\"width\" content=\"500\"><meta itemprop=\"height\" content=\"498\"><\/span><\/p>\n<ul style=\"text-align: justify\">\n<li>Territoriale<\/li>\n<\/ul>\n<p style=\"text-align: justify\">Die Republik Serbien hat eine freie Provinz Vojvodina. Ihr offizielles Zeichen ist ein rot-blaues Tuch mit 3 Sternen auf blauem Grund.<\/p>\n<p style=\"text-align: justify\"><span itemprop=\"image\" itemscope itemtype=\"https:\/\/schema.org\/ImageObject\"><img itemprop=\"url image\" loading=\"lazy\" decoding=\"async\" class=\"alignnone size-full wp-image-4165\" src=\"\/wp-content\/uploads\/2021\/01\/flag-of-serbia_25.png\" width=\"500\" height=\"250\" alt=\"Flagge von Serbien-30\" \/><meta itemprop=\"width\" content=\"500\"><meta itemprop=\"height\" content=\"250\"><\/span><\/p>\n<p style=\"text-align: justify\">Salons ist f\u00fcr die Einf\u00fchrung erlaubt und das 2. offizielle Symbol von Voiding.<\/p>\n<p style=\"text-align: justify\"><span itemprop=\"image\" itemscope itemtype=\"https:\/\/schema.org\/ImageObject\"><img itemprop=\"url image\" loading=\"lazy\" decoding=\"async\" class=\"alignnone size-full wp-image-4166\" src=\"\/wp-content\/uploads\/2021\/01\/flag-of-serbia_26.png\" width=\"500\" height=\"309\" alt=\"Flagge von Serbien-31\" \/><meta itemprop=\"width\" content=\"500\"><meta itemprop=\"height\" content=\"309\"><\/span><\/p>\n<p style=\"text-align: justify\">Zusammen mit anderen Zeichen hat die Orthodoxe Kirche von Serbien eine eigene Version der Flagge.<\/p>\n<p style=\"text-align: justify\"><span itemprop=\"image\" itemscope itemtype=\"https:\/\/schema.org\/ImageObject\"><img itemprop=\"url image\" loading=\"lazy\" decoding=\"async\" class=\"alignnone size-full wp-image-4167\" src=\"\/wp-content\/uploads\/2021\/01\/flag-of-serbia_27.png\" width=\"500\" height=\"131\" alt=\"Flagge von Serbien-32\" \/><meta itemprop=\"width\" content=\"500\"><meta itemprop=\"height\" content=\"131\"><\/span><\/p>\n<h2 style=\"text-align: justify\">Interessante Fakten \u00fcber die Flagge<\/h2>\n<p style=\"text-align: justify\">F\u00fcr die \u00f6ffentliche Verwendung ist die Flaggenoption ohne Wappen zul\u00e4ssig, das das offizielle Zeichen der Republik Serbien als Teil von Bosnien und Herzegowina ist.<\/p>\n<p style=\"text-align: justify\"><span itemprop=\"image\" itemscope itemtype=\"https:\/\/schema.org\/ImageObject\"><img itemprop=\"url image\" loading=\"lazy\" decoding=\"async\" class=\"alignnone size-full wp-image-4168\" src=\"\/wp-content\/uploads\/2021\/01\/flag-of-serbia_28.png\" width=\"500\" height=\"250\" alt=\"Flagge von Serbien-33\" \/><meta itemprop=\"width\" content=\"500\"><meta itemprop=\"height\" content=\"250\"><\/span><\/p>\n<h2 style=\"text-align: justify\">Nicht-spezialisierte Informationen \u00fcber Serbien<\/h2>\n<table>\n<tbody>\n<tr>\n<td>Offizielle Sprache<\/td>\n<td>Serbisch<\/td>\n<\/tr>\n<tr>\n<td>Hauptstadt<\/td>\n<td>Belgrad<\/td>\n<\/tr>\n<tr>\n<td>Territorium<\/td>\n<td>88 407 km2<\/td>\n<\/tr>\n<tr>\n<td>Einwohnerzahl<\/td>\n<td>6 963 764 Menschen<\/td>\n<\/tr>\n<tr>\n<td>W\u00e4hrung<\/td>\n<td>Serbischer Dinar (RSD, Code 941)<\/td>\n<\/tr>\n<tr>\n<td>Telefon-Code<\/td>\n<td>+381<\/td>\n<\/tr>\n<\/tbody>\n<\/table>\n","protected":false},"excerpt":{"rendered":"<p>Serbien ist ein au\u00dfergew\u00f6hnliches Land, das an der Kreuzung von Europa gelegen ist. Serbien ist nicht nur durch die Sch\u00f6nheit seiner eigenen Natur reich, sondern auch durch viele&#8230;<\/p>\n","protected":false},"author":1,"featured_media":5506,"comment_status":"open","ping_status":"open","sticky":false,"template":"","format":"standard","meta":{"footnotes":""},"categories":[3],"tags":[],"class_list":["post-1644","post","type-post","status-publish","format-standard","has-post-thumbnail","","category-flaggen-von-europa"],"aioseo_notices":[],"_links":{"self":[{"href":"https:\/\/flags-world.com\/de\/wp-json\/wp\/v2\/posts\/1644","targetHints":{"allow":["GET"]}}],"collection":[{"href":"https:\/\/flags-world.com\/de\/wp-json\/wp\/v2\/posts"}],"about":[{"href":"https:\/\/flags-world.com\/de\/wp-json\/wp\/v2\/types\/post"}],"author":[{"embeddable":true,"href":"https:\/\/flags-world.com\/de\/wp-json\/wp\/v2\/users\/1"}],"replies":[{"embeddable":true,"href":"https:\/\/flags-world.com\/de\/wp-json\/wp\/v2\/comments?post=1644"}],"version-history":[{"count":0,"href":"https:\/\/flags-world.com\/de\/wp-json\/wp\/v2\/posts\/1644\/revisions"}],"wp:featuredmedia":[{"embeddable":true,"href":"https:\/\/flags-world.com\/de\/wp-json\/wp\/v2\/media\/5506"}],"wp:attachment":[{"href":"https:\/\/flags-world.com\/de\/wp-json\/wp\/v2\/media?parent=1644"}],"wp:term":[{"taxonomy":"category","embeddable":true,"href":"https:\/\/flags-world.com\/de\/wp-json\/wp\/v2\/categories?post=1644"},{"taxonomy":"post_tag","embeddable":true,"href":"https:\/\/flags-world.com\/de\/wp-json\/wp\/v2\/tags?post=1644"}],"curies":[{"name":"wp","href":"https:\/\/api.w.org\/{rel}","templated":true}]}}