{"id":1638,"date":"2021-01-04T17:18:17","date_gmt":"2021-01-04T14:18:17","guid":{"rendered":"https:\/\/flags-world.com\/de\/2021\/01\/04\/flaggen-von-rumanien-farben-und-bedeutung\/"},"modified":"2021-01-04T17:18:17","modified_gmt":"2021-01-04T14:18:17","slug":"flaggen-von-rumanien-farben-und-bedeutung","status":"publish","type":"post","link":"https:\/\/flags-world.com\/de\/flaggen-von-rumanien-farben-und-bedeutung\/","title":{"rendered":"Flaggen von Rum\u00e4nien: Farben und Bedeutung"},"content":{"rendered":"<p style=\"text-align: justify\">Eines der Ortsschilder von Rum\u00e4nien hat eine Flagge.<\/p>\n<p style=\"text-align: justify\">So sieht die moderne Flagge von Rum\u00e4nien aus:<\/p>\n<p style=\"text-align: justify\"><span itemprop=\"image\" itemscope itemtype=\"https:\/\/schema.org\/ImageObject\"><img itemprop=\"url image\" loading=\"lazy\" decoding=\"async\" class=\"alignnone size-full wp-image-4780\" src=\"\/wp-content\/uploads\/2021\/01\/flags-of-romania_1.png\" width=\"500\" height=\"333\" alt=\"Flagge von Rum\u00e4nien-1\" \/><meta itemprop=\"width\" content=\"500\"><meta itemprop=\"height\" content=\"333\"><\/span><\/p>\n<p style=\"text-align: justify\">Der Flaggentag in Rum\u00e4nien wird am 26. Juni gefeiert. Die Feiertage wurden in der 2. H\u00e4lfte der 90er Jahre des XX Jahrhunderts geschaffen.<\/p>\n<h2 style=\"text-align: justify\">Geschichte Flagge Rum\u00e4nien<\/h2>\n<p style=\"text-align: justify\">Einigen Forschungen zufolge wurden die Farben der rum\u00e4nischen Flagge in Stefan der Lupe verwendet, der Moldawien von Mitte des 15. bis Anfang des 16.<\/p>\n<p style=\"text-align: justify\">Es ist ganz klar \u00fcber den Ursprung der 3-Farben auf der Misha Brave Banner, die herrschende Valahia von 1593 bis 1601. Er schaffte es, f\u00fcr kurze Zeit alle Donauprinzipien unter seinem Banner zu vereinen.<\/p>\n<p style=\"text-align: justify\">Neue Erw\u00e4hnung von Banner Valahia bezieht sich auf 1834. F\u00fcrst Alexander Gick hatte ein gelbliches Tuch. Im linken hohen Teil war ein blauer Adler abgebildet, der ein Zepter und eine Klinge in den Pfoten hielt. Der Adler wurde mit 3 wei\u00dfen Sternen gekr\u00f6nt.<\/p>\n<p style=\"text-align: justify\">Martial Courts Valahia im 19. Jahrhundert ging unter den Zeichen in Form von Rechtecken mit 3 horizontalen Streifen &#8211; rot, gelb, blau. In der Mitte &#8211; Adler mit einem Kreuz, und ein Stern. In den Ecken befand sich eine Buche &#8222;A&#8220;. Das Relikt wurde im Museum der rum\u00e4nischen Armee aufbewahrt.<\/p>\n<p style=\"text-align: justify\">Unter dem 19. Jahrhundert, Armee-Banner der Republik Moldau. Sie sahen aus wie blaue Quadrate mit einem Rotkopf in der Mitte. Kopf ist gekr\u00f6nt Krone. In jeder Ecke der Leinwand &#8211; ein rotes Quadrat mit einem achtzackigen Stern. Auf der R\u00fcckseite &#8211; Heilige Zhora, durchbohrt die Schlange.<\/p>\n<blockquote>\n<p style=\"text-align: justify\">In der ersten H\u00e4lfte der 20er Jahre des XIX. Jahrhunderts brach der Valaasch-Aufstand unter der F\u00fchrung von Tudor Vladimirsku aus. Er wurde bald der Herrscher von Valahia. Die blau-gelb-rote Trikolore erschien als Zeichen des Aufstandes.<\/p>\n<\/blockquote>\n<p style=\"text-align: justify\">Die offiziell blau-gelb-rote Flagge wurde von der provisorischen Regierung in der 2. H\u00e4lfte der 40er Jahre des neunzehnten Jahrhunderts, w\u00e4hrend der Revolution in den Donau-Prinzipien genehmigt. Es wurden zwei Varianten der Flagge verwendet &#8211; mit horizontalen und vertikalen Streifen &#8211; blau, gelb und rot. In der Mitte befand sich eine Inschrift: &#8222;Gerechtigkeit, Br\u00fcderlichkeit&#8220;. Revolution\u00e4re erkl\u00e4rten die Wahl der Blumen, um die blaue Flagge von Valahii mit den goldenen sieben Graden und dem roten Moldawien zu vereinen.<\/p>\n<p style=\"text-align: justify\"><span itemprop=\"image\" itemscope itemtype=\"https:\/\/schema.org\/ImageObject\"><img itemprop=\"url image\" loading=\"lazy\" decoding=\"async\" class=\"alignnone size-full wp-image-4781\" src=\"\/wp-content\/uploads\/2021\/01\/flags-of-romania_2.png\" width=\"500\" height=\"333\" alt=\"Flagge von Rum\u00e4nien-2\" \/><meta itemprop=\"width\" content=\"500\"><meta itemprop=\"height\" content=\"333\"><\/span><\/p>\n<ul>\n<li style=\"text-align: justify\">In den Jahren 1859-1866. Die Flagge der vereinigten Walachei und Moldawiens hatte die Form einer horizontalen rot-gelb-blauen Trikolore.<\/li>\n<\/ul>\n<p style=\"text-align: justify\"><span itemprop=\"image\" itemscope itemtype=\"https:\/\/schema.org\/ImageObject\"><img itemprop=\"url image\" loading=\"lazy\" decoding=\"async\" class=\"alignnone size-full wp-image-4782\" src=\"\/wp-content\/uploads\/2021\/01\/flags-of-romania_3.png\" width=\"500\" height=\"333\" alt=\"Flagge von Rum\u00e4nien-3\" \/><meta itemprop=\"width\" content=\"500\"><meta itemprop=\"height\" content=\"333\"><\/span><\/p>\n<p style=\"text-align: justify\">Im Jahr 1866. Der Herrscher Preu\u00dfischer Prinz Karl \u00e4nderte die Anordnung der Streifen in eine vertikale. Diese Option ist seit vielen Jahren festgelegt worden. Das Wappen der Herrscherfamilie wurde auf dem gelben Mittelstreifen abgebildet.<\/p>\n<blockquote>\n<p style=\"text-align: justify\">Am 30. Dezember 1947 wurde die Monarchie in Rum\u00e4nien abgeschafft. Die Sozialistische Republik Rum\u00e4nien erschien.<\/p>\n<\/blockquote>\n<p style=\"text-align: justify\">Auf der Flagge von 1948, die von Januar bis April existierte, war das Wappen das Bild eines Traktors vor dem Hintergrund der aufgehenden Sonne. Es gab einen Kranz aus \u00c4hren. Von oben &#8211; Verkleinerung &#8222;RPR&#8220;.<\/p>\n<p style=\"text-align: justify\"><span itemprop=\"image\" itemscope itemtype=\"https:\/\/schema.org\/ImageObject\"><img itemprop=\"url image\" loading=\"lazy\" decoding=\"async\" class=\"alignnone size-full wp-image-4784\" src=\"\/wp-content\/uploads\/2021\/01\/flags-of-romania_4.png\" width=\"500\" height=\"333\" alt=\"Flagge von Rum\u00e4nien-4\" \/><meta itemprop=\"width\" content=\"500\"><meta itemprop=\"height\" content=\"333\"><\/span><\/p>\n<p style=\"text-align: justify\">Im April 1948 wurde das Wappen ge\u00e4ndert. Es schien auf die Berge und den Wald, wodurch die Sonne aufging. Auf der linken Seite erschien ein Bild des \u00d6lturms. An den Seiten &#8211; die Weizen\u00e4hren, im unteren Teil mit einem Band in den Gemeindefarben umwickelt. Auf dem Band &#8211; die Aufschrift &#8222;RPR&#8220; &#8211; der abgek\u00fcrzte Name der Republik. Diese Option bestand bis September 1952.<\/p>\n<p style=\"text-align: justify\"><span itemprop=\"image\" itemscope itemtype=\"https:\/\/schema.org\/ImageObject\"><img itemprop=\"url image\" loading=\"lazy\" decoding=\"async\" class=\"alignnone size-full wp-image-4785\" src=\"\/wp-content\/uploads\/2021\/01\/flags-of-romania_5.png\" width=\"500\" height=\"333\" alt=\"Flagge von Rum\u00e4nien-5\" \/><meta itemprop=\"width\" content=\"500\"><meta itemprop=\"height\" content=\"333\"><\/span><\/p>\n<ul>\n<li style=\"text-align: justify\">Seit September 1952. Bis August 1965. Das Wappen mit einem f\u00fcnfzackigen roten Stern im h\u00f6chsten Teil.<\/li>\n<\/ul>\n<p style=\"text-align: justify\"><span itemprop=\"image\" itemscope itemtype=\"https:\/\/schema.org\/ImageObject\"><img itemprop=\"url image\" loading=\"lazy\" decoding=\"async\" class=\"alignnone size-full wp-image-4786\" src=\"\/wp-content\/uploads\/2021\/01\/flags-of-romania_6.png\" width=\"500\" height=\"333\" alt=\"Flagge von Rum\u00e4nien-6\" \/><meta itemprop=\"width\" content=\"500\"><meta itemprop=\"height\" content=\"333\"><\/span><\/p>\n<ul>\n<li style=\"text-align: justify\">Im Jahr 1965. Der neue Name des Landes erschien auf der RPR-Reduzierungsseite.<\/li>\n<\/ul>\n<p style=\"text-align: justify\"><span itemprop=\"image\" itemscope itemtype=\"https:\/\/schema.org\/ImageObject\"><img itemprop=\"url image\" loading=\"lazy\" decoding=\"async\" class=\"alignnone size-full wp-image-4787\" src=\"\/wp-content\/uploads\/2021\/01\/flags-of-romania_7.png\" width=\"500\" height=\"333\" alt=\"Flagge von Rum\u00e4nien-7\" \/><meta itemprop=\"width\" content=\"500\"><meta itemprop=\"height\" content=\"333\"><\/span><\/p>\n<ul>\n<li style=\"text-align: justify\">Im Jahr 1989. Revolution stattgefunden. Demonstranten schneiden aus dem dreifarbigen Wappen des Landes aus.<\/li>\n<\/ul>\n<p style=\"text-align: justify\"><span itemprop=\"image\" itemscope itemtype=\"https:\/\/schema.org\/ImageObject\"><img itemprop=\"url image\" loading=\"lazy\" decoding=\"async\" class=\"alignnone size-full wp-image-4788\" src=\"\/wp-content\/uploads\/2021\/01\/flags-of-romania_1.jpg\" width=\"500\" height=\"500\" alt=\"Flagge Rum\u00e4nien-8\" \/><meta itemprop=\"width\" content=\"500\"><meta itemprop=\"height\" content=\"500\"><\/span><\/p>\n<p style=\"text-align: justify\">Seit 1989., Am Ende des Sturzes des Ceausescu-Regimes wurde das Wappen gestrichen.<\/p>\n<p style=\"text-align: justify\">Am 27. Dezember 1989 nahm die Staatsflagge Rum\u00e4niens wieder die Form der Trikolore ohne Wappen an.<\/p>\n<blockquote>\n<p style=\"text-align: justify\">Diese Flagge ist zur Zeit g\u00fcltig.<\/p>\n<\/blockquote>\n<h2 style=\"text-align: justify\">Beschreibung<\/h2>\n<p style=\"text-align: justify\">Rechteckiges Tuch mit einem Verh\u00e4ltnis von L\u00e4nge und Breite 2:3.<\/p>\n<p style=\"text-align: justify\">Das Rechteck ist vertikal in drei isometrische Streifen unterteilt. Links, in der N\u00e4he des Frostschutzes, blau, mittel &#8211; gelb, und rechts, am freien Rand &#8211; rot.<\/p>\n<p style=\"text-align: justify\"><span itemprop=\"image\" itemscope itemtype=\"https:\/\/schema.org\/ImageObject\"><img itemprop=\"url image\" loading=\"lazy\" decoding=\"async\" class=\"alignnone size-full wp-image-4789\" src=\"\/wp-content\/uploads\/2021\/01\/flags-of-romania_8.png\" width=\"500\" height=\"426\" alt=\"Flagge Rum\u00e4nien-9\" \/><meta itemprop=\"width\" content=\"500\"><meta itemprop=\"height\" content=\"426\"><\/span><\/p>\n<h2 style=\"text-align: justify\">Farben Flagge Rum\u00e4nien<\/h2>\n<p style=\"text-align: justify\">Drei Farben:<\/p>\n<ol style=\"text-align: justify\">\n<li>Blau entspricht 280c f\u00fcr eine Gesamtheit von Pantone;<\/li>\n<li>Gelb entspricht 116c f\u00fcr die Gesamtheit von Pantone;<\/li>\n<li>Rot 186c Pantone Kollaps.<\/li>\n<\/ol>\n<h2 style=\"text-align: justify\">Bedeutungen Farben Flagge Rum\u00e4nien<\/h2>\n<p style=\"text-align: justify\">In den Tagen der k\u00f6niglichen Herrschaft wurden sie wie folgt interpretiert: Blau bedeutete einen gl\u00fccklichen, gesegneten Himmel; Gelb &#8211; Reichtum; Rot &#8211; Mut und Hingabe des Volkes.<\/p>\n<p style=\"text-align: justify\">Mit sozialistischer Farbe, die Farbe wird in einem anderen Fall erkl\u00e4rt. Blau &#8211; friedlicher Himmel \u00fcber dem Staat; Gelb &#8211; endlose Felder mit reifem Weizen; Rot &#8211; das Blut des Volkes, das f\u00fcr die Freiheit vergossen wird.<\/p>\n<p style=\"text-align: justify\">Die Farben der aktuellen Staatsflagge Rum\u00e4niens werden interpretiert: Blau zeigt Unabh\u00e4ngigkeit und Freiheit; Gelb &#8211; Recht; Rot &#8211; Br\u00fcderlichkeit.<\/p>\n<h2 style=\"text-align: justify\">Andere Flaggen<\/h2>\n<p style=\"text-align: justify\">Die Flagge der Marine Rum\u00e4niens ist quadratisch, geteilt durch drei vertikale Streifen in den Staatsfarben. In der Mitte des blauen Streifens sind zwei wei\u00dfe gekreuzte Anker abgebildet.<\/p>\n<p style=\"text-align: justify\"><span itemprop=\"image\" itemscope itemtype=\"https:\/\/schema.org\/ImageObject\"><img itemprop=\"url image\" loading=\"lazy\" decoding=\"async\" class=\"alignnone size-full wp-image-4790\" src=\"\/wp-content\/uploads\/2021\/01\/flags-of-romania_9.png\" width=\"500\" height=\"500\" alt=\"Flagge von Rum\u00e4nien-10\" \/><meta itemprop=\"width\" content=\"500\"><meta itemprop=\"height\" content=\"500\"><\/span><\/p>\n<p style=\"text-align: justify\">Die Standarte des Pr\u00e4sidenten ist ein Quadrat, das an 3 freien Seiten durch den Goldenen Bach begrenzt wird. Oberer und unterer rechter Winkel &#8211; goldene Pinsel. Auf blauem Hintergrund &#8211; ein Quadrat, das von einer Trikolore in einem wei\u00dfen Rahmen gehalten wird.<\/p>\n<p style=\"text-align: justify\"><span itemprop=\"image\" itemscope itemtype=\"https:\/\/schema.org\/ImageObject\"><img itemprop=\"url image\" loading=\"lazy\" decoding=\"async\" class=\"alignnone size-full wp-image-4791\" src=\"\/wp-content\/uploads\/2021\/01\/flags-of-romania_10.png\" width=\"472\" height=\"500\" alt=\"Flagge von Rum\u00e4nien-11\" \/><meta itemprop=\"width\" content=\"472\"><meta itemprop=\"height\" content=\"500\"><\/span><\/p>\n<p style=\"text-align: justify\">Flagge der Luftstreitkr\u00e4fte Rum\u00e4niens<\/p>\n<p style=\"text-align: justify\"><span itemprop=\"image\" itemscope itemtype=\"https:\/\/schema.org\/ImageObject\"><img itemprop=\"url image\" loading=\"lazy\" decoding=\"async\" class=\"alignnone size-full wp-image-4792\" src=\"\/wp-content\/uploads\/2021\/01\/flags-of-romania_11.png\" alt=\"Flagge von Rum\u00e4nien-12\" width=\"273\" height=\"273\" \/><meta itemprop=\"width\" content=\"273\"><meta itemprop=\"height\" content=\"273\"><\/span><\/p>\n<h2 style=\"text-align: justify\">\u00c4hnliche Flaggen<\/h2>\n<p style=\"text-align: justify\">Die Flagge Rum\u00e4niens \u00e4hnelt den Flaggen von Andorra, Moldawien und dem Tschad.<\/p>\n<p style=\"text-align: justify\">Angek\u00fcndigt Andorra und Moldawien Erh\u00e4ltlich in Anwesenheit von Staatswappen auf der zentralen Fahrbahn. Dies nicht mitgerechnet, Verh\u00e4ltnis Moldawien-Banner 1: 2.<\/p>\n<p style=\"text-align: justify\"><span itemprop=\"image\" itemscope itemtype=\"https:\/\/schema.org\/ImageObject\"><img itemprop=\"url image\" loading=\"lazy\" decoding=\"async\" class=\"alignnone size-full wp-image-4793\" src=\"\/wp-content\/uploads\/2021\/01\/flags-of-romania_12.png\" width=\"500\" height=\"350\" alt=\"Flagge von Rum\u00e4nien-13\" \/><meta itemprop=\"width\" content=\"500\"><meta itemprop=\"height\" content=\"350\"><\/span> <span itemprop=\"image\" itemscope itemtype=\"https:\/\/schema.org\/ImageObject\"><img itemprop=\"url image\" loading=\"lazy\" decoding=\"async\" class=\"alignnone size-full wp-image-4794\" src=\"\/wp-content\/uploads\/2021\/01\/flags-of-romania_13.png\" width=\"500\" height=\"250\" alt=\"Flagge von Rum\u00e4nien-14\" \/><meta itemprop=\"width\" content=\"500\"><meta itemprop=\"height\" content=\"250\"><\/span><\/p>\n<p style=\"text-align: justify\">Die Flagge des Tschad ist der rum\u00e4nischen \u00e4hnlich, unterscheidet sich aber durch einen dunkelblauen Streifen.<\/p>\n<p style=\"text-align: justify\"><span itemprop=\"image\" itemscope itemtype=\"https:\/\/schema.org\/ImageObject\"><img itemprop=\"url image\" loading=\"lazy\" decoding=\"async\" class=\"alignnone size-full wp-image-4795\" src=\"\/wp-content\/uploads\/2021\/01\/flags-of-romania_14.png\" width=\"500\" height=\"333\" alt=\"Flagge von Rum\u00e4nien-15\" \/><meta itemprop=\"width\" content=\"500\"><meta itemprop=\"height\" content=\"333\"><\/span><\/p>\n<h2 style=\"text-align: justify\">Interessante Fakten \u00fcber die Flagge<\/h2>\n<p style=\"text-align: justify\">Im Jahr 2013 ist Rum\u00e4nien im Guinness-Buch der Rekorde aufgef\u00fchrt. 27. Mai markiert das Jahr auf dem Flughafen in Klinchi wurde ein Lehrplan Staatsflagge entfaltet. Die Fahne Rum\u00e4niens nahm eine Fl\u00e4che von 80 Tausend. Quadratmetern und das Gewicht des Tuches betrug 5 Tausend Kilogramm.<\/p>\n<p style=\"text-align: justify\">Im Jahr 2003 verwechselte das Pentagon die nationalen Zeichen RF und Rum\u00e4nien. Der Vorfall ereignete sich bei einem offiziellen Abendessen des rum\u00e4nischen Pr\u00e4sidenten und des Verteidigungsministers der USA. Ein Foto mit verwechselten Trikoloren wurde in mehreren Ausgaben ver\u00f6ffentlicht. Das US-Verteidigungsministerium war gezwungen, sich zu entschuldigen.<\/p>\n<h2 style=\"text-align: justify\">Nicht-spezialisierte Informationen \u00fcber Rum\u00e4nien<\/h2>\n<table>\n<tbody>\n<tr style=\"text-align: justify\">\n<td>Offizielle Sprache<\/td>\n<td>Rum\u00e4nisch<\/td>\n<\/tr>\n<tr style=\"text-align: justify\">\n<td>Hauptstadt<\/td>\n<td>Bukarest<\/td>\n<\/tr>\n<tr style=\"text-align: justify\">\n<td>Hoheitsgebiet<\/td>\n<td>238 391 km2<\/td>\n<\/tr>\n<tr style=\"text-align: justify\">\n<td>Bev\u00f6lkerung<\/td>\n<td>19 401 658 Menschen<\/td>\n<\/tr>\n<tr style=\"text-align: justify\">\n<td>W\u00e4hrung<\/td>\n<td>Lei (RON)<\/td>\n<\/tr>\n<tr>\n<td style=\"text-align: justify\">Telefonvorwahl<\/td>\n<td style=\"text-align: justify\">+40<\/td>\n<\/tr>\n<\/tbody>\n<\/table>\n","protected":false},"excerpt":{"rendered":"<p>Eines der Ortsschilder von Rum\u00e4nien hat eine Flagge. So sieht die moderne Flagge von Rum\u00e4nien aus: Der Flaggentag in Rum\u00e4nien wird am 26. Juni gefeiert. Die Feiertage wurden&#8230;<\/p>\n","protected":false},"author":1,"featured_media":5543,"comment_status":"open","ping_status":"open","sticky":false,"template":"","format":"standard","meta":{"footnotes":""},"categories":[3],"tags":[],"class_list":["post-1638","post","type-post","status-publish","format-standard","has-post-thumbnail","","category-flaggen-von-europa"],"aioseo_notices":[],"_links":{"self":[{"href":"https:\/\/flags-world.com\/de\/wp-json\/wp\/v2\/posts\/1638","targetHints":{"allow":["GET"]}}],"collection":[{"href":"https:\/\/flags-world.com\/de\/wp-json\/wp\/v2\/posts"}],"about":[{"href":"https:\/\/flags-world.com\/de\/wp-json\/wp\/v2\/types\/post"}],"author":[{"embeddable":true,"href":"https:\/\/flags-world.com\/de\/wp-json\/wp\/v2\/users\/1"}],"replies":[{"embeddable":true,"href":"https:\/\/flags-world.com\/de\/wp-json\/wp\/v2\/comments?post=1638"}],"version-history":[{"count":0,"href":"https:\/\/flags-world.com\/de\/wp-json\/wp\/v2\/posts\/1638\/revisions"}],"wp:featuredmedia":[{"embeddable":true,"href":"https:\/\/flags-world.com\/de\/wp-json\/wp\/v2\/media\/5543"}],"wp:attachment":[{"href":"https:\/\/flags-world.com\/de\/wp-json\/wp\/v2\/media?parent=1638"}],"wp:term":[{"taxonomy":"category","embeddable":true,"href":"https:\/\/flags-world.com\/de\/wp-json\/wp\/v2\/categories?post=1638"},{"taxonomy":"post_tag","embeddable":true,"href":"https:\/\/flags-world.com\/de\/wp-json\/wp\/v2\/tags?post=1638"}],"curies":[{"name":"wp","href":"https:\/\/api.w.org\/{rel}","templated":true}]}}