{"id":1634,"date":"2021-01-04T17:18:17","date_gmt":"2021-01-04T14:18:17","guid":{"rendered":"https:\/\/flags-world.com\/de\/2021\/01\/04\/flagge-von-portugal-bedeutung-und-farben\/"},"modified":"2021-01-04T17:18:17","modified_gmt":"2021-01-04T14:18:17","slug":"flagge-von-portugal-bedeutung-und-farben","status":"publish","type":"post","link":"https:\/\/flags-world.com\/de\/flagge-von-portugal-bedeutung-und-farben\/","title":{"rendered":"Flagge von Portugal: Bedeutung und Farben"},"content":{"rendered":"<p>Die Gemeindeflagge der Portugiesischen Republik hat eine lange Geschichte. So sieht die moderne Flagge von Portugal aus: <span itemprop=\"image\" itemscope itemtype=\"https:\/\/schema.org\/ImageObject\"><img itemprop=\"url image\" loading=\"lazy\" decoding=\"async\" class=\"alignnone size-full wp-image-3879\" src=\"\/wp-content\/uploads\/2021\/01\/flags-of-portugal_1.png\" width=\"500\" height=\"333\" alt=\"Flagge von Portugal-1\" \/><meta itemprop=\"width\" content=\"500\"><meta itemprop=\"height\" content=\"333\"><\/span><\/p>\n<h2>Geschichte Flagge Portugal<\/h2>\n<p>Das 1. heraldische Zeichen Portugals, das in den Quellen erw\u00e4hnt wird, war ein blaues Kreuz auf wei\u00dfem Grund. So sah der Schild von Heinrich Burgundsky im XI Jahrhundert aus. <span itemprop=\"image\" itemscope itemtype=\"https:\/\/schema.org\/ImageObject\"><img itemprop=\"url image\" loading=\"lazy\" decoding=\"async\" class=\"alignnone size-full wp-image-3880\" src=\"\/wp-content\/uploads\/2021\/01\/flags-of-portugal_2.png\" width=\"500\" height=\"500\" alt=\"Flagge von Portugal-2\" \/><meta itemprop=\"width\" content=\"500\"><meta itemprop=\"height\" content=\"500\"><\/span><\/p>\n<p>In Afonus, der Lupe, die er als Herr von Portugal bezeichnete, war auf der Flagge das gleiche blaue Kreuz auf einem wei\u00dfen quadratischen Feld abgebildet. Am Ende der Anerkennung der Unabh\u00e4ngigkeit im 12. Jahrhundert, f\u00fcgte Vladyk Athosu zu einem pers\u00f6nlichen Schild von 5 Bildern von kleinen Schilden aus Unsinn (Wappen in Form von kleinen Bechern), auf dem blauen Kreuz ausgeschlagen. <span itemprop=\"image\" itemscope itemtype=\"https:\/\/schema.org\/ImageObject\"><img itemprop=\"url image\" loading=\"lazy\" decoding=\"async\" class=\"alignnone size-full wp-image-3881\" src=\"\/wp-content\/uploads\/2021\/01\/flags-of-portugal_3.png\" width=\"500\" height=\"500\" alt=\"Flagge von Portugal-3\" \/><meta itemprop=\"width\" content=\"500\"><meta itemprop=\"height\" content=\"500\"><\/span><\/p>\n<p>In der Zeit seines Nachfolgers, Santa I., wurde die blaue Farbe des Kreuzes verschwitzt und ausradiert. Dadurch wurde das Prinzip der Entwicklung des Gemeindeschildes in Gang gesetzt. Kleinere Schilde sind isoliert worden, sie zu positionieren \u00e4hnelt nur dem vergangenen Kreuz. Die unteren Ecken waren auf die Mitte ausgerichtet.<\/p>\n<p><span itemprop=\"image\" itemscope itemtype=\"https:\/\/schema.org\/ImageObject\"><img itemprop=\"url image\" loading=\"lazy\" decoding=\"async\" class=\"alignnone size-full wp-image-3882\" src=\"\/wp-content\/uploads\/2021\/01\/flags-of-portugal_4.png\" width=\"500\" height=\"500\" alt=\"Flagge von Portugal-4\" \/><meta itemprop=\"width\" content=\"500\"><meta itemprop=\"height\" content=\"500\"><\/span><\/p>\n<p>Der Ursprung der Majanky blauen Schilde mit Unsinn ist mit der Legende verbunden. Im XII. Jahrhundert, kurz vor der Hauptschlacht, erschien dem zuk\u00fcnftigen K\u00f6nig Afonus ein Einsiedler, der sagte, er sei der Bote des H\u00f6chsten. Der alte Mann gab den Rat, tags\u00fcber beim ersten Glockenschlag aus dem Wanderzelt zu steigen und in den Himmel zu schauen. Afonusa tat und tat. Als er in der Morgend\u00e4mmerung sein Zelt verlie\u00df, sah er den gekreuzigten Christus in vorderster Reihe. Der Retter verk\u00fcndete den Sieg und die Verteidigung durch Gott. Inspiriert von diesem Ph\u00e4nomen, besiegte Zarewitsch einen starken Feind. Im Kampf t\u00f6tete er 5 Mauretanier, nahm die Herrscher als Troph\u00e4en in ihre Schilde. Zu Ehren dieser Tat setzte Afonus ein Bild von 5 Schilden auf das Wappen. Und 5 Nonsense auf jedem von ihnen symbolisierten die Wunden des gekreuzigten Christus. Legende f\u00fchrt zu, t. Auf. Es schien nur im XV Jahrhundert. Hundert Prozent kann sein, dass es ein Ziel, die portugiesische Geschichte der g\u00f6ttlichen Vorsehung zu kl\u00e4ren hat. Zuk\u00fcnftige heraldische Konfigurationen in Portugal entstanden im 13. Ein Afonus III, der den Thron bestieg, war kein direkter Erbe und hatte nicht das Recht, die Zeichen des vergangenen K\u00f6nigs zu verwenden, ohne es in ihren Konfigurationen zu machen. In die Frau der Tochter des kastilischen K\u00f6nigs aufgenommen, verliert der Monarch das Bild von mehreren Schl\u00f6ssern aus dem kastilischen Schild auf dem roten Schnitt entlehnt. Die richtige Anzahl wurde erst Ende des 16. Jahrhunderts aufgezeichnet.<\/p>\n<p><span itemprop=\"image\" itemscope itemtype=\"https:\/\/schema.org\/ImageObject\"><img itemprop=\"url image\" loading=\"lazy\" decoding=\"async\" class=\"alignnone size-full wp-image-3883\" src=\"\/wp-content\/uploads\/2021\/01\/flags-of-portugal_5.png\" width=\"500\" height=\"500\" alt=\"Flagge von Portugal-5\" \/><meta itemprop=\"width\" content=\"500\"><meta itemprop=\"height\" content=\"500\"><\/span><\/p>\n<p>Vladyk Zhuan I. f\u00fcgte eine gr\u00fcnliche Lilie auf dem Schnitt eines Schildes mit 4 Seiten hinzu. Eine Flagge mit diesem Schild existierte 100 Jahre lang. <span itemprop=\"image\" itemscope itemtype=\"https:\/\/schema.org\/ImageObject\"><img itemprop=\"url image\" loading=\"lazy\" decoding=\"async\" class=\"alignnone size-full wp-image-3884\" src=\"\/wp-content\/uploads\/2021\/01\/flags-of-portugal_6.png\" width=\"500\" height=\"500\" alt=\"Flagge von Portugal-6\" \/><meta itemprop=\"width\" content=\"500\"><meta itemprop=\"height\" content=\"500\"><\/span><\/p>\n<p>Am Ende des 15. Jahrhunderts \u00e4nderte sich die Flagge. Die Lilien aus dem Schild fielen durch den Boden, die Anzahl der Schl\u00f6sser verringerte sich auf 7, und die Anzahl der Unsinnigkeiten verringerte sich auf 5. Es war der letzte rechteckige Schild.<\/p>\n<p><span itemprop=\"image\" itemscope itemtype=\"https:\/\/schema.org\/ImageObject\"><img itemprop=\"url image\" loading=\"lazy\" decoding=\"async\" class=\"alignnone size-full wp-image-3885\" src=\"\/wp-content\/uploads\/2021\/01\/flags-of-portugal_7.png\" width=\"500\" height=\"500\" alt=\"Flagge von Portugal-7\" \/><meta itemprop=\"width\" content=\"500\"><meta itemprop=\"height\" content=\"500\"><\/span><\/p>\n<p>Am Ende des 15. Jahrhunderts wurden konstruktive \u00c4nderungen vorgenommen. Das Schild verliert die rechteckige Form, der untere Rand wird verl\u00e4ngert. Die Krone erscheint oberhalb des Schildes. <span itemprop=\"image\" itemscope itemtype=\"https:\/\/schema.org\/ImageObject\"><img itemprop=\"url image\" loading=\"lazy\" decoding=\"async\" class=\"alignnone size-full wp-image-3886\" src=\"\/wp-content\/uploads\/2021\/01\/flags-of-portugal_8.png\" width=\"500\" height=\"333\" alt=\"Flagge von Portugal-8\" \/><meta itemprop=\"width\" content=\"500\"><meta itemprop=\"height\" content=\"333\"><\/span><\/p>\n<p>Das Flaggendesign mit kleinen \u00c4nderungen bestand bis 1830. Am Ende der wei\u00dfen Tuch wurde vertikal auf zwei gleiche Streifen von blauen und wei\u00dfen Farben mit auf ihrem Schild \u00fcberlagert geteilt. <span itemprop=\"image\" itemscope itemtype=\"https:\/\/schema.org\/ImageObject\"><img itemprop=\"url image\" loading=\"lazy\" decoding=\"async\" class=\"alignnone size-full wp-image-3887\" src=\"\/wp-content\/uploads\/2021\/01\/flags-of-portugal_9.png\" width=\"500\" height=\"333\" alt=\"Flagge von Portugal-9\" \/><meta itemprop=\"width\" content=\"500\"><meta itemprop=\"height\" content=\"333\"><\/span><\/p>\n<p>Im Jahr 1910 wurde die Monarchie in Portugal gest\u00fcrzt. Der Bedarf an neuen Staatszeichen. Die Wahl der Farben war einstimmig. Sie wurde rot und gr\u00fcn. Um die Flagge zu genehmigen, bildete sich ein Nicht-Standard-Ausschuss. Dieser K\u00f6rper umfasst den Premierminister, Maler, Schriftsteller, Pers\u00f6nlichkeiten des \u00f6ffentlichen Lebens von Offizieren.<\/p>\n<p>Die Kommission entschied, dass die Wahl der roten Farbe auf die Tatsache zur\u00fcckzuf\u00fchren ist, dass sie Leidenschaft, engagierten Kampf, Blut, Zufriedenheit und Sieg symbolisiert. Die gr\u00fcne Farbe war ungew\u00f6hnlich in den Symbolen von Portugal.<\/p>\n<p>Die Sch\u00f6pfer der Flagge erkl\u00e4rte seine Wahl, weil er auf der Flagge der Revolution\u00e4re in der ersten H\u00e4lfte der 90er Jahre des neunzehnten Jahrhunderts war.<\/p>\n<p>Wei\u00df, in Abstimmung mit der Position der Kommission, steht f\u00fcr Sch\u00f6nheit, Reinheit, Bescheidenheit, Frieden und Wohlbefinden. Andere Farben sind in das Bild integriert. Einer der Teile der Flagge war die Armillarsph\u00e4re, die die gro\u00dfen geographischen Entdeckungen der Portugiesen verk\u00f6rperte.<\/p>\n<p>Der Schild auf der Spitze der Kugel, in Abstimmung mit dem Standpunkt der Kommissionen, sollte die Vergangenheit und die wahre Gr\u00f6\u00dfe der Portugiesen, ihren Mut, ihre Beharrlichkeit und ihre Energie bedeuten.<\/p>\n<blockquote><p>Die neue Flagge wurde am 1. Dezember 1910 in Lissabon gehisst.<\/p><\/blockquote>\n<h2>Beschreibung<\/h2>\n<p>Das Rechteck ist vertikal in zwei Teile geteilt. Die Breite der linken Seite betr\u00e4gt 2\/5 der L\u00e4nge, die rechte Seite &#8211; 3\/5 der L\u00e4nge der Tafel. Die linke Seite ist gr\u00fcn gemalt, die rechte &#8211; rot. Verh\u00e4ltnis von Breite und L\u00e4nge der Flagge 2:3. Auf dem Streifen, der den Streifen trennt, und in gleichm\u00e4\u00dfigem Abstand vom oberen und unteren Rand befindet sich das Wappen Portugals. Es handelt sich um eine Armillarsph\u00e4re und das dar\u00fcber liegende Schild. Die Armillarsph\u00e4re ist das wichtigste Ger\u00e4t der ersten portugiesischen Seefahrer. Sein Durchmesser auf der Fahne entspricht der H\u00e4lfte der Breite des Schildes. Die Kugel hat ein Paar B\u00f6gen. Die portugiesische Flagge zeigt 1 breiten Bogen und 4 kleine. Der gro\u00dfe Bogen entspricht dem \u00dcbertragungsbereich der j\u00e4hrlichen Sonnenbewegung. Kleine B\u00f6gen bezeichnen den \u00c4quator und zwei Wendekreise sowie Steinbock-Krebs. Goldene (gelbe) Kugel mit schwarzen Elementen. Modernes Schilddesign &#8211; Viereck mit rundem Boden. Die H\u00f6he bildet 7\/10 der Kugel und die Breite &#8211; 6\/10. Mittelschild &#8211; Silber (Wei\u00df). Um den Umfang verl\u00e4uft ein breiter roter Rand, eingekreist ein schmaler wei\u00dfer Streifen. Im Schild, auf einem wei\u00dfen Hintergrund, gibt es 5 blaue Schilde. Sie sind in einer vertikalen Position. Ihre Anordnung bildet ein Kreuz. Jede hat 5 silberne (wei\u00dfe) Nonsense &#8211; 2 von oben, 2 unten und 1 in der Mitte. Auf der Zeit von Rot, gibt es 7 goldene (gelbe) Schl\u00f6sser mit mindestens 3 T\u00fcrmchen. Die Tore sind geschlossen. 5 obere Schl\u00f6sser haben eine vertikale Position, 2 untere &#8211; unter der Neigung. <span itemprop=\"image\" itemscope itemtype=\"https:\/\/schema.org\/ImageObject\"><img itemprop=\"url image\" loading=\"lazy\" decoding=\"async\" class=\"alignnone size-full wp-image-3888\" src=\"\/wp-content\/uploads\/2021\/01\/flags-of-portugal_10.png\" width=\"500\" height=\"333\" alt=\"Flagge von Portugal-10\" \/><meta itemprop=\"width\" content=\"500\"><meta itemprop=\"height\" content=\"333\"><\/span><\/p>\n<p>F\u00fcr respektlose Haltung gegen\u00fcber dem nationalen Symbol in Portugal, strafrechtliche Verantwortlichkeit wurde festgelegt. Die Bestrafung kann bis zu 2 Jahren Freiheitsentzug gehen.<\/p>\n<h2>Farben Flagge Portugal<\/h2>\n<p>Rechtlich treue Farben sind nicht festgelegt. Ungef\u00e4hre Farben der Prim\u00e4rfarben sind wie folgt gekl\u00e4rt. 6 Farben:<\/p>\n<ol>\n<li>Rot entspricht 255-0-0 f\u00fcr die Kombination von RGB;<\/li>\n<li>Gr\u00fcn &#8211; 0-102-0 RGB;<\/li>\n<li>Gelb &#8211; 255-255-0 RGB;<\/li>\n<li>blau 0-51-153 RGB;<\/li>\n<li>wei\u00df 255-255-255 RGB;<\/li>\n<li>Schwarz 0-0-0.<\/li>\n<\/ol>\n<h2>Bedeutung Farben Flagge Portugal<\/h2>\n<p>Gr\u00fcne und rote Farben bis 1910 waren nicht die Farben der Staatsfahne. Aber sie waren beide auf den Schildern der Herrscher des Landes.<\/p>\n<ol>\n<li>Gr\u00fcn &#8211; Symbol der Republikanischen Partei. Er wurde als eine Farbe der Hoffnung interpretiert.<\/li>\n<li>Rot &#8211; Farbe des Blutes, Mut und Ausdauer, Siegel zum Sieg.<\/li>\n<li>Die Armillarsph\u00e4re ist ein Symbol f\u00fcr die gro\u00dfen portugiesischen Seefahrer, die einen soliden Beitrag zur Erschlie\u00dfung neuer L\u00e4nder geleistet haben.<\/li>\n<li>Der dar\u00fcber liegende Schild ist eines der am meisten verfallenen Symbole des Landes. Verweist auf die ruhmreiche Geschichte Portugals.<\/li>\n<\/ol>\n<h2>Andere Flaggen<\/h2>\n<p>Flagge der Marine, Portugal &#8211; Rotes Quadrat in einem breiten gr\u00fcnen Rahmen. In der Mitte &#8211; Schild \u00fcber der Armillarsph\u00e4re. <span itemprop=\"image\" itemscope itemtype=\"https:\/\/schema.org\/ImageObject\"><img itemprop=\"url image\" loading=\"lazy\" decoding=\"async\" class=\"alignnone size-full wp-image-3889\" src=\"\/wp-content\/uploads\/2021\/01\/flags-of-portugal_11.png\" width=\"500\" height=\"500\" alt=\"Flagge von Portugal-11\" \/><meta itemprop=\"width\" content=\"500\"><meta itemprop=\"height\" content=\"500\"><\/span><\/p>\n<p>Die Flagge der portugiesischen Armee ist ein Rechteck mit einem Seitenverh\u00e4ltnis von 12:13. Es wird durch vertikale links-rechts und rot-gr\u00fcne Rechtecke unterbrochen. In der Mitte &#8211; Schild \u00fcber der Armillarsph\u00e4re, umgeben von Zweigen. Unten &#8211; ein wei\u00dfes Band mit einer Inschrift, die Sterne \u00fcber Liebe und Treue zum Vaterland.<\/p>\n<p><span itemprop=\"image\" itemscope itemtype=\"https:\/\/schema.org\/ImageObject\"><img itemprop=\"url image\" loading=\"lazy\" decoding=\"async\" class=\"alignnone size-full wp-image-3890\" src=\"\/wp-content\/uploads\/2021\/01\/flags-of-portugal_12.png\" width=\"500\" height=\"461\" alt=\"Flagge von Portugal-12\" \/><meta itemprop=\"width\" content=\"500\"><meta itemprop=\"height\" content=\"461\"><\/span><\/p>\n<p>Die Flagge des Pr\u00e4sidenten ist ein gr\u00fcnes Rechteck mit einer Verst\u00e4rkungskugel und einem Schild.<\/p>\n<p><span itemprop=\"image\" itemscope itemtype=\"https:\/\/schema.org\/ImageObject\"><img itemprop=\"url image\" loading=\"lazy\" decoding=\"async\" class=\"alignnone size-full wp-image-3891\" src=\"\/wp-content\/uploads\/2021\/01\/flags-of-portugal_1.jpg\" width=\"500\" height=\"330\" alt=\"Flagge von Portugal-13\" \/><meta itemprop=\"width\" content=\"500\"><meta itemprop=\"height\" content=\"330\"><\/span><\/p>\n<h2>Interessante Fakten \u00fcber die Flagge<\/h2>\n<p>Die Verantwortung f\u00fcr den Missbrauch der Flagge wurde am Ende ihrer Entstehung im Jahr 1910 in die Flucht geschlagen. Die Schuldigen verurteilt zu Datum oder Link. Bei offiziellen Anl\u00e4ssen gibt es ein spezielles Verfahren zum Falten der Flagge. Vier Personen, die ein Tuch in einer horizontalen Position halten, sollten eine Abfolge von Manipulationen vornehmen, so dass in der gefalteten Ansicht von oben das Wappenschild zu sehen war.<\/p>\n<h2>Nicht-spezialisierte Informationen \u00fcber Portugal<\/h2>\n<table>\n<tbody>\n<tr>\n<td>Offizielle Sprache<\/td>\n<td>Portugiesisch, Miranda (Regionalsprache)<\/td>\n<\/tr>\n<tr>\n<td>Hauptstadt<\/td>\n<td>Lissabon<\/td>\n<\/tr>\n<tr>\n<td>Territorium<\/td>\n<td>92 225.61 km2<\/td>\n<\/tr>\n<tr>\n<td>Bev\u00f6lkerung<\/td>\n<td>10 276 617 Menschen<\/td>\n<\/tr>\n<tr>\n<td>W\u00e4hrung<\/td>\n<td>Euro (EUR, \u20ac), portugiesische Euro-M\u00fcnzen<\/td>\n<\/tr>\n<tr>\n<td>Telefon-Code<\/td>\n<td>+351<\/td>\n<\/tr>\n<\/tbody>\n<\/table>\n","protected":false},"excerpt":{"rendered":"<p>Die Gemeindeflagge der Portugiesischen Republik hat eine lange Geschichte. So sieht die moderne Flagge von Portugal aus: Geschichte Flagge Portugal Das 1. heraldische Zeichen Portugals, das in den&#8230;<\/p>\n","protected":false},"author":1,"featured_media":5498,"comment_status":"open","ping_status":"open","sticky":false,"template":"","format":"standard","meta":{"footnotes":""},"categories":[3],"tags":[],"class_list":["post-1634","post","type-post","status-publish","format-standard","has-post-thumbnail","","category-flaggen-von-europa"],"aioseo_notices":[],"_links":{"self":[{"href":"https:\/\/flags-world.com\/de\/wp-json\/wp\/v2\/posts\/1634","targetHints":{"allow":["GET"]}}],"collection":[{"href":"https:\/\/flags-world.com\/de\/wp-json\/wp\/v2\/posts"}],"about":[{"href":"https:\/\/flags-world.com\/de\/wp-json\/wp\/v2\/types\/post"}],"author":[{"embeddable":true,"href":"https:\/\/flags-world.com\/de\/wp-json\/wp\/v2\/users\/1"}],"replies":[{"embeddable":true,"href":"https:\/\/flags-world.com\/de\/wp-json\/wp\/v2\/comments?post=1634"}],"version-history":[{"count":0,"href":"https:\/\/flags-world.com\/de\/wp-json\/wp\/v2\/posts\/1634\/revisions"}],"wp:featuredmedia":[{"embeddable":true,"href":"https:\/\/flags-world.com\/de\/wp-json\/wp\/v2\/media\/5498"}],"wp:attachment":[{"href":"https:\/\/flags-world.com\/de\/wp-json\/wp\/v2\/media?parent=1634"}],"wp:term":[{"taxonomy":"category","embeddable":true,"href":"https:\/\/flags-world.com\/de\/wp-json\/wp\/v2\/categories?post=1634"},{"taxonomy":"post_tag","embeddable":true,"href":"https:\/\/flags-world.com\/de\/wp-json\/wp\/v2\/tags?post=1634"}],"curies":[{"name":"wp","href":"https:\/\/api.w.org\/{rel}","templated":true}]}}