{"id":1612,"date":"2021-01-04T17:18:15","date_gmt":"2021-01-04T14:18:15","guid":{"rendered":"https:\/\/flags-world.com\/de\/2021\/01\/04\/flaggen-von-monaco-bedeutung-und-farben\/"},"modified":"2021-01-04T17:18:15","modified_gmt":"2021-01-04T14:18:15","slug":"flaggen-von-monaco-bedeutung-und-farben","status":"publish","type":"post","link":"https:\/\/flags-world.com\/de\/flaggen-von-monaco-bedeutung-und-farben\/","title":{"rendered":"Flaggen von Monaco: Bedeutung und Farben"},"content":{"rendered":"<p style=\"text-align: justify\">Monaco (F\u00fcrstentum Monaco) &#8211; die Stadt der Regierung, im S\u00fcden von Frankreich gelegen. Dieser Zwergstaat hat eine Fl\u00e4che von etwas mehr als 2 Quadratkilometern oder 200 Hektar, mit einer Bev\u00f6lkerung von etwa 40 Tausend Menschen. Das F\u00fcrstentum ist dem mit Frankreich assoziierten Staat zugeh\u00f6rig.<\/p>\n<p style=\"text-align: justify\">So sieht die moderne Flagge von Monaco aus:<\/p>\n<p style=\"text-align: justify\"><span itemprop=\"image\" itemscope itemtype=\"https:\/\/schema.org\/ImageObject\"><img itemprop=\"url image\" loading=\"lazy\" decoding=\"async\" class=\"alignnone size-full wp-image-3715\" src=\"\/wp-content\/uploads\/2021\/01\/flags-of-monaco_1.png\" width=\"500\" height=\"400\" alt=\"Flagge von Monaco-1\" \/><meta itemprop=\"width\" content=\"500\"><meta itemprop=\"height\" content=\"400\"><\/span><\/p>\n<h2 style=\"text-align: justify\">Geschichte Flaggen von Monaco<\/h2>\n<p style=\"text-align: justify\">Die Geschichte des Landes wird ab dem 13. Jahrhundert gez\u00e4hlt, zu der Zeit, zu der Zeit, zu der Zeit, als die Herrscherfamilie der Grimaldi gegr\u00fcndet wurde. Seit dem 7. Jahrhundert wird Monaco von Vertretern dieses Nachnamens verwaltet. Von dieser Zeit an bis zum XVIII. Jahrhundert wurden die Prinzessinnen von roten und wei\u00dfen Rauten abgebildet.<\/p>\n<p style=\"text-align: justify\"><span itemprop=\"image\" itemscope itemtype=\"https:\/\/schema.org\/ImageObject\"><img itemprop=\"url image\" loading=\"lazy\" decoding=\"async\" class=\"alignnone size-full wp-image-3717\" src=\"\/wp-content\/uploads\/2021\/01\/flags-of-monaco_2.png\" width=\"500\" height=\"333\" alt=\"Flagge von Monaco-2\" \/><meta itemprop=\"width\" content=\"500\"><meta itemprop=\"height\" content=\"333\"><\/span><\/p>\n<p style=\"text-align: justify\">In der ersten H\u00e4lfte der 40er Jahre des siebzehnten Jahrhunderts, wurde das Gebiet ein Protektorat von Frankreich und von nun an als offizielle Symbolik Frankreich Flagge verwendet wurde.<\/p>\n<blockquote>\n<p style=\"text-align: justify\">Seit 1814, eine lakonische Design mit 2 kontrastierenden Farben ver\u00e4ndert Vergangenheit Varianten, und den endg\u00fcltigen Status in Form eines kommunalen Zeichen nahm er im April 1881.<\/p>\n<\/blockquote>\n<p style=\"text-align: justify\">In den Jahren und die 40. H\u00e4lfte des zwanzigsten Jahrhunderts, die italienische Armee \u00fcberfallen Monaco und die Nazi-Verwaltung wurde in dem Land organisiert. In einem kleinen Zeitraum, begann das F\u00fcrstentum eine 2. Flagge verwendet werden &#8211; Italienisch.<\/p>\n<p style=\"text-align: justify\"><span itemprop=\"image\" itemscope itemtype=\"https:\/\/schema.org\/ImageObject\"><img itemprop=\"url image\" loading=\"lazy\" decoding=\"async\" class=\"alignnone size-full wp-image-3718\" src=\"\/wp-content\/uploads\/2021\/01\/flags-of-monaco_3.png\" width=\"500\" height=\"333\" alt=\"Flagge von Monaco-3\" \/><meta itemprop=\"width\" content=\"500\"><meta itemprop=\"height\" content=\"333\"><\/span><\/p>\n<p style=\"text-align: justify\">Am Ende des Sturzes von Mussolini und der deutschen Besatzung, wurde das Zeichen des faschistischen Deutschland verwendet.<\/p>\n<p style=\"text-align: justify\"><span itemprop=\"image\" itemscope itemtype=\"https:\/\/schema.org\/ImageObject\"><img itemprop=\"url image\" loading=\"lazy\" decoding=\"async\" class=\"alignnone size-full wp-image-3719\" src=\"\/wp-content\/uploads\/2021\/01\/flags-of-monaco_4.png\" width=\"500\" height=\"300\" alt=\"Flagge von Monaco-4\" \/><meta itemprop=\"width\" content=\"500\"><meta itemprop=\"height\" content=\"300\"><\/span><\/p>\n<p style=\"text-align: justify\">Am Ende der Auskochung des Landes im Jahr 1945 wurde ein Zeichen wiederhergestellt, das in der ersten H\u00e4lfte der 80er Jahre des neunzehnten Jahrhunderts als offiziell angenommen wurde.<\/p>\n<h2 style=\"text-align: justify\">Beschreibung<\/h2>\n<p style=\"text-align: justify\">Das st\u00e4dtische Symbol von Monaco ist ein Tuch in rechteckiger Form mit den Proportionen der Seiten von 4 bis 5. Sie besteht aus 2 horizontalen Streifen von gleicher Gr\u00f6\u00dfe und Breite.<\/p>\n<p style=\"text-align: justify\">Der obere Streifen hat Farben von rot (rot) Farbe, und die untere &#8211; wei\u00df.<\/p>\n<h2 style=\"text-align: justify\">Farben Flagge von Monaco<\/h2>\n<p style=\"text-align: justify\">Die offizielle Symbolik des F\u00fcrstentums hat zwei Farben:<\/p>\n<ol>\n<li style=\"text-align: justify\">Rot;<\/li>\n<li style=\"text-align: justify\">Wei\u00df.<\/li>\n<\/ol>\n<h2 style=\"text-align: justify\">Bedeutende Farben und Flaggenzeichen<\/h2>\n<p style=\"text-align: justify\">Wei\u00dfe Farbe ist fast immer (in Abstimmung mit der alten Heraldik) mit Reinheit symbolisiert, und (rot) rot &#8211; mit Mut und Tapferkeit der Verteidiger des Landes.<\/p>\n<p style=\"text-align: justify\">Das Design der Kombination aus roter und wei\u00dfer Farbe ist historisch mit dem Wappen der F\u00fcrsten der herrschenden Familie von Grimaldi verbunden (ab 1339).<\/p>\n<p style=\"text-align: justify\"><span itemprop=\"image\" itemscope itemtype=\"https:\/\/schema.org\/ImageObject\"><img itemprop=\"url image\" loading=\"lazy\" decoding=\"async\" class=\"alignnone size-full wp-image-3720\" src=\"\/wp-content\/uploads\/2021\/01\/flags-of-monaco_5.png\" width=\"500\" height=\"480\" alt=\"Flagge von Monaco-5\" \/><meta itemprop=\"width\" content=\"500\"><meta itemprop=\"height\" content=\"480\"><\/span><\/p>\n<h2 style=\"text-align: justify\">Andere Flaggen<\/h2>\n<p style=\"text-align: justify\">Im F\u00fcrstentum wird das k\u00f6nigliche Ideal offiziell akzeptiert und verwendet.<\/p>\n<p style=\"text-align: justify\"><span itemprop=\"image\" itemscope itemtype=\"https:\/\/schema.org\/ImageObject\"><img itemprop=\"url image\" loading=\"lazy\" decoding=\"async\" class=\"alignnone size-full wp-image-3721\" src=\"\/wp-content\/uploads\/2021\/01\/flags-of-monaco_6.png\" width=\"500\" height=\"400\" alt=\"Flagge von Monaco-6\" \/><meta itemprop=\"width\" content=\"500\"><meta itemprop=\"height\" content=\"400\"><\/span><\/p>\n<h2 style=\"text-align: justify\">\u00c4hnliche Flaggen von anderen L\u00e4ndern<\/h2>\n<p style=\"text-align: justify\">In Analogie zu Monaco hat die rot-wei\u00dfe Farbe die Flagge von Indonesien. Der Unterschied besteht nur in den Proportionen: Monaco hat 4 zu 5, und Indonesien hat 2 zu 3.<\/p>\n<p style=\"text-align: justify\"><span itemprop=\"image\" itemscope itemtype=\"https:\/\/schema.org\/ImageObject\"><img itemprop=\"url image\" loading=\"lazy\" decoding=\"async\" class=\"alignnone size-full wp-image-3722\" src=\"\/wp-content\/uploads\/2021\/01\/flags-of-monaco_7.png\" width=\"500\" height=\"333\" alt=\"Flagge von Monaco-7\" \/><meta itemprop=\"width\" content=\"500\"><meta itemprop=\"height\" content=\"333\"><\/span><\/p>\n<p style=\"text-align: justify\">Im Jahr 1945, als Indonesien von Holland befreit wurde, wurde ein Bild als Staatssymbolik gew\u00e4hlt, das dem von Monk \u00e4hnelt. Proteste aus dem F\u00fcrstentum konnte Indonesien nicht zwingen, es zu \u00e4ndern, aufgrund der Tatsache, dass es bewiesen wurde, dass historisch, sie ist ein alter M\u00f6nch.<\/p>\n<p style=\"text-align: justify\">Die \u00c4hnlichkeit ist auch mit der Flagge von Polen, aber die Farben sind im Gegenteil gezeigt &#8211; rot unten, und wei\u00df, jeweils oben. Und Proportionen hier, nicht z\u00e4hlend dies als 2 bis 3.<\/p>\n<p style=\"text-align: justify\"><span itemprop=\"image\" itemscope itemtype=\"https:\/\/schema.org\/ImageObject\"><img itemprop=\"url image\" loading=\"lazy\" decoding=\"async\" class=\"alignnone size-full wp-image-3723\" src=\"\/wp-content\/uploads\/2021\/01\/flags-of-monaco_8.png\" width=\"500\" height=\"312\" alt=\"Flagge von Monaco-8\" \/><meta itemprop=\"width\" content=\"500\"><meta itemprop=\"height\" content=\"312\"><\/span><\/p>\n<p style=\"text-align: justify\">\u00c4hnliche \u00c4hnlichkeiten gibt es mit dem offensichtlichen \u00d6sterreich und B\u00f6hmen, der historischen Region in Mitteleuropa, die heute Teil der Tschechischen Republik ist.<\/p>\n<p style=\"text-align: justify\"><span itemprop=\"image\" itemscope itemtype=\"https:\/\/schema.org\/ImageObject\"><img itemprop=\"url image\" loading=\"lazy\" decoding=\"async\" class=\"alignnone size-full wp-image-3724\" src=\"\/wp-content\/uploads\/2021\/01\/flags-of-monaco_9.png\" width=\"500\" height=\"330\" alt=\"Flagge von Monaco-9\" \/><meta itemprop=\"width\" content=\"500\"><meta itemprop=\"height\" content=\"330\"><\/span><\/p>\n<h2 style=\"text-align: justify\">Nicht-spezialisierte Monaco Informationen<\/h2>\n<table>\n<tbody>\n<tr>\n<td>Offizielle Sprache<\/td>\n<td>Franz\u00f6sisch<\/td>\n<\/tr>\n<tr>\n<td>Hauptstadt<\/td>\n<td>Monaco<\/td>\n<\/tr>\n<tr>\n<td>Territorium<\/td>\n<td>2.02 km2<\/td>\n<\/tr>\n<tr>\n<td>Einwohnerzahl<\/td>\n<td>37 863 Menschen<\/td>\n<\/tr>\n<tr>\n<td>W\u00e4hrung<\/td>\n<td>Euro (EUR, Code 978)<\/td>\n<\/tr>\n<tr>\n<td>Telefonvorwahl<\/td>\n<td>+377<\/td>\n<\/tr>\n<\/tbody>\n<\/table>\n","protected":false},"excerpt":{"rendered":"<p>Monaco (F\u00fcrstentum Monaco) &#8211; die Stadt der Regierung, im S\u00fcden von Frankreich gelegen. Dieser Zwergstaat hat eine Fl\u00e4che von etwas mehr als 2 Quadratkilometern oder 200 Hektar, mit&#8230;<\/p>\n","protected":false},"author":1,"featured_media":5540,"comment_status":"open","ping_status":"open","sticky":false,"template":"","format":"standard","meta":{"footnotes":""},"categories":[3],"tags":[],"class_list":["post-1612","post","type-post","status-publish","format-standard","has-post-thumbnail","","category-flaggen-von-europa"],"aioseo_notices":[],"_links":{"self":[{"href":"https:\/\/flags-world.com\/de\/wp-json\/wp\/v2\/posts\/1612","targetHints":{"allow":["GET"]}}],"collection":[{"href":"https:\/\/flags-world.com\/de\/wp-json\/wp\/v2\/posts"}],"about":[{"href":"https:\/\/flags-world.com\/de\/wp-json\/wp\/v2\/types\/post"}],"author":[{"embeddable":true,"href":"https:\/\/flags-world.com\/de\/wp-json\/wp\/v2\/users\/1"}],"replies":[{"embeddable":true,"href":"https:\/\/flags-world.com\/de\/wp-json\/wp\/v2\/comments?post=1612"}],"version-history":[{"count":0,"href":"https:\/\/flags-world.com\/de\/wp-json\/wp\/v2\/posts\/1612\/revisions"}],"wp:featuredmedia":[{"embeddable":true,"href":"https:\/\/flags-world.com\/de\/wp-json\/wp\/v2\/media\/5540"}],"wp:attachment":[{"href":"https:\/\/flags-world.com\/de\/wp-json\/wp\/v2\/media?parent=1612"}],"wp:term":[{"taxonomy":"category","embeddable":true,"href":"https:\/\/flags-world.com\/de\/wp-json\/wp\/v2\/categories?post=1612"},{"taxonomy":"post_tag","embeddable":true,"href":"https:\/\/flags-world.com\/de\/wp-json\/wp\/v2\/tags?post=1612"}],"curies":[{"name":"wp","href":"https:\/\/api.w.org\/{rel}","templated":true}]}}