{"id":1592,"date":"2021-01-04T17:18:14","date_gmt":"2021-01-04T14:18:14","guid":{"rendered":"https:\/\/flags-world.com\/de\/2021\/01\/04\/flagge-von-liechtenstein-bedeutung\/"},"modified":"2021-01-04T17:18:14","modified_gmt":"2021-01-04T14:18:14","slug":"flagge-von-liechtenstein-bedeutung","status":"publish","type":"post","link":"https:\/\/flags-world.com\/de\/flagge-von-liechtenstein-bedeutung\/","title":{"rendered":"Flagge von Liechtenstein: Bedeutung"},"content":{"rendered":"<p style=\"text-align: justify\">F\u00fcrstentum Liechtenstein &#8211; Zwergstaat im Zentrum von Europa, \u00d6sterreich und der Schweiz gelegen. Territorium 160 km2, mit einer Bev\u00f6lkerung von 38 Tausend Menschen.<\/p>\n<p style=\"text-align: justify\">So sieht die moderne Flagge von Liechtenstein aus:<\/p>\n<p style=\"text-align: justify\"><span itemprop=\"image\" itemscope itemtype=\"https:\/\/schema.org\/ImageObject\"><img itemprop=\"url image\" loading=\"lazy\" decoding=\"async\" class=\"alignnone size-full wp-image-3590\" src=\"\/wp-content\/uploads\/2021\/01\/flag-of-liechtenstein_1.png\" width=\"500\" height=\"300\" alt=\"Flagge von Liechtenstein-1\" \/><meta itemprop=\"width\" content=\"500\"><meta itemprop=\"height\" content=\"300\"><\/span><\/p>\n<h2 style=\"text-align: justify\">Geschichte Flagge von Liechtenstein<\/h2>\n<p style=\"text-align: justify\">Das Territorium Liechtensteins war Teil des Heiligen R\u00f6mischen Reiches Deutscher Nation ohne jegliche Rechte. Damals, als das Land noch nicht unabh\u00e4ngig war, wurde die Symbolik des Reiches selbst verwendet.<\/p>\n<p style=\"text-align: justify\"><span itemprop=\"image\" itemscope itemtype=\"https:\/\/schema.org\/ImageObject\"><img itemprop=\"url image\" loading=\"lazy\" decoding=\"async\" class=\"alignnone size-full wp-image-3591\" src=\"\/wp-content\/uploads\/2021\/01\/flag-of-liechtenstein_2.png\" width=\"500\" height=\"333\" alt=\"Flagge von Liechtenstein-2\" \/><meta itemprop=\"width\" content=\"500\"><meta itemprop=\"height\" content=\"333\"><\/span><\/p>\n<p style=\"text-align: justify\">F\u00fcrstentum Liechtenstein als ein souver\u00e4nes Subjekt, schien im Jahre 1719, am Ende der Anerkennung dieser Tatsache K\u00f6nig. Zu diesem Zeitpunkt wurde das 2. Zeichen eingef\u00fchrt, das aus gelblichen und roten Querstreifen gefaltet ist.<\/p>\n<p style=\"text-align: justify\">Mit dem Zusammenbruch des Kaiserreichs blieb das F\u00fcrstentum zun\u00e4chst im Deutschen Bund und verwendete die 2. Ansicht der Flagge, die auf die erste H\u00e4lfte des 19. Jahrhunderts umgestellt wurde: senkrechte Streifen von Rot und Blau, an deren Ende sich die Verbindungen von \u00d6sterreich-Ungarn, nach dem Weltuntergang, zur Schweiz neu orientierten.<\/p>\n<p style=\"text-align: justify\">Das letzte Aussehen der Tafel existierte bis 1921, zu der Zeit, als die Symbolik erneut ge\u00e4ndert wurde: blaue und rote Querstreifen von einheitlicher Gr\u00f6sse.<\/p>\n<p style=\"text-align: justify\"><span itemprop=\"image\" itemscope itemtype=\"https:\/\/schema.org\/ImageObject\"><img itemprop=\"url image\" loading=\"lazy\" decoding=\"async\" class=\"alignnone size-full wp-image-3592\" src=\"\/wp-content\/uploads\/2021\/01\/flag-of-liechtenstein_3.png\" width=\"500\" height=\"300\" alt=\"Flagge von Liechtenstein-3\" \/><meta itemprop=\"width\" content=\"500\"><meta itemprop=\"height\" content=\"300\"><\/span><\/p>\n<p style=\"text-align: justify\">Im Juni 1937 wurde die Krone in die Flagge der liechtensteinischen Prinzessin aufgenommen.<\/p>\n<p style=\"text-align: justify\"><span itemprop=\"image\" itemscope itemtype=\"https:\/\/schema.org\/ImageObject\"><img itemprop=\"url image\" loading=\"lazy\" decoding=\"async\" class=\"alignnone size-full wp-image-3593\" src=\"\/wp-content\/uploads\/2021\/01\/flag-of-liechtenstein_4.png\" width=\"500\" height=\"300\" alt=\"Flagge von Liechtenstein-4\" \/><meta itemprop=\"width\" content=\"500\"><meta itemprop=\"height\" content=\"300\"><\/span><\/p>\n<p style=\"text-align: justify\">W\u00e4hrend der Olympischen Spiele 1936, pl\u00f6tzlich, Liechtenstein&#8217;s fand eine treue \u00c4hnlichkeit mit Symbolen des Landes Haiti. Sp\u00e4ter wurde die Landesflagge durch ein Kronenbild erg\u00e4nzt.<\/p>\n<p style=\"text-align: justify\">Im Jahr 1982. Es gab eine gewisse Ver\u00e4nderung im Design der Krone &#8211; die moderne Flagge erschien.<\/p>\n<h2 style=\"text-align: justify\">Beschreibung<\/h2>\n<p style=\"text-align: justify\">Das Liechtenstein-Zeichen ist ein Tuch von rechteckiger Form von 2 Hauptfarben, die in Form von einheitlichen horizontalen Streifen sind: blau von oben und rot. L\u00e4nge und Breite stehen in einem Verh\u00e4ltnis von 3 zu 5 zueinander. In der linken oberen Ecke (reitend) ist auf dem blauen Teil ein goldener Kronprinz abgebildet. Es wurde der Flagge in der 2. H\u00e4lfte der 30er Jahre des zwanzigsten Jahrhunderts hinzugef\u00fcgt.<\/p>\n<h2 style=\"text-align: justify\">Farben Flagge von Liechtenstein<\/h2>\n<p style=\"text-align: justify\">Auf der F\u00fcrstentumsflagge werden zwei Hauptfarben verwendet: Blau und Rot, die in der Symbolik Liechtensteins seit dem 17. Jahrhundert verwendet werden, zu der Zeit, als das Land Teil des Heiligen R\u00f6mischen Reiches (1. Reich) war. Zus\u00e4tzlich zu den Grundfarben werden Gelb und Schwarz f\u00fcr das Bild der Krone verwendet.<\/p>\n<h2 style=\"text-align: justify\">Bedeutung von Farben und Flaggenzeichen<\/h2>\n<ol style=\"text-align: justify\">\n<li>Die blaue Farbe auf dem Zeichen Liechtensteins symbolisiert den strahlenden, unerf\u00fcllten Himmel \u00fcber dem F\u00fcrstentum und den Frieden im Land.<\/li>\n<li>Die rote Farbe &#8211; ein Symbol f\u00fcr die wundersch\u00f6nen, bemerkenswerten Sonnenunterg\u00e4nge, die man in den Bergen Liechtensteins sehen kann.<\/li>\n<li>Die goldene Krone steht f\u00fcr die f\u00fcrstliche Macht, die die Herrscherfamilie, das Volk und das Land zu einem Ganzen vereint.<\/li>\n<\/ol>\n<blockquote>\n<p style=\"text-align: justify\">Die rote Farbe auf dem Zeichen des Landes hat die 2. Erkl\u00e4rung &#8211; dies ist die Farbe der Spulen schwelenden im Kamin, die als Symbol der W\u00e4rme, Komfort und Wohlbefinden interpretiert wird.<\/p>\n<\/blockquote>\n<h2 style=\"text-align: justify\">Nicht-spezialisierte Informationen \u00fcber Liechtenstein<\/h2>\n<table>\n<tbody>\n<tr>\n<td>Offizielle Sprache<\/td>\n<td>Deutsch<\/td>\n<\/tr>\n<tr>\n<td>Hauptstadt<\/td>\n<td>Vaduz<\/td>\n<\/tr>\n<tr>\n<td>Territorium<\/td>\n<td>160 km2<\/td>\n<\/tr>\n<tr>\n<td>Einwohnerzahl<\/td>\n<td>38 013 Menschen<\/td>\n<\/tr>\n<tr>\n<td>W\u00e4hrung<\/td>\n<td>Schweizerdeutsch<\/td>\n<\/tr>\n<tr>\n<td>Telefonvorwahl<\/td>\n<td>+423<\/td>\n<\/tr>\n<\/tbody>\n<\/table>\n","protected":false},"excerpt":{"rendered":"<p>F\u00fcrstentum Liechtenstein &#8211; Zwergstaat im Zentrum von Europa, \u00d6sterreich und der Schweiz gelegen. Territorium 160 km2, mit einer Bev\u00f6lkerung von 38 Tausend Menschen. So sieht die moderne Flagge&#8230;<\/p>\n","protected":false},"author":1,"featured_media":5468,"comment_status":"open","ping_status":"open","sticky":false,"template":"","format":"standard","meta":{"footnotes":""},"categories":[3],"tags":[],"class_list":["post-1592","post","type-post","status-publish","format-standard","has-post-thumbnail","","category-flaggen-von-europa"],"aioseo_notices":[],"_links":{"self":[{"href":"https:\/\/flags-world.com\/de\/wp-json\/wp\/v2\/posts\/1592","targetHints":{"allow":["GET"]}}],"collection":[{"href":"https:\/\/flags-world.com\/de\/wp-json\/wp\/v2\/posts"}],"about":[{"href":"https:\/\/flags-world.com\/de\/wp-json\/wp\/v2\/types\/post"}],"author":[{"embeddable":true,"href":"https:\/\/flags-world.com\/de\/wp-json\/wp\/v2\/users\/1"}],"replies":[{"embeddable":true,"href":"https:\/\/flags-world.com\/de\/wp-json\/wp\/v2\/comments?post=1592"}],"version-history":[{"count":0,"href":"https:\/\/flags-world.com\/de\/wp-json\/wp\/v2\/posts\/1592\/revisions"}],"wp:featuredmedia":[{"embeddable":true,"href":"https:\/\/flags-world.com\/de\/wp-json\/wp\/v2\/media\/5468"}],"wp:attachment":[{"href":"https:\/\/flags-world.com\/de\/wp-json\/wp\/v2\/media?parent=1592"}],"wp:term":[{"taxonomy":"category","embeddable":true,"href":"https:\/\/flags-world.com\/de\/wp-json\/wp\/v2\/categories?post=1592"},{"taxonomy":"post_tag","embeddable":true,"href":"https:\/\/flags-world.com\/de\/wp-json\/wp\/v2\/tags?post=1592"}],"curies":[{"name":"wp","href":"https:\/\/api.w.org\/{rel}","templated":true}]}}