{"id":1566,"date":"2021-01-04T17:18:13","date_gmt":"2021-01-04T14:18:13","guid":{"rendered":"https:\/\/flags-world.com\/de\/2021\/01\/04\/flagge-von-spanien-farbe-und-bedeutung\/"},"modified":"2021-01-04T17:18:13","modified_gmt":"2021-01-04T14:18:13","slug":"flagge-von-spanien-farbe-und-bedeutung","status":"publish","type":"post","link":"https:\/\/flags-world.com\/de\/flagge-von-spanien-farbe-und-bedeutung\/","title":{"rendered":"Flagge von Spanien: Farbe und Bedeutung"},"content":{"rendered":"<p style=\"text-align: justify\">Flagge von Spanien &#8211; das bekannteste Zeichen des Landes. Die Geschichte seiner Entstehung ist untrennbar mit der Geschichte des Landes selbst verbunden. Die spanische Flagge hat eine gro\u00dfe Anzahl von Konfigurationen durchlaufen und wurde Zeuge vieler Stadtumst\u00fcrze, bevor sie sich in der Flagge wiederfand, die uns heute so gut bekannt ist und den wunderbaren Namen Rhiguhald tr\u00e4gt.<\/p>\n<p style=\"text-align: justify\">So sieht die moderne Flagge Spaniens aus:<\/p>\n<p style=\"text-align: justify\"><span itemprop=\"image\" itemscope itemtype=\"https:\/\/schema.org\/ImageObject\"><img itemprop=\"url image\" loading=\"lazy\" decoding=\"async\" class=\"alignnone wp-image-3529\" src=\"\/wp-content\/uploads\/2021\/01\/flag-of-spain_1.png\" width=\"500\" height=\"333\" alt=\"Flagge von Spanien-1\" \/><meta itemprop=\"width\" content=\"500\"><meta itemprop=\"height\" content=\"333\"><\/span><\/p>\n<h2 style=\"text-align: justify\">Geschichte Flagge von Spanien<\/h2>\n<p style=\"text-align: justify\">Die ersten Flaggen, die auf dem Boden des modernen Spaniens wehten, geh\u00f6rten den t\u00e4uschenden Muslimen und Kreuzrittern. Damals dienten die Flaggen dazu, die pers\u00f6nlichen Armeen der Herrscher oder Senatoren zu kennzeichnen. Sie waren kein Zeichen f\u00fcr die Zivilisation der Spanier, sondern dienten als Ansto\u00df f\u00fcr die Idee, eine nationale Flagge zu schaffen.<\/p>\n<p style=\"text-align: justify\">Im shehetadenth Jahrhundert, K\u00f6nigin Kastilien Juan I heiraten Philip Beautiful, Ertzgezzog \u00d6sterreich, Zu Ehren dieser Tat, die 1. spanische Flagge erscheint &#8211; ein rotes Burgunder-Kreuz auf einem wei\u00dfen Hintergrund. Er symbolisiert die Kastilien-Kombination &#8211; das wei\u00dfe Feld und die k\u00f6nigliche branchy, nicht z\u00e4hlend dies ist die p\u00e4diatrische genannt, Kreuz. Dieses Design blieb, mit kleinen \u00c4nderungen, bis 1713 ein Zeichen Spaniens, zu der Zeit, als der Staat begann, von der Familie Bourbon regiert zu werden.<\/p>\n<p style=\"text-align: justify\"><span itemprop=\"image\" itemscope itemtype=\"https:\/\/schema.org\/ImageObject\"><img itemprop=\"url image\" loading=\"lazy\" decoding=\"async\" class=\"alignnone wp-image-3530\" src=\"\/wp-content\/uploads\/2021\/01\/flag-of-spain_2.png\" width=\"500\" height=\"333\" alt=\"Flagge von Spanien-2\" \/><meta itemprop=\"width\" content=\"500\"><meta itemprop=\"height\" content=\"333\"><\/span><\/p>\n<p style=\"text-align: justify\">Das Klettern auf Tron Philipp V., dem ersten Vertreter der bourbonischen Familie in Spanien, ver\u00e4ndert das Bild auf der Flagge radikal. Auf einer wei\u00dfen Farbe befindet sich das generische Wappen der Bourbonen, die gleiche Flagge hatten auch die Burbonen in Frankreich.<\/p>\n<p style=\"text-align: justify\"><span itemprop=\"image\" itemscope itemtype=\"https:\/\/schema.org\/ImageObject\"><img itemprop=\"url image\" loading=\"lazy\" decoding=\"async\" class=\"alignnone wp-image-3531\" src=\"\/wp-content\/uploads\/2021\/01\/flag-of-spain_3.png\" width=\"500\" height=\"334\" alt=\"Flagge von Spanien-3\" \/><meta itemprop=\"width\" content=\"500\"><meta itemprop=\"height\" content=\"334\"><\/span><\/p>\n<ul>\n<li style=\"text-align: justify\">Burbonische Flagge 1701 &#8211; 1760<\/li>\n<\/ul>\n<p style=\"text-align: justify\"><span itemprop=\"image\" itemscope itemtype=\"https:\/\/schema.org\/ImageObject\"><img itemprop=\"url image\" loading=\"lazy\" decoding=\"async\" class=\"alignnone wp-image-3532\" src=\"\/wp-content\/uploads\/2021\/01\/flag-of-spain_4.png\" width=\"500\" height=\"333\" alt=\"Flagge von Spanien-4\" \/><meta itemprop=\"width\" content=\"500\"><meta itemprop=\"height\" content=\"333\"><\/span><\/p>\n<ul>\n<li style=\"text-align: justify\">Burbonische Flagge 1760-1785<\/li>\n<\/ul>\n<p style=\"text-align: justify\">Nahe an der modernen Ansicht der spanischen Flagge wurde aus 12 Entw\u00fcrfen auf Antrag von K\u00f6nig Karl III im Jahr 1785 gemacht. Zu dieser Zeit war Spanien noch unter der Kontrolle der Bourbonen, und alle L\u00e4nder unter ihrer Herrschaft, Frankreich, Parma, Toskana, zwei Sizilien, hatte eine eint\u00f6nige Art der Flagge: wei\u00df, mit Bourbon Wappen in der Mitte. Es schuf eine gro\u00dfe Sache, um das Meer, weil von einer gro\u00dfen Entfernung gab es keine M\u00f6glichkeit zu unterscheiden &#8211; wer speziell liefert das Schiff.<\/p>\n<p style=\"text-align: justify\">Am 28. Mai 1785 schrieb Karl III. einen Wettbewerb f\u00fcr die beste Entwicklung der Flagge f\u00fcr Milit\u00e4r- und Handelsschiffe aus. Spanier herausfinden, diesen Tag &#8211; den Tag der eigenen kommunalen Flagge.<\/p>\n<p style=\"text-align: justify\"><span itemprop=\"image\" itemscope itemtype=\"https:\/\/schema.org\/ImageObject\"><img itemprop=\"url image\" loading=\"lazy\" decoding=\"async\" class=\"alignnone size-full wp-image-3533\" src=\"\/wp-content\/uploads\/2021\/01\/flag-of-spain_5.png\" width=\"500\" height=\"333\" alt=\"Flagge von Spanien-5\" \/><meta itemprop=\"width\" content=\"500\"><meta itemprop=\"height\" content=\"333\"><\/span><\/p>\n<blockquote>\n<p style=\"text-align: justify\">Tats\u00e4chlich existierte die Flagge in dieser Form bis 1931.<\/p>\n<\/blockquote>\n<p style=\"text-align: justify\">In der ersten H\u00e4lfte der 30er Jahre des zwanzigsten Jahrhunderts, im Zusammenhang mit der Ausrufung der republikanischen Herrschaft, wurde die aktuelle Flagge Spaniens annulliert und durch eine Variante mit 3 Streifen ersetzt: rot, gelblich und violett, \u00e4hnlich breit. Nach acht Jahren, am Ende des B\u00fcrgerkriegs, wurde die Republik gest\u00fcrzt, und die alte Flagge kehrte in den Alltag zur\u00fcck.<\/p>\n<p style=\"text-align: justify\"><span itemprop=\"image\" itemscope itemtype=\"https:\/\/schema.org\/ImageObject\"><img itemprop=\"url image\" loading=\"lazy\" decoding=\"async\" class=\"alignnone size-full wp-image-3534\" src=\"\/wp-content\/uploads\/2021\/01\/flag-of-spain_6.png\" width=\"500\" height=\"300\" alt=\"Flagge von Spanien-6\" \/><meta itemprop=\"width\" content=\"500\"><meta itemprop=\"height\" content=\"300\"><\/span><\/p>\n<p style=\"text-align: justify\">Es ist erw\u00e4hnenswert, zu der Zeit, zu dieser Zeit, zu einer Zeit, als Spanien &#8222;unter den Fittichen&#8220; des Diktators Francisco Franco war. Von 1938 bis 1981 war ein schwarzer Adler auf der Flagge Spaniens zu sehen, der das Wappen von 2 Seiten mit seinen gro\u00dfen Fl\u00fcgeln umgab. Es war eine schwere Last, zu der Zeit, als das nationalistische Regime dem ganzen Land sagte.<\/p>\n<p><span itemprop=\"image\" itemscope itemtype=\"https:\/\/schema.org\/ImageObject\"><img itemprop=\"url image\" loading=\"lazy\" decoding=\"async\" class=\"alignnone size-full wp-image-3535\" src=\"\/wp-content\/uploads\/2021\/01\/flag-of-spain_7.png\" width=\"500\" height=\"333\" alt=\"Flagge von Spanien-7\" \/><meta itemprop=\"width\" content=\"500\"><meta itemprop=\"height\" content=\"333\"><\/span><\/p>\n<ul>\n<li>Flagge von Spanien mit schwarzem Adler 1938-1945<\/li>\n<\/ul>\n<p><span itemprop=\"image\" itemscope itemtype=\"https:\/\/schema.org\/ImageObject\"><img itemprop=\"url image\" loading=\"lazy\" decoding=\"async\" class=\"alignnone size-full wp-image-3536\" src=\"\/wp-content\/uploads\/2021\/01\/flag-of-spain_8.png\" width=\"500\" height=\"333\" alt=\"Flagge von Spanien-8\" \/><meta itemprop=\"width\" content=\"500\"><meta itemprop=\"height\" content=\"333\"><\/span><\/p>\n<ul>\n<li>Flagge von Spanien mit schwarzem Adler 1945 &#8211; 1977<\/li>\n<\/ul>\n<p><span itemprop=\"image\" itemscope itemtype=\"https:\/\/schema.org\/ImageObject\"><img itemprop=\"url image\" loading=\"lazy\" decoding=\"async\" class=\"alignnone size-full wp-image-3537\" src=\"\/wp-content\/uploads\/2021\/01\/flag-of-spain_9.png\" width=\"500\" height=\"333\" alt=\"Flagge von Spanien-9\" \/><meta itemprop=\"width\" content=\"500\"><meta itemprop=\"height\" content=\"333\"><\/span><\/p>\n<ul>\n<li>Flagge von Spanien mit schwarzem Adler 1977-1981<\/li>\n<\/ul>\n<p style=\"text-align: justify\">In den Jahren und der 80er H\u00e4lfte des zwanzigsten Jahrhunderts, fiel der Adler \u00fcber den Boden von der spanischen Staatsflagge, Franco starb, und der K\u00f6nig von Spanien wurde Juan Carlos. Er \u00fcberf\u00fchrte das Land in ein demokratisches Regime mit einer parlamentarischen Demokratie und einer konstitutionellen Monarchie und f\u00fchrte eine rot-gelb-rote Flagge mit einem gekr\u00f6nten Wappen ein, oval mit Lilien in der Mitte und dicht gedr\u00e4ngten Kronens\u00e4ulen an den R\u00e4ndern.<\/p>\n<p style=\"text-align: justify\">Die moderne Ansicht der Flagge Spaniens mit dem Wappen wurde am 19. Dezember 1981 offiziell angenommen. Sie wird an Land und auf See als Staats-, Milit\u00e4r- und Zivilflagge verwendet. Die Staatsflagge muss ein Abbild des Staatswappens haben, bei der Zivilflagge ist das gew\u00fcnschte Vorhandensein des Wappens nicht unbedingt gegeben, aber in der Praxis wird die Flagge mit dem Wappen \u00fcberall verwendet.<\/p>\n<h2 style=\"text-align: justify\">Beschreibung<\/h2>\n<p style=\"text-align: justify\">Die Verfassung Spaniens enth\u00e4lt offizielle Vorschriften \u00fcber die Art der spanischen Flagge, die am 19. Dezember 1981 eingef\u00fchrt wurden: &#8222;Die Flagge Spaniens ist aus drei horizontalen Streifen gefaltet: rot, gelb und rot, zusammen mit diesem gelben Streifen doppelt &#8211; weitl\u00e4ufig jeder rote Streifen. Sie sollte Symbole des Staatswappens enthalten, die in einem Abstand von 1\/3 des Fahnenmastes angebracht sind.<\/p>\n<blockquote>\n<p style=\"text-align: justify\">Auf der modernen Flagge Spaniens sind drei horizontale Streifen abgebildet: Gelb und zwei rote. Gelb ist in der Mitte und doppelt so breit wie die roten Streifen, die die Flagge von oben und unten einrahmen. Der Stoff der Flagge hat eine rechteckige Form, seine Teile sind im Verh\u00e4ltnis 2:3 angepasst.<\/p>\n<\/blockquote>\n<p style=\"text-align: justify\">Es gibt zwei Versionen der Flagge Spaniens: die leichte und die vollst\u00e4ndige Version. Eine leichte Version der Flagge, ohne Wappen, wird als Zivilflagge verwendet. In der Tat, alle Fischerboote, Passagierf\u00e4hren, Einkaufsschiffe und Colliers von Spanien haben eine Version der Flagge ohne das Wappen. Aber st\u00e4dtische Einrichtungen und Mitglieder der Verwaltung sollte die vollst\u00e4ndige Version der Flagge in und au\u00dferhalb der Struktur des Gremiums, an milit\u00e4rischen Einrichtungen, und auf pers\u00f6nlichen Wohnsitzen der Kapitel und ihre Fahrzeuge Post.<\/p>\n<p style=\"text-align: justify\">Die Abbildung des Wappens sollte auf beiden Seiten der Fahne auf die gleiche Weise angebracht werden. Es sollte von der Seite des Aufzugs sowohl mit Gesicht als auch von der falschen Seite sein. Auf der Vorderseite befindet sich ein regelm\u00e4\u00dfiges Bild des Wappens, auf der gegen\u00fcberliegenden Seite ist ein Spiegelbild und eine umgekehrte Aufschrift Maiden zu sehen.<\/p>\n<p style=\"text-align: justify\">Es kann auch ein vertikales Bild der Flagge geben: in der Hafenstadt Los Cristianos, La Homer (Kanarische Inseln), h\u00e4ngt die Flagge mit den Proportionen 3: 1, vertikal geteilt rot-gelb-rot gestreift. Das Bild wurde von Claus-Michael Schneider erstellt und am 10. M\u00e4rz 2010 ver\u00f6ffentlicht.<\/p>\n<blockquote>\n<p style=\"text-align: justify\">Die dreschende spanische Flagge wird auf der Plaza de Colon (Platzname Kolumbus) im Zentrum von Madrid im Oktober 2002 ausgestellt. Seine Abmessungen: 14 Meter in der Breite und 21 Meter in der L\u00e4nge. Die Fl\u00e4che der Tafel betr\u00e4gt 264 Quadratmeter.<\/p>\n<\/blockquote>\n<h2 style=\"text-align: justify\">Farben Flagge von Spanien<\/h2>\n<p style=\"text-align: justify\">Die anf\u00e4nglichen Entw\u00fcrfe der modernen Flagge hatten Optionen von Rot, Gelb, Wei\u00df und Blau. Es gibt eine Weltanschauung, dass die gelben und roten Farben gew\u00e4hlt wurden, um die heraldischen Farben des spanischen Wappens beizubehalten. Aber vielleicht wurde die Wahl damals von den Kosten und der Verf\u00fcgbarkeit von Rohstoffen zum F\u00e4rben beeinflusst.<\/p>\n<p style=\"text-align: justify\">Im Volk wurde die Flagge &#8222;Rohigualda&#8220; gemalt, dieses Wort ist aus 2 Teilen gefaltet: ROJO zeigt &#8222;Rot&#8220;. Und hier ist der 2. Teil des Wortes &#8211; zeigt eine gelbe Farbe &#8211; Amarillo, und Gualda &#8211; spanischer Kr\u00e4utername. Das Chassis wurde speziell angebaut, um die Stoffe in einer ungew\u00f6hnlichen goldgelben Farbe zu f\u00e4rben und der Saft dieser Pflanze f\u00e4rbte die ersten spanischen Flaggen und wurde Teil seines popul\u00e4ren Namens.<\/p>\n<h2 style=\"text-align: justify\">Bedeutung der Farben und des Flaggenzeichens<\/h2>\n<p style=\"text-align: justify\">Es gibt eine Legende, dass zu der Zeit, als die Herren den Ersatz der alten Flagge w\u00e4hlten, er eine goldene Version des Banners w\u00e4hlte, die die Fruchtbarkeit der spanischen Felder symbolisierte. Aber da der Herrscher ein leidenschaftlicher Fan der Corrida war, war er darauf aus, dieses gute spanische Spiel zu erobern und gab den Dienern den Befehl, ihm einen Becher mit Stierblut zu bringen, um zwei rote Streifen zu zeichnen, die das in der Arena vergossene Blut symbolisieren sollten. So bekam die spanische Flagge ein pers\u00f6nliches, echtes Aussehen.<\/p>\n<p style=\"text-align: justify\">Auf dem Wappen des Landes, fanden sie eine pers\u00f6nliche Reflexion der territorialen Teile von Spanien: Kastilien ist in Form einer steinernen Burg dargestellt, Leon, Asturien und Galicien in Form eines L\u00f6wen, Aragonien, Katalonien und die Balearen sind in Form von rot-gelben L\u00e4ngsstreifen dargestellt, Eisenketten sind Navarro. Auf dem Wappen ist der Granatapfel nicht mitgerechnet &#8211; er ist das Symbol von Andalusien, wo die ber\u00fchmtesten spanischen Granaten wachsen.<\/p>\n<blockquote>\n<p style=\"text-align: justify\">W\u00e4hrend des Senkens und Hissens der Flagge, in der Tat, zumindest das, was Zeit der Hymne erf\u00fcllt ist, die Partitur von denen wurde von Karl III Preu\u00dfenk\u00f6nig Friedrich Great pr\u00e4sentiert.<\/p>\n<\/blockquote>\n<p style=\"text-align: justify\">Die spanische Flagge hat eine lange Geschichte \u00fcberlebt und wurde zum Zeichen der Siege und Niederlagen des Landes. Er liebt sein Volk und die B\u00fcrger Spaniens geh\u00f6ren mit Stolz und Respekt zu dem Symbol seiner eigenen staatlichen Einheit.<\/p>\n<h2 style=\"text-align: justify\">Nicht-spezialisierte Informationen \u00fcber Spanien<\/h2>\n<table style=\"width: 100%;height: 144px\">\n<tbody>\n<tr style=\"height: 24px;text-align: justify\">\n<td style=\"height: 24px\">Offizielle Sprache<\/td>\n<td style=\"height: 24px\">Spanisch<\/td>\n<\/tr>\n<tr style=\"height: 24px;text-align: justify\">\n<td style=\"height: 24px\">Hauptstadt<\/td>\n<td style=\"height: 24px\">Madrid<\/td>\n<\/tr>\n<tr style=\"height: 24px;text-align: justify\">\n<td style=\"height: 24px\">Hoheitsgebiet<\/td>\n<td style=\"height: 24px\">505 990 km2<\/td>\n<\/tr>\n<tr style=\"height: 24px;text-align: justify\">\n<td style=\"height: 24px\">Bev\u00f6lkerung<\/td>\n<td style=\"height: 24px\">46 714 997 Menschen<\/td>\n<\/tr>\n<tr style=\"height: 24px;text-align: justify\">\n<td style=\"height: 24px\">W\u00e4hrung<\/td>\n<td style=\"height: 24px\">Euro (EUR, Code 978)<\/td>\n<\/tr>\n<tr style=\"height: 24px\">\n<td style=\"height: 24px;text-align: justify\">Telefonvorwahl<\/td>\n<td style=\"height: 24px;text-align: justify\">+34<\/td>\n<\/tr>\n<\/tbody>\n<\/table>\n","protected":false},"excerpt":{"rendered":"<p>Flagge von Spanien &#8211; das bekannteste Zeichen des Landes. Die Geschichte seiner Entstehung ist untrennbar mit der Geschichte des Landes selbst verbunden. Die spanische Flagge hat eine gro\u00dfe&#8230;<\/p>\n","protected":false},"author":1,"featured_media":5512,"comment_status":"open","ping_status":"open","sticky":false,"template":"","format":"standard","meta":{"footnotes":""},"categories":[3],"tags":[],"class_list":["post-1566","post","type-post","status-publish","format-standard","has-post-thumbnail","","category-flaggen-von-europa"],"aioseo_notices":[],"_links":{"self":[{"href":"https:\/\/flags-world.com\/de\/wp-json\/wp\/v2\/posts\/1566","targetHints":{"allow":["GET"]}}],"collection":[{"href":"https:\/\/flags-world.com\/de\/wp-json\/wp\/v2\/posts"}],"about":[{"href":"https:\/\/flags-world.com\/de\/wp-json\/wp\/v2\/types\/post"}],"author":[{"embeddable":true,"href":"https:\/\/flags-world.com\/de\/wp-json\/wp\/v2\/users\/1"}],"replies":[{"embeddable":true,"href":"https:\/\/flags-world.com\/de\/wp-json\/wp\/v2\/comments?post=1566"}],"version-history":[{"count":0,"href":"https:\/\/flags-world.com\/de\/wp-json\/wp\/v2\/posts\/1566\/revisions"}],"wp:featuredmedia":[{"embeddable":true,"href":"https:\/\/flags-world.com\/de\/wp-json\/wp\/v2\/media\/5512"}],"wp:attachment":[{"href":"https:\/\/flags-world.com\/de\/wp-json\/wp\/v2\/media?parent=1566"}],"wp:term":[{"taxonomy":"category","embeddable":true,"href":"https:\/\/flags-world.com\/de\/wp-json\/wp\/v2\/categories?post=1566"},{"taxonomy":"post_tag","embeddable":true,"href":"https:\/\/flags-world.com\/de\/wp-json\/wp\/v2\/tags?post=1566"}],"curies":[{"name":"wp","href":"https:\/\/api.w.org\/{rel}","templated":true}]}}